{"id":305408,"date":"2017-01-04T00:10:58","date_gmt":"2017-01-04T06:10:58","guid":{"rendered":"http:\/\/www.diarioimagen.net\/?p=305408"},"modified":"2017-01-05T02:24:37","modified_gmt":"2017-01-05T08:24:37","slug":"educacion-herramienta-para-el-desarrollo-del-edomex","status":"publish","type":"post","link":"https:\/\/www.diarioimagen.net\/?p=305408","title":{"rendered":"Educaci\u00f3n, herramienta para el desarrollo del estado"},"content":{"rendered":"<ul>\n<li><strong><em>Balance de acciones estrat\u00e9gicas<\/em><\/strong><\/li>\n<\/ul>\n<p>&nbsp;<\/p>\n<div id=\"attachment_305409\" style=\"width: 470px\" class=\"wp-caption aligncenter\"><a href=\"http:\/\/www.diarioimagen.net\/?attachment_id=305409\" rel=\"attachment wp-att-305409\"><img loading=\"lazy\" decoding=\"async\" aria-describedby=\"caption-attachment-305409\" class=\"wp-image-305409 size-large\" src=\"http:\/\/www.diarioimagen.net\/wp-content\/uploads\/2017\/01\/EDUCACION4a-portal-460x268.jpg\" width=\"460\" height=\"268\" srcset=\"https:\/\/www.diarioimagen.net\/wp-content\/uploads\/2017\/01\/EDUCACION4a-portal-460x268.jpg 460w, https:\/\/www.diarioimagen.net\/wp-content\/uploads\/2017\/01\/EDUCACION4a-portal-240x140.jpg 240w, https:\/\/www.diarioimagen.net\/wp-content\/uploads\/2017\/01\/EDUCACION4a-portal.jpg 480w\" sizes=\"auto, (max-width: 460px) 100vw, 460px\" \/><\/a><p id=\"caption-attachment-305409\" class=\"wp-caption-text\">Ana Lilia Herrera Anzaldo hizo un balance de las acciones estrat\u00e9gicas impulsadas por el gobernador Eruviel \u00c1vila.<\/p><\/div>\n<p>&nbsp;<\/p>\n<p><strong>Toluca, Estado de M\u00e9xico<\/strong>.- El trabajo interinstitucional ha dado grandes resultados en materia educativa, expres\u00f3 la secretaria de Educaci\u00f3n, Ana Lilia Herrera Anzaldo, al hacer un balance de las acciones estrat\u00e9gicas impulsadas por el gobernador Eruviel \u00c1vila Villegas para mejorar la calidad de vida de las familias.<\/p>\n<p>En reuni\u00f3n con reporteros de la fuente educativa, la secretaria Ana Lilia Herrera afirm\u00f3 que \u00e9sta es un \u00e1rea que el gobierno del Estado ha privilegiado desde el primer d\u00eda de la administraci\u00f3n, por lo que se han aperturado mil 44 nuevos servicios educativos, de los cuales 421 corresponden a educaci\u00f3n b\u00e1sica, 604 a educaci\u00f3n media superior y 19 a educaci\u00f3n superior, mismos que benefician a 72 mil 412 alumnos. Herrera Anzaldo inform\u00f3 que durante 2017 se fortalecer\u00e1n los est\u00edmulos\u00a0 econ\u00f3micos para que los j\u00f3venes sigan estudiando; ejemplo de ello ser\u00e1n las becas denominadas El Valor de Permanecer, dirigidas a estudiantes de tercer a\u00f1o de secundaria en riesgo de abandonar sus estudios por falta de recursos; o las Becas para J\u00f3venes Constructores de Paz, centrada en la promoci\u00f3n de los valores y la convivencia escolar arm\u00f3nica.<\/p>\n<p>La titular de Educaci\u00f3n asegur\u00f3 que este ciclo escolar el Estado de M\u00e9xico se consolid\u00f3 como el que m\u00e1s apoyos otorga a sus estudiantes, y afirm\u00f3 que la entidad se est\u00e1 colocando a la vanguardia con instituciones de gran calidad acad\u00e9mica.<\/p>\n","protected":false},"excerpt":{"rendered":"<p>El trabajo interinstitucional ha dado grandes resultados en materia educativa, expres\u00f3 la secretaria de Educaci\u00f3n, Ana Lilia Herrera Anzaldo, al hacer un balance de las acciones estrat\u00e9gicas impulsadas por el gobernador Eruviel \u00c1vila Villegas para mejorar la calidad de vida de las familias.<\/p>\n","protected":false},"author":5,"featured_media":305409,"comment_status":"open","ping_status":"open","sticky":false,"template":"","format":"standard","meta":{"_monsterinsights_skip_tracking":false,"_monsterinsights_sitenote_active":false,"_monsterinsights_sitenote_note":"","_monsterinsights_sitenote_category":0,"footnotes":""},"categories":[5],"tags":[3314,43694,5828,43675,452],"class_list":["post-305408","post","type-post","status-publish","format-standard","has-post-thumbnail","hentry","category-estado-de-mexico","tag-ana-lilia-herrera-anzaldo","tag-educacion","tag-eruviel-avila-villegas","tag-estado-de-mexico","tag-toluca"],"_links":{"self":[{"href":"https:\/\/www.diarioimagen.net\/index.php?rest_route=\/wp\/v2\/posts\/305408","targetHints":{"allow":["GET"]}}],"collection":[{"href":"https:\/\/www.diarioimagen.net\/index.php?rest_route=\/wp\/v2\/posts"}],"about":[{"href":"https:\/\/www.diarioimagen.net\/index.php?rest_route=\/wp\/v2\/types\/post"}],"author":[{"embeddable":true,"href":"https:\/\/www.diarioimagen.net\/index.php?rest_route=\/wp\/v2\/users\/5"}],"replies":[{"embeddable":true,"href":"https:\/\/www.diarioimagen.net\/index.php?rest_route=%2Fwp%2Fv2%2Fcomments&post=305408"}],"version-history":[{"count":0,"href":"https:\/\/www.diarioimagen.net\/index.php?rest_route=\/wp\/v2\/posts\/305408\/revisions"}],"wp:featuredmedia":[{"embeddable":true,"href":"https:\/\/www.diarioimagen.net\/index.php?rest_route=\/wp\/v2\/media\/305409"}],"wp:attachment":[{"href":"https:\/\/www.diarioimagen.net\/index.php?rest_route=%2Fwp%2Fv2%2Fmedia&parent=305408"}],"wp:term":[{"taxonomy":"category","embeddable":true,"href":"https:\/\/www.diarioimagen.net\/index.php?rest_route=%2Fwp%2Fv2%2Fcategories&post=305408"},{"taxonomy":"post_tag","embeddable":true,"href":"https:\/\/www.diarioimagen.net\/index.php?rest_route=%2Fwp%2Fv2%2Ftags&post=305408"}],"curies":[{"name":"wp","href":"https:\/\/api.w.org\/{rel}","templated":true}]}}