{"id":305427,"date":"2017-01-03T23:55:21","date_gmt":"2017-01-04T05:55:21","guid":{"rendered":"http:\/\/www.diarioimagen.net\/?p=305427"},"modified":"2017-01-03T23:59:41","modified_gmt":"2017-01-04T05:59:41","slug":"el-director-jeffrey-hayden-pierde-batalla-contra-el-cancer","status":"publish","type":"post","link":"https:\/\/www.diarioimagen.net\/?p=305427","title":{"rendered":"El director Jeffrey Hayden pierde batalla contra el c\u00e1ncer"},"content":{"rendered":"<ul>\n<li><em><strong>Fue responsable de series como <\/strong><\/em><strong>\u201cEl incre\u00edble Hulk\u201d,<\/strong> <strong>\u201cLassie\u201d, \u201cBatman\u201d, \u201cEl auto incre\u00edble<\/strong><em><strong>\u201d y otras<\/strong><\/em><\/li>\n<\/ul>\n<p>&nbsp;<\/p>\n<div id=\"attachment_305428\" style=\"width: 470px\" class=\"wp-caption aligncenter\"><a href=\"http:\/\/www.diarioimagen.net\/?attachment_id=305428\" rel=\"attachment wp-att-305428\"><img loading=\"lazy\" decoding=\"async\" aria-describedby=\"caption-attachment-305428\" class=\"size-large wp-image-305428\" src=\"http:\/\/www.diarioimagen.net\/wp-content\/uploads\/2017\/01\/jeffrey01-PORTAL-460x268.jpg\" alt=\"\" width=\"460\" height=\"268\" srcset=\"https:\/\/www.diarioimagen.net\/wp-content\/uploads\/2017\/01\/jeffrey01-PORTAL-460x268.jpg 460w, https:\/\/www.diarioimagen.net\/wp-content\/uploads\/2017\/01\/jeffrey01-PORTAL-240x140.jpg 240w, https:\/\/www.diarioimagen.net\/wp-content\/uploads\/2017\/01\/jeffrey01-PORTAL.jpg 480w\" sizes=\"auto, (max-width: 460px) 100vw, 460px\" \/><\/a><p id=\"caption-attachment-305428\" class=\"wp-caption-text\">Despu\u00e9s de un a\u00f1o en tratamiento contra el c\u00e1ncer, el artista se rinde y pasa a mejor vida.<\/p><\/div>\n<p>&nbsp;<\/p>\n<p>El director, productor y escritor de televisi\u00f3n y teatro, Jeffrey Hayden, muri\u00f3 de c\u00e1ncer, seg\u00fan anunci\u00f3 su publicista Jeff Sanderson.<\/p>\n<p>El portal The Hollywood Reporter detall\u00f3 que el cineasta falleci\u00f3 la noche del 24 de diciembre en su hogar en Los \u00c1ngeles, California, despu\u00e9s de un a\u00f1o en tratamiento contra esa enfermedad. Nacido en Nueva York el 15 de octubre de 1926, comenz\u00f3 su carrera en NBC, para los que dirigi\u00f3 los primeros especiales a color, y luego trabaj\u00f3 en la cadena televisiva ABC como director asociado. En 1954 fue elegido por el productor Fred Coe para unirse al equipo de The Philco Television Playhouse, una de las transmisoras de dramas de televisi\u00f3n en vivo m\u00e1s reconocidas y en donde trabaj\u00f3 con estrellas como James Dean, Walter Matthau y Paul Newman.<\/p>\n<p>Adem\u00e1s de escribir y dirigir, tambi\u00e9n produjo con su esposa, la actriz Eva Marie Saint, los documentales para la cadena de televisi\u00f3n p\u00fablica PBS \u201cPrimary colors: the story of Corita\u201d, que ella narr\u00f3, y \u201cChildren in america\u2019s schools\u201d con Bill Moyers. En televisi\u00f3n dirigi\u00f3 importantes series como \u201cEl incre\u00edble Hulk\u201d, \u201cEl show de Andy Griffith\u201d, \u201cD\u00e9jaselo a Beaver\u201d, \u201cLassie\u201d, \u201cBatman\u201d, \u201cEl show de Donna Reed\u201d, \u201cMagnum P. I.\u201d y \u201cEl auto incre\u00edble\u201d (Knight rider), entre otras. Tambi\u00e9n dirigi\u00f3 el filme \u201cThe Vintage\u201d. En teatro, adem\u00e1s, dirigi\u00f3 varias obras como \u201cCartas de amor\u201d y \u201cOn the divide\u201d en las que particip\u00f3 su esposa, actriz ganadora del Oscar, al igual que en series de televisi\u00f3n como \u201c\u00d3mnibus\u201d.<\/p>\n<p>Jeffrey Hayden fue un miembro activo del Actors Studio en Los \u00c1ngeles y form\u00f3 parte del primer Comit\u00e9 de Derechos Creativos del Gremio de Directores de Am\u00e9rica, en el que colabor\u00f3 para la creaci\u00f3n de la Ley de Derechos Creativos. Se le otorg\u00f3 el t\u00edtulo honorario de Doctor en Bellas Artes por las universidades de Bowling Green State y de Carolina del Norte, adem\u00e1s de ser profesor en varias instituciones acad\u00e9micas. Si bien la muerte del director fue la vispera de Navidad, la familia y cercanos decidieron dar a conocer la noticia hasta esta primera semana de enero.<\/p>\n","protected":false},"excerpt":{"rendered":"<p>El director, productor y escritor de televisi\u00f3n y teatro, Jeffrey Hayden, muri\u00f3 de c\u00e1ncer, seg\u00fan anunci\u00f3 su publicista Jeff Sanderson.<\/p>\n","protected":false},"author":5,"featured_media":305428,"comment_status":"open","ping_status":"open","sticky":false,"template":"","format":"standard","meta":{"_monsterinsights_skip_tracking":false,"_monsterinsights_sitenote_active":false,"_monsterinsights_sitenote_note":"","_monsterinsights_sitenote_category":0,"footnotes":""},"categories":[17,12],"tags":[674,1466,43682],"class_list":["post-305427","post","type-post","status-publish","format-standard","has-post-thumbnail","hentry","category-especiales","category-espectaculos","tag-batman","tag-cancer","tag-espectaculos"],"_links":{"self":[{"href":"https:\/\/www.diarioimagen.net\/index.php?rest_route=\/wp\/v2\/posts\/305427","targetHints":{"allow":["GET"]}}],"collection":[{"href":"https:\/\/www.diarioimagen.net\/index.php?rest_route=\/wp\/v2\/posts"}],"about":[{"href":"https:\/\/www.diarioimagen.net\/index.php?rest_route=\/wp\/v2\/types\/post"}],"author":[{"embeddable":true,"href":"https:\/\/www.diarioimagen.net\/index.php?rest_route=\/wp\/v2\/users\/5"}],"replies":[{"embeddable":true,"href":"https:\/\/www.diarioimagen.net\/index.php?rest_route=%2Fwp%2Fv2%2Fcomments&post=305427"}],"version-history":[{"count":0,"href":"https:\/\/www.diarioimagen.net\/index.php?rest_route=\/wp\/v2\/posts\/305427\/revisions"}],"wp:featuredmedia":[{"embeddable":true,"href":"https:\/\/www.diarioimagen.net\/index.php?rest_route=\/wp\/v2\/media\/305428"}],"wp:attachment":[{"href":"https:\/\/www.diarioimagen.net\/index.php?rest_route=%2Fwp%2Fv2%2Fmedia&parent=305427"}],"wp:term":[{"taxonomy":"category","embeddable":true,"href":"https:\/\/www.diarioimagen.net\/index.php?rest_route=%2Fwp%2Fv2%2Fcategories&post=305427"},{"taxonomy":"post_tag","embeddable":true,"href":"https:\/\/www.diarioimagen.net\/index.php?rest_route=%2Fwp%2Fv2%2Ftags&post=305427"}],"curies":[{"name":"wp","href":"https:\/\/api.w.org\/{rel}","templated":true}]}}