{"id":305434,"date":"2017-01-04T00:08:27","date_gmt":"2017-01-04T06:08:27","guid":{"rendered":"http:\/\/www.diarioimagen.net\/?p=305434"},"modified":"2017-01-03T22:31:14","modified_gmt":"2017-01-04T04:31:14","slug":"disney-revela-imagen-oficial-de-coco","status":"publish","type":"post","link":"https:\/\/www.diarioimagen.net\/?p=305434","title":{"rendered":"Disney revela imagen oficial de \u201cCoco\u201d"},"content":{"rendered":"<ul>\n<li><em><strong>La cinta animada contar\u00e1 con la voz de Gael Garc\u00eda y se estrenar\u00e1 el 22 de noviembre en Estados Unidos<\/strong><\/em><\/li>\n<\/ul>\n<p>&nbsp;<\/p>\n<div id=\"attachment_305435\" style=\"width: 470px\" class=\"wp-caption aligncenter\"><a href=\"http:\/\/www.diarioimagen.net\/?attachment_id=305435\" rel=\"attachment wp-att-305435\"><img loading=\"lazy\" decoding=\"async\" aria-describedby=\"caption-attachment-305435\" class=\"size-large wp-image-305435\" src=\"http:\/\/www.diarioimagen.net\/wp-content\/uploads\/2017\/01\/COCO-PORTAL-460x268.jpg\" alt=\"\" width=\"460\" height=\"268\" srcset=\"https:\/\/www.diarioimagen.net\/wp-content\/uploads\/2017\/01\/COCO-PORTAL-460x268.jpg 460w, https:\/\/www.diarioimagen.net\/wp-content\/uploads\/2017\/01\/COCO-PORTAL-240x140.jpg 240w, https:\/\/www.diarioimagen.net\/wp-content\/uploads\/2017\/01\/COCO-PORTAL.jpg 480w\" sizes=\"auto, (max-width: 460px) 100vw, 460px\" \/><\/a><p id=\"caption-attachment-305435\" class=\"wp-caption-text\">\u201cMiguel\u201d es el protagonista de la historia, quien mientras trata de cumplir sus sue\u00f1os termina atrapado en la <em>\u201cTierra de los Muertos\u201d<\/em>.<\/p><\/div>\n<p>&nbsp;<\/p>\n<p>\u201cCoco\u201d es una cinta animada de Disney Pixar, que ha despertado un inter\u00e9s bastante especial en el p\u00fablico amante del cine, no s\u00f3lo porque es dirigida por Lee Unkrich, responsable de \u00e9xitos como \u201cToy Story 3\u201d, sino porque narra la historia de \u201cMiguel\u201d un personaje mexicano, situado en la \u201cTierra de los Muertos\u201d, y por si fuera poco, tambi\u00e9n se contar\u00e1 con la voz de Gael Garc\u00eda Bernal. Recientemente Disney revel\u00f3 una imagen oficial de la pel\u00edcula, mientras que el estreno se llevar\u00e1 a cabo el 22 de noviembre en Estados Unidos y la fecha para M\u00e9xico est\u00e1 a\u00fan por confirmarse.<\/p>\n<p>En la ilustraci\u00f3n se puede ver al protagonista, \u201cMiguel\u201d, quien sue\u00f1a con convertirse en un m\u00fasico consagrado, tal como su \u00eddolo \u201cErnesto de la Cruz\u201d (voz original en ingl\u00e9s de Benjamin Bratt), el personaje se encuentra de pie, sosteniendo su guitarra y con una expresi\u00f3n que s\u00f3lo se consigue cuando haces lo que te apasiona, y es por ello que a pesar de la incomprensible prohibici\u00f3n de la m\u00fasica desde hace varias generaciones en su familia, \u201cMiguel\u201d est\u00e1 decidido a realizar su sue\u00f1o y jam\u00e1s dejar caer sus versos ni su guitarra.<\/p>\n<p>Desesperado por probar su talento, \u201cMiguel\u201d se encuentra en la impresionante y colorida \u201cTierra de los Muertos\u201d como resultado de una misteriosa cadena de eventos. En el camino, se topa con el simp\u00e1tico timador \u201cH\u00e9ctor\u201d (voz original en ingl\u00e9s de Gael Garc\u00eda Bernal), y juntos se embarcan en una extraordinaria traves\u00eda para develar la verdadera raz\u00f3n detr\u00e1s de la historia familiar de \u201cMiguel\u201d.<\/p>\n","protected":false},"excerpt":{"rendered":"<p>\u201cCoco\u201d es una cinta animada de Disney Pixar, que ha despertado un inter\u00e9s bastante especial en el p\u00fablico amante del cine, no s\u00f3lo porque es dirigida por Lee Unkrich, responsable de \u00e9xitos como \u201cToy Story 3\u201d, sino porque narra la historia de \u201cMiguel\u201d un personaje mexicano, situado en la \u201cTierra de los Muertos\u201d, y por si fuera poco, tambi\u00e9n se contar\u00e1 con la voz de Gael Garc\u00eda Bernal. Recientemente Disney revel\u00f3 una imagen oficial de la pel\u00edcula, mientras que el estreno se llevar\u00e1 a cabo el 22 de noviembre en Estados Unidos y la fecha para M\u00e9xico est\u00e1 a\u00fan por confirmarse.<\/p>\n","protected":false},"author":5,"featured_media":305435,"comment_status":"open","ping_status":"open","sticky":false,"template":"","format":"standard","meta":{"_monsterinsights_skip_tracking":false,"_monsterinsights_sitenote_active":false,"_monsterinsights_sitenote_note":"","_monsterinsights_sitenote_category":0,"footnotes":""},"categories":[460],"tags":[43688,19201,4075,43682,7198],"class_list":["post-305434","post","type-post","status-publish","format-standard","has-post-thumbnail","hentry","category-cine","tag-cine","tag-coco","tag-disney","tag-espectaculos","tag-gael-garcia-bernal"],"_links":{"self":[{"href":"https:\/\/www.diarioimagen.net\/index.php?rest_route=\/wp\/v2\/posts\/305434","targetHints":{"allow":["GET"]}}],"collection":[{"href":"https:\/\/www.diarioimagen.net\/index.php?rest_route=\/wp\/v2\/posts"}],"about":[{"href":"https:\/\/www.diarioimagen.net\/index.php?rest_route=\/wp\/v2\/types\/post"}],"author":[{"embeddable":true,"href":"https:\/\/www.diarioimagen.net\/index.php?rest_route=\/wp\/v2\/users\/5"}],"replies":[{"embeddable":true,"href":"https:\/\/www.diarioimagen.net\/index.php?rest_route=%2Fwp%2Fv2%2Fcomments&post=305434"}],"version-history":[{"count":0,"href":"https:\/\/www.diarioimagen.net\/index.php?rest_route=\/wp\/v2\/posts\/305434\/revisions"}],"wp:featuredmedia":[{"embeddable":true,"href":"https:\/\/www.diarioimagen.net\/index.php?rest_route=\/wp\/v2\/media\/305435"}],"wp:attachment":[{"href":"https:\/\/www.diarioimagen.net\/index.php?rest_route=%2Fwp%2Fv2%2Fmedia&parent=305434"}],"wp:term":[{"taxonomy":"category","embeddable":true,"href":"https:\/\/www.diarioimagen.net\/index.php?rest_route=%2Fwp%2Fv2%2Fcategories&post=305434"},{"taxonomy":"post_tag","embeddable":true,"href":"https:\/\/www.diarioimagen.net\/index.php?rest_route=%2Fwp%2Fv2%2Ftags&post=305434"}],"curies":[{"name":"wp","href":"https:\/\/api.w.org\/{rel}","templated":true}]}}