{"id":305450,"date":"2017-01-04T00:09:06","date_gmt":"2017-01-04T06:09:06","guid":{"rendered":"http:\/\/www.diarioimagen.net\/?p=305450"},"modified":"2017-01-04T04:37:47","modified_gmt":"2017-01-04T10:37:47","slug":"se-fortalecen-vinculos-con-centroamerica","status":"publish","type":"post","link":"https:\/\/www.diarioimagen.net\/?p=305450","title":{"rendered":"Se fortalecen v\u00ednculos con Centroam\u00e9rica"},"content":{"rendered":"<h2>Arco Norte<\/h2>\n<h5>Jos\u00e9 Luis Monta\u00f1ez Aguilar<\/h5>\n<p>&nbsp;<\/p>\n<div id=\"attachment_305595\" style=\"width: 470px\" class=\"wp-caption aligncenter\"><a href=\"http:\/\/www.diarioimagen.net\/?attachment_id=305595\" rel=\"attachment wp-att-305595\"><img loading=\"lazy\" decoding=\"async\" aria-describedby=\"caption-attachment-305595\" class=\"size-large wp-image-305595\" src=\"http:\/\/www.diarioimagen.net\/wp-content\/uploads\/2017\/01\/arco-3028-460x258.jpg\" alt=\"\" width=\"460\" height=\"258\" srcset=\"https:\/\/www.diarioimagen.net\/wp-content\/uploads\/2017\/01\/arco-3028-460x258.jpg 460w, https:\/\/www.diarioimagen.net\/wp-content\/uploads\/2017\/01\/arco-3028-240x135.jpg 240w, https:\/\/www.diarioimagen.net\/wp-content\/uploads\/2017\/01\/arco-3028-480x270.jpg 480w, https:\/\/www.diarioimagen.net\/wp-content\/uploads\/2017\/01\/arco-3028-235x132.jpg 235w, https:\/\/www.diarioimagen.net\/wp-content\/uploads\/2017\/01\/arco-3028-202x114.jpg 202w, https:\/\/www.diarioimagen.net\/wp-content\/uploads\/2017\/01\/arco-3028-350x196.jpg 350w, https:\/\/www.diarioimagen.net\/wp-content\/uploads\/2017\/01\/arco-3028-220x123.jpg 220w, https:\/\/www.diarioimagen.net\/wp-content\/uploads\/2017\/01\/arco-3028-237x132.jpg 237w, https:\/\/www.diarioimagen.net\/wp-content\/uploads\/2017\/01\/arco-3028.jpg 517w\" sizes=\"auto, (max-width: 460px) 100vw, 460px\" \/><\/a><p id=\"caption-attachment-305595\" class=\"wp-caption-text\">Se re\u00fane Eruviel \u00c1vila Villegas y su hom\u00f3logo de la Gobernaci\u00f3n de Panam\u00e1, Rafael Pino Pinto.<\/p><\/div>\n<p>&nbsp;<\/p>\n<p>Eruviel \u00c1vila Villegas, y su hom\u00f3logo de la Gobernaci\u00f3n de Panam\u00e1, Rafael Pino, firmaron una carta de intenci\u00f3n para fortalecer los lazos culturales y tur\u00edsticos entre los dos estados, a trav\u00e9s de exposiciones y eventos especiales.<\/p>\n<p>Al respecto, Eruviel \u00c1vila mencion\u00f3 que con este acuerdo se reforzar\u00e1n tambi\u00e9n los lazos comerciales y de amistad, adem\u00e1s de conservar las tradiciones de ambos estados para fortalecer su identidad, como las relacionadas con las diferentes etnias.<\/p>\n<p>Por su parte, Rafael Pino reconoci\u00f3 el sentido humanitario y de compromiso con el desarrollo social que ha distinguido al mandatario mexiquense al frente de la administraci\u00f3n estatal, y se\u00f1al\u00f3 que con esta carta de intenci\u00f3n no solo se refuerzan los lazos de cooperaci\u00f3n y amistad con el Estado de M\u00e9xico, sino tambi\u00e9n con M\u00e9xico.<\/p>\n<p style=\"text-align: center;\"><strong>Cursos de ICATI en apoyo\u00a0a la econom\u00eda familiar<\/strong><\/p>\n<p>A partir de este a\u00f1o, los cursos que imparte el Instituto de Capacitaci\u00f3n y Adiestramiento para el Trabajo Industrial (ICATI), ser\u00e1n trimestrales y no semestrales, para apoyar de manera m\u00e1s eficiente la econom\u00eda familiar de las personas que requieren incorporarse al mercado laboral de manera r\u00e1pida. Eduardo Blanco Rodr\u00edguez, director general de ICATI, dijo que el instituto ha identificado las \u00e1reas de oportunidad, dividiendo la oferta educativa en las Escuelas de Artes y Oficios (EDAYOS) en los diferentes sectores de producci\u00f3n.<\/p>\n<p>Por ejemplo, se ofrecen cursos del sector tur\u00edstico en Valle de Bravo, Ixtapan de la Sal, Tepotzotl\u00e1n; talleres industriales en Naucalpan, Tlalnepantla, entre otras, y en San Salvador Atenco se abrir\u00e1 la especialidad de Tr\u00e1mites Aeroportuarios, ante la construcci\u00f3n del nuevo Aeropuerto Internacional de la Ciudad de M\u00e9xico (AICM). Record\u00f3 que en 2016 m\u00e1s de 160 mil mexiquenses se beneficieron con los cursos del ICATI, y en los \u00faltimos cinco a\u00f1os se ha logrado beneficiar a poco m\u00e1s de 535 mil mexiquenses.<\/p>\n<p>En un encuentro en el que participaron 26 de los 30 estados en donde se ubican estos organismos, se coincidi\u00f3 en la necesidad de que la capacitaci\u00f3n debe ser llevada a la econom\u00eda formal, ya sea a trav\u00e9s de empleo o el autoempleo.<\/p>\n<p><em><a href=\"mailto:montanezaguilar@gmail.com\" target=\"_blank\">montanezaguilar@gmail.com<\/a><\/em><\/p>\n","protected":false},"excerpt":{"rendered":"<p><span style=\"color: #005497;\">Jos\u00e9 Luis Monta\u00f1ez Aguilar<\/span><br \/>\n<br \/>\nEruviel \u00c1vila Villegas, y su hom\u00f3logo de la Gobernaci\u00f3n de Panam\u00e1, Rafael Pino, firmaron una carta de intenci\u00f3n para fortalecer los lazos culturales y tur\u00edsticos entre los dos estados, a trav\u00e9s de exposiciones y eventos especiales.<\/p>\n","protected":false},"author":3,"featured_media":305595,"comment_status":"open","ping_status":"open","sticky":false,"template":"","format":"standard","meta":{"_monsterinsights_skip_tracking":false,"_monsterinsights_sitenote_active":false,"_monsterinsights_sitenote_note":"","_monsterinsights_sitenote_category":0,"footnotes":""},"categories":[5],"tags":[13284,43704,43674],"class_list":["post-305450","post","type-post","status-publish","format-standard","has-post-thumbnail","hentry","category-estado-de-mexico","tag-arco-norte","tag-jose-luis-montanez-aguilar","tag-opinion"],"_links":{"self":[{"href":"https:\/\/www.diarioimagen.net\/index.php?rest_route=\/wp\/v2\/posts\/305450","targetHints":{"allow":["GET"]}}],"collection":[{"href":"https:\/\/www.diarioimagen.net\/index.php?rest_route=\/wp\/v2\/posts"}],"about":[{"href":"https:\/\/www.diarioimagen.net\/index.php?rest_route=\/wp\/v2\/types\/post"}],"author":[{"embeddable":true,"href":"https:\/\/www.diarioimagen.net\/index.php?rest_route=\/wp\/v2\/users\/3"}],"replies":[{"embeddable":true,"href":"https:\/\/www.diarioimagen.net\/index.php?rest_route=%2Fwp%2Fv2%2Fcomments&post=305450"}],"version-history":[{"count":0,"href":"https:\/\/www.diarioimagen.net\/index.php?rest_route=\/wp\/v2\/posts\/305450\/revisions"}],"wp:featuredmedia":[{"embeddable":true,"href":"https:\/\/www.diarioimagen.net\/index.php?rest_route=\/wp\/v2\/media\/305595"}],"wp:attachment":[{"href":"https:\/\/www.diarioimagen.net\/index.php?rest_route=%2Fwp%2Fv2%2Fmedia&parent=305450"}],"wp:term":[{"taxonomy":"category","embeddable":true,"href":"https:\/\/www.diarioimagen.net\/index.php?rest_route=%2Fwp%2Fv2%2Fcategories&post=305450"},{"taxonomy":"post_tag","embeddable":true,"href":"https:\/\/www.diarioimagen.net\/index.php?rest_route=%2Fwp%2Fv2%2Ftags&post=305450"}],"curies":[{"name":"wp","href":"https:\/\/api.w.org\/{rel}","templated":true}]}}