{"id":305480,"date":"2017-01-04T00:08:06","date_gmt":"2017-01-04T06:08:06","guid":{"rendered":"http:\/\/www.diarioimagen.net\/?p=305480"},"modified":"2017-01-04T03:21:30","modified_gmt":"2017-01-04T09:21:30","slug":"tercer-dia-de-protestas-por-el-supergasolinazo","status":"publish","type":"post","link":"https:\/\/www.diarioimagen.net\/?p=305480","title":{"rendered":"Tercer d\u00eda de protestas por el \u201csupergasolinazo\u201d"},"content":{"rendered":"<ul>\n<li><strong><em>Impiden venta en la CDMX<\/em><\/strong><\/li>\n<\/ul>\n<p>&nbsp;<\/p>\n<div id=\"attachment_305568\" style=\"width: 470px\" class=\"wp-caption aligncenter\"><a href=\"http:\/\/www.diarioimagen.net\/?attachment_id=305568\" rel=\"attachment wp-att-305568\"><img loading=\"lazy\" decoding=\"async\" aria-describedby=\"caption-attachment-305568\" class=\"size-large wp-image-305568\" src=\"http:\/\/www.diarioimagen.net\/wp-content\/uploads\/2017\/01\/PROTESTAS-3028-460x259.jpg\" alt=\"\" width=\"460\" height=\"259\" srcset=\"https:\/\/www.diarioimagen.net\/wp-content\/uploads\/2017\/01\/PROTESTAS-3028-460x259.jpg 460w, https:\/\/www.diarioimagen.net\/wp-content\/uploads\/2017\/01\/PROTESTAS-3028-240x135.jpg 240w, https:\/\/www.diarioimagen.net\/wp-content\/uploads\/2017\/01\/PROTESTAS-3028-235x132.jpg 235w, https:\/\/www.diarioimagen.net\/wp-content\/uploads\/2017\/01\/PROTESTAS-3028-202x114.jpg 202w, https:\/\/www.diarioimagen.net\/wp-content\/uploads\/2017\/01\/PROTESTAS-3028-350x196.jpg 350w, https:\/\/www.diarioimagen.net\/wp-content\/uploads\/2017\/01\/PROTESTAS-3028-220x123.jpg 220w, https:\/\/www.diarioimagen.net\/wp-content\/uploads\/2017\/01\/PROTESTAS-3028-237x132.jpg 237w, https:\/\/www.diarioimagen.net\/wp-content\/uploads\/2017\/01\/PROTESTAS-3028.jpg 480w\" sizes=\"auto, (max-width: 460px) 100vw, 460px\" \/><\/a><p id=\"caption-attachment-305568\" class=\"wp-caption-text\">Por tercer d\u00eda consecutivo, ciudadanos realizaron protestas en carreteras, autopistas y casetas de peaje.<\/p><\/div>\n<p>&nbsp;<\/p>\n<p>En al menos 11 entidades, ciudadanos realizan protestas en carreteras, autopistas y casetas de peaje, por el alza del precio de los combustibles.<\/p>\n<p>En la ma\u00f1ana de ayer, la Polic\u00eda Federal y Caminos y Puentes Federales hab\u00eda reportado bloqueos totales, cierres parciales o presencia de manifestantes en v\u00edas del Estado de M\u00e9xico, Chihuahua, Ciudad de M\u00e9xico, Morelos, Hidalgo, Michoac\u00e1n, Jalisco, Sonora, Veracruz, Chiapas y Puebla.<\/p>\n<p>La entidad con mayor n\u00famero de protestas es Chihuahua, con un cierre total, cinco bloqueos parciales y presencia de manifestantes en otros tres puntos.<\/p>\n<p>Sin embargo, uno de los cierres que m\u00e1s afecta es el de la autopista M\u00e9xico-Quer\u00e9taro, a la altura del kil\u00f3metro 102, en ambas direcciones.<\/p>\n<p>En la misma v\u00eda, hay presencia de manifestantes en la caseta de Tepotzotl\u00e1n, donde se impide el cobro de peaje.<\/p>\n<p>Como en los dos d\u00edas anteriores, en la M\u00e9xico-Quer\u00e9taro hay filas de autom\u00f3viles y camiones detenidos que alcanzan varios kil\u00f3metros.<\/p>\n<p>Tambi\u00e9n hay inconformes en la caseta Cuauht\u00e9moc, de la carretera Chihuahua-Madera; y en la Saucillo, de la Carretera Jim\u00e9nez-Delicias, en Chihuahua.<\/p>\n<p>En el Estado de M\u00e9xico, fue cerrada la carretera estatal Naucalpan-Toluca en los kil\u00f3metros 5 y 44; as\u00ed como la Texcoco-Ecatepec, en el kil\u00f3metro 36+400.<\/p>\n<p>La caseta de cobro de Chalco, en el Edomex, tiene presencia manifestantes sin afectar la circulaci\u00f3n, al igual que la caseta de Ozumba, de la Autopista Amecameca-Cuautla.<\/p>\n<p style=\"text-align: center;\"><strong>Colapsan Perif\u00e9rico Norte <\/strong><\/p>\n<p>Manifestantes bloquean la circulaci\u00f3n de Perif\u00e9rico Manuel \u00c1vila Camacho, con direcci\u00f3n a la Ciudad de M\u00e9xico, como parte de las protestas contra el aumento a combustibles.<\/p>\n<p>Alrededor de las 12:00 horas, transportistas, conductores de transporte p\u00fablico y vecinos se colocaron en carriles centrales y laterales de la vialidad.<\/p>\n<p>Despu\u00e9s, a las 13:00 horas, los inconformes permitieron, de manera intermitente, el paso de veh\u00edculos por las laterales.<\/p>\n<p>Durante el bloqueo, cerca de 50 elementos de la Comisi\u00f3n Estatal de Seguridad Ciudadana acudieron para vigilar la zona.<\/p>\n<p>&nbsp;<\/p>\n","protected":false},"excerpt":{"rendered":"<p>En al menos 11 entidades, ciudadanos realizan protestas en carreteras, autopistas y casetas de peaje, por el alza del precio de los combustibles. En la ma\u00f1ana de ayer, la Polic\u00eda Federal y Caminos y Puentes Federales hab\u00eda reportado bloqueos totales, cierres parciales o presencia de manifestantes en v\u00edas del Estado de M\u00e9xico, Chihuahua, Ciudad de M\u00e9xico, Morelos, Hidalgo, Michoac\u00e1n, Jalisco, Sonora, Veracruz, Chiapas y Puebla.<\/p>\n","protected":false},"author":3,"featured_media":305568,"comment_status":"open","ping_status":"open","sticky":false,"template":"","format":"standard","meta":{"_monsterinsights_skip_tracking":false,"_monsterinsights_sitenote_active":false,"_monsterinsights_sitenote_note":"","_monsterinsights_sitenote_category":0,"footnotes":""},"categories":[6],"tags":[204,50325,9711,28472],"class_list":["post-305480","post","type-post","status-publish","format-standard","has-post-thumbnail","hentry","category-cd-de-mexico","tag-ciudad-de-mexico","tag-desabasto","tag-gasolinazo","tag-protestas"],"_links":{"self":[{"href":"https:\/\/www.diarioimagen.net\/index.php?rest_route=\/wp\/v2\/posts\/305480","targetHints":{"allow":["GET"]}}],"collection":[{"href":"https:\/\/www.diarioimagen.net\/index.php?rest_route=\/wp\/v2\/posts"}],"about":[{"href":"https:\/\/www.diarioimagen.net\/index.php?rest_route=\/wp\/v2\/types\/post"}],"author":[{"embeddable":true,"href":"https:\/\/www.diarioimagen.net\/index.php?rest_route=\/wp\/v2\/users\/3"}],"replies":[{"embeddable":true,"href":"https:\/\/www.diarioimagen.net\/index.php?rest_route=%2Fwp%2Fv2%2Fcomments&post=305480"}],"version-history":[{"count":0,"href":"https:\/\/www.diarioimagen.net\/index.php?rest_route=\/wp\/v2\/posts\/305480\/revisions"}],"wp:featuredmedia":[{"embeddable":true,"href":"https:\/\/www.diarioimagen.net\/index.php?rest_route=\/wp\/v2\/media\/305568"}],"wp:attachment":[{"href":"https:\/\/www.diarioimagen.net\/index.php?rest_route=%2Fwp%2Fv2%2Fmedia&parent=305480"}],"wp:term":[{"taxonomy":"category","embeddable":true,"href":"https:\/\/www.diarioimagen.net\/index.php?rest_route=%2Fwp%2Fv2%2Fcategories&post=305480"},{"taxonomy":"post_tag","embeddable":true,"href":"https:\/\/www.diarioimagen.net\/index.php?rest_route=%2Fwp%2Fv2%2Ftags&post=305480"}],"curies":[{"name":"wp","href":"https:\/\/api.w.org\/{rel}","templated":true}]}}