{"id":305493,"date":"2017-01-04T00:03:10","date_gmt":"2017-01-04T06:03:10","guid":{"rendered":"http:\/\/www.diarioimagen.net\/?p=305493"},"modified":"2017-01-04T03:10:02","modified_gmt":"2017-01-04T09:10:02","slug":"marquez-quiere-ser-campeon-antes-de-jugar-otro-mundial","status":"publish","type":"post","link":"https:\/\/www.diarioimagen.net\/?p=305493","title":{"rendered":"M\u00e1rquez quiere ser campe\u00f3n antes de jugar otro mundial"},"content":{"rendered":"<ul>\n<li><strong><em>Atlas, 65 a\u00f1os sin ganar un t\u00edtulo<\/em><\/strong><\/li>\n<\/ul>\n<p>&nbsp;<\/p>\n<div id=\"attachment_305556\" style=\"width: 470px\" class=\"wp-caption aligncenter\"><a href=\"http:\/\/www.diarioimagen.net\/?attachment_id=305556\" rel=\"attachment wp-att-305556\"><img loading=\"lazy\" decoding=\"async\" aria-describedby=\"caption-attachment-305556\" class=\"size-large wp-image-305556\" src=\"http:\/\/www.diarioimagen.net\/wp-content\/uploads\/2017\/01\/atlas-3028-460x259.jpg\" alt=\"\" width=\"460\" height=\"259\" srcset=\"https:\/\/www.diarioimagen.net\/wp-content\/uploads\/2017\/01\/atlas-3028-460x259.jpg 460w, https:\/\/www.diarioimagen.net\/wp-content\/uploads\/2017\/01\/atlas-3028-240x135.jpg 240w, https:\/\/www.diarioimagen.net\/wp-content\/uploads\/2017\/01\/atlas-3028-235x132.jpg 235w, https:\/\/www.diarioimagen.net\/wp-content\/uploads\/2017\/01\/atlas-3028-202x114.jpg 202w, https:\/\/www.diarioimagen.net\/wp-content\/uploads\/2017\/01\/atlas-3028-350x196.jpg 350w, https:\/\/www.diarioimagen.net\/wp-content\/uploads\/2017\/01\/atlas-3028-220x123.jpg 220w, https:\/\/www.diarioimagen.net\/wp-content\/uploads\/2017\/01\/atlas-3028-237x132.jpg 237w, https:\/\/www.diarioimagen.net\/wp-content\/uploads\/2017\/01\/atlas-3028.jpg 480w\" sizes=\"auto, (max-width: 460px) 100vw, 460px\" \/><\/a><p id=\"caption-attachment-305556\" class=\"wp-caption-text\">Rafael M\u00e1rquez se\u00f1al\u00f3 que antes de pensar en disputar su quinta Copa del Mundo, su primer objetivo es lograr el t\u00edtulo con el Atlas.<\/p><\/div>\n<p>&nbsp;<\/p>\n<p>El defensa Rafael M\u00e1rquez se\u00f1al\u00f3 que antes de pensar en disputar su quinta Copa del Mundo, su primer objetivo es lograr el t\u00edtulo con el Atlas para as\u00ed terminar con la sequ\u00eda de m\u00e1s de 60 a\u00f1os que acarrea la instituci\u00f3n.<\/p>\n<p>\u201cPrimero est\u00e1 ser campe\u00f3n con Atlas, es lo m\u00e1s pr\u00f3ximo y lo que est\u00e1 en mi mente. El Mundial de Rusia est\u00e1 lejano pero tengo la ilusi\u00f3n, ahora hay cosas m\u00e1s importantes, que es el presente con Atlas\u201d, dijo.<\/p>\n<p>En conferencia de prensa, el zaguero destac\u00f3 que para lograr ese ansiado campeonato deben seguir siendo fuertes en casa, pero al mismo tiempo mejorar fuera de ella.<\/p>\n<p>\u201cComo locales no perdimos y ahora lo tenemos que trasladar a los partidos de visitante. Estoy muy contento y orgulloso del equipo que tenemos\u201d, indic\u00f3.<\/p>\n<p>Por otra parte, acept\u00f3 que para defender los colores de la selecci\u00f3n mexicana y ganarse un lugar en \u00e9sta primero necesita estar bien con la \u201cFuria Rojinegra\u201d.<\/p>\n<p>\u201cLa \u00faltima ha sido de gran calidad, una de las mejores en las que he estado en lo colectivo, por lo que no es f\u00e1cil ganarse un lugar en la selecci\u00f3n\u201d.<\/p>\n<p>Destac\u00f3 que le llama mucho la atenci\u00f3n jugar nuevamente una Copa Confederaciones, aunque dej\u00f3 en claro que antes de pensar en ello deben tener en mente los duelos del hexagonal final.<\/p>\n<p>\u201c(Copa Confederaciones) es un torneo importante, para eso hay que estar bien en el equipo, pero antes de Confederaciones hay partidos importantes como eliminatorias\u201d.<\/p>\n<p style=\"text-align: center;\"><strong>Atlas quiere romper sequ\u00eda de m\u00e1s de 60 a\u00f1os <\/strong><\/p>\n<p>Con una afici\u00f3n molesta por la falta de resultados, el equipo de Atlas encarar\u00e1 el Torneo Clausura 2017 de la Liga MX con la obligaci\u00f3n de al menos calificar a la liguilla y con suerte terminar con la sequ\u00eda de 65 a\u00f1os sin lograr el t\u00edtulo.<\/p>\n<p>Desde que Grupo Salinas se hizo cargo de la \u201cFuria Rojinegra\u201d son pr\u00e1cticamente nulos los resultados positivos en la escuadra, m\u00e1s all\u00e1 que el a\u00f1o anterior se hizo una inversi\u00f3n muy importante.<\/p>\n<p>Ya con un menor presupuesto, el t\u00e9cnico Jos\u00e9 Guadalupe Cruz tuvo que encarar este reto y por momentos hizo que el equipo luciera una identidad, aunque insuficiente para ser uno de los ocho cuadros calificados a la liguilla.<\/p>\n<p>En un nuevo torneo la meta sigue siendo la misma, avanzar a la fase final y convertirse en un serio aspirante al campeonato, algo que no ocurre desde 1951.<\/p>\n<p>La plantilla sufri\u00f3 pocas modificaciones ante la falta de dinero para reforzarlo, por lo que se mantuvo la base, aunque llegaron algunos refuerzos, el m\u00e1s importante de ellos el delantero argentino Gustavo Mat\u00edas Alustiza, un elemento de comprobada capacidad frente al marco rival.<\/p>\n<p>Adem\u00e1s del tambi\u00e9n atacante ecuatoriano Fidel Mart\u00ednez, quien en su anterior paso por Guadalajara, con los Leones Negros, ofreci\u00f3 de sus mejores actuaciones en M\u00e9xico.<\/p>\n<p>En el plantel ya no est\u00e1n el colombiano Jefferson Duque, el paraguayo Luis Caballero, Rodolfo Salinas, Rodrigo Salinas y Flavio Santos.<\/p>\n<p>&nbsp;<\/p>\n","protected":false},"excerpt":{"rendered":"<p>El defensa Rafael M\u00e1rquez se\u00f1al\u00f3 que antes de pensar en disputar su quinta Copa del Mundo, su primer objetivo es lograr el t\u00edtulo con el Atlas para as\u00ed terminar con la sequ\u00eda de m\u00e1s de 60 a\u00f1os que acarrea la instituci\u00f3n.<\/p>\n","protected":false},"author":3,"featured_media":305556,"comment_status":"open","ping_status":"open","sticky":false,"template":"","format":"standard","meta":{"_monsterinsights_skip_tracking":false,"_monsterinsights_sitenote_active":false,"_monsterinsights_sitenote_note":"","_monsterinsights_sitenote_category":0,"footnotes":""},"categories":[10],"tags":[4684,3333,43680,6388,7359],"class_list":["post-305493","post","type-post","status-publish","format-standard","has-post-thumbnail","hentry","category-deportes","tag-atlas","tag-copa-del-mundo","tag-deportes","tag-mundial","tag-rafael-marquez"],"_links":{"self":[{"href":"https:\/\/www.diarioimagen.net\/index.php?rest_route=\/wp\/v2\/posts\/305493","targetHints":{"allow":["GET"]}}],"collection":[{"href":"https:\/\/www.diarioimagen.net\/index.php?rest_route=\/wp\/v2\/posts"}],"about":[{"href":"https:\/\/www.diarioimagen.net\/index.php?rest_route=\/wp\/v2\/types\/post"}],"author":[{"embeddable":true,"href":"https:\/\/www.diarioimagen.net\/index.php?rest_route=\/wp\/v2\/users\/3"}],"replies":[{"embeddable":true,"href":"https:\/\/www.diarioimagen.net\/index.php?rest_route=%2Fwp%2Fv2%2Fcomments&post=305493"}],"version-history":[{"count":0,"href":"https:\/\/www.diarioimagen.net\/index.php?rest_route=\/wp\/v2\/posts\/305493\/revisions"}],"wp:featuredmedia":[{"embeddable":true,"href":"https:\/\/www.diarioimagen.net\/index.php?rest_route=\/wp\/v2\/media\/305556"}],"wp:attachment":[{"href":"https:\/\/www.diarioimagen.net\/index.php?rest_route=%2Fwp%2Fv2%2Fmedia&parent=305493"}],"wp:term":[{"taxonomy":"category","embeddable":true,"href":"https:\/\/www.diarioimagen.net\/index.php?rest_route=%2Fwp%2Fv2%2Fcategories&post=305493"},{"taxonomy":"post_tag","embeddable":true,"href":"https:\/\/www.diarioimagen.net\/index.php?rest_route=%2Fwp%2Fv2%2Ftags&post=305493"}],"curies":[{"name":"wp","href":"https:\/\/api.w.org\/{rel}","templated":true}]}}