{"id":305649,"date":"2017-01-05T00:09:30","date_gmt":"2017-01-05T06:09:30","guid":{"rendered":"http:\/\/www.diarioimagen.net\/?p=305649"},"modified":"2017-01-06T00:29:24","modified_gmt":"2017-01-06T06:29:24","slug":"%ef%bb%bffalsos-los-mensajes-de-redes-sociales-sobre-toque-de-queda","status":"publish","type":"post","link":"https:\/\/www.diarioimagen.net\/?p=305649","title":{"rendered":"\ufeffFalsos, los mensajes de redes sociales sobre toque de queda"},"content":{"rendered":"<ul>\n<li><strong><em>Llamado a la poblaci\u00f3n para mantenerse atenta a la informaci\u00f3n oficial<\/em><\/strong><\/li>\n<\/ul>\n<h6>Jos\u00e9 Luis Monta\u00f1ez<\/h6>\n<p>&nbsp;<\/p>\n<div id=\"attachment_305758\" style=\"width: 470px\" class=\"wp-caption aligncenter\"><a href=\"http:\/\/www.diarioimagen.net\/?attachment_id=305758\" rel=\"attachment wp-att-305758\"><img loading=\"lazy\" decoding=\"async\" aria-describedby=\"caption-attachment-305758\" class=\"size-large wp-image-305758\" src=\"http:\/\/www.diarioimagen.net\/wp-content\/uploads\/2017\/01\/saqueo-3029-460x259.jpg\" alt=\"\" width=\"460\" height=\"259\" srcset=\"https:\/\/www.diarioimagen.net\/wp-content\/uploads\/2017\/01\/saqueo-3029-460x259.jpg 460w, https:\/\/www.diarioimagen.net\/wp-content\/uploads\/2017\/01\/saqueo-3029-240x135.jpg 240w, https:\/\/www.diarioimagen.net\/wp-content\/uploads\/2017\/01\/saqueo-3029-768x432.jpg 768w, https:\/\/www.diarioimagen.net\/wp-content\/uploads\/2017\/01\/saqueo-3029-480x270.jpg 480w, https:\/\/www.diarioimagen.net\/wp-content\/uploads\/2017\/01\/saqueo-3029-235x132.jpg 235w, https:\/\/www.diarioimagen.net\/wp-content\/uploads\/2017\/01\/saqueo-3029-202x114.jpg 202w, https:\/\/www.diarioimagen.net\/wp-content\/uploads\/2017\/01\/saqueo-3029-350x196.jpg 350w, https:\/\/www.diarioimagen.net\/wp-content\/uploads\/2017\/01\/saqueo-3029-220x123.jpg 220w, https:\/\/www.diarioimagen.net\/wp-content\/uploads\/2017\/01\/saqueo-3029-237x132.jpg 237w, https:\/\/www.diarioimagen.net\/wp-content\/uploads\/2017\/01\/saqueo-3029.jpg 1200w\" sizes=\"auto, (max-width: 460px) 100vw, 460px\" \/><\/a><p id=\"caption-attachment-305758\" class=\"wp-caption-text\">Esta situaci\u00f3n ha sido aprovechada por algunos grupos de personas para cometer robos y actos vand\u00e1licos.<\/p><\/div>\n<p>&nbsp;<\/p>\n<p><strong>Toluca, Estado de M\u00e9xico<\/strong>.- El gobierno del Estado de M\u00e9xico inform\u00f3 anoche que son falsos los mensajes, publicaciones y audios que circulan en redes sociales, sobre un supuesto toque de queda o presencia de grupos armados en algunos municipios mexiquenses, los cuales han sido difundidos irresponsablemente con el \u00fanico prop\u00f3sito de generar psicosis y temor entre la gente.<\/p>\n<p>Esta situaci\u00f3n, por otra parte ha sido aprovechada por algunos grupos de personas para cometer robos y actos vand\u00e1licos, con el pretexto de protestar por la liberaci\u00f3n del precio de la gasolina.<\/p>\n<p>Por ello, se hace un llamado a la poblaci\u00f3n en general para mantenerse atenta a la informaci\u00f3n oficial y no dejarse llevar por esos falsos mensajes.<\/p>\n<p>En un reporte, a las 18:00 horas, se tienen detenidas 161 personas por diversos actos vand\u00e1licos en diversos establecimientos comerciales en los municipios de Acolman, Ecatepec, Naucalpan, Nicol\u00e1s Romero, Tultepec y Tec\u00e1mac. De los detenidos, 126 son adultos: 106 hombres y 20 mujeres. 35 menores de edad, de los cuales 30 son hombres y 5 mujeres.<\/p>\n<p>El gobierno del Estado de M\u00e9xico reitera su respeto a la libre manifestaci\u00f3n, sin embargo, no se tolerar\u00e1n actos fuera de la legalidad y que atenten contra el resto de la gente.<\/p>\n<p>Asimismo, siguen a disposici\u00f3n los n\u00fameros telef\u00f3nicos 066 y 089 para reportar cualquier acto vand\u00e1lico o que ponga en riesgo la integridad de las personas.<\/p>\n","protected":false},"excerpt":{"rendered":"<p><span style=\"color: #005497;\">Jos\u00e9 Luis Monta\u00f1ez<\/span><br \/>\n<br \/>\nEl gobierno del Estado de M\u00e9xico inform\u00f3 anoche que son falsos los mensajes, publicaciones y audios que circulan en redes sociales, sobre un supuesto toque de queda o presencia de grupos armados en algunos municipios mexiquenses, los cuales han sido difundidos irresponsablemente con el \u00fanico prop\u00f3sito de generar psicosis y temor entre la gente.<\/p>\n","protected":false},"author":3,"featured_media":305758,"comment_status":"open","ping_status":"open","sticky":false,"template":"","format":"standard","meta":{"_monsterinsights_skip_tracking":false,"_monsterinsights_sitenote_active":false,"_monsterinsights_sitenote_note":"","_monsterinsights_sitenote_category":0,"footnotes":""},"categories":[5],"tags":[5828,43675,452,40660],"class_list":["post-305649","post","type-post","status-publish","format-standard","has-post-thumbnail","hentry","category-estado-de-mexico","tag-eruviel-avila-villegas","tag-estado-de-mexico","tag-toluca","tag-toque-de-queda"],"_links":{"self":[{"href":"https:\/\/www.diarioimagen.net\/index.php?rest_route=\/wp\/v2\/posts\/305649","targetHints":{"allow":["GET"]}}],"collection":[{"href":"https:\/\/www.diarioimagen.net\/index.php?rest_route=\/wp\/v2\/posts"}],"about":[{"href":"https:\/\/www.diarioimagen.net\/index.php?rest_route=\/wp\/v2\/types\/post"}],"author":[{"embeddable":true,"href":"https:\/\/www.diarioimagen.net\/index.php?rest_route=\/wp\/v2\/users\/3"}],"replies":[{"embeddable":true,"href":"https:\/\/www.diarioimagen.net\/index.php?rest_route=%2Fwp%2Fv2%2Fcomments&post=305649"}],"version-history":[{"count":0,"href":"https:\/\/www.diarioimagen.net\/index.php?rest_route=\/wp\/v2\/posts\/305649\/revisions"}],"wp:featuredmedia":[{"embeddable":true,"href":"https:\/\/www.diarioimagen.net\/index.php?rest_route=\/wp\/v2\/media\/305758"}],"wp:attachment":[{"href":"https:\/\/www.diarioimagen.net\/index.php?rest_route=%2Fwp%2Fv2%2Fmedia&parent=305649"}],"wp:term":[{"taxonomy":"category","embeddable":true,"href":"https:\/\/www.diarioimagen.net\/index.php?rest_route=%2Fwp%2Fv2%2Fcategories&post=305649"},{"taxonomy":"post_tag","embeddable":true,"href":"https:\/\/www.diarioimagen.net\/index.php?rest_route=%2Fwp%2Fv2%2Ftags&post=305649"}],"curies":[{"name":"wp","href":"https:\/\/api.w.org\/{rel}","templated":true}]}}