{"id":305653,"date":"2017-01-05T00:11:40","date_gmt":"2017-01-05T06:11:40","guid":{"rendered":"http:\/\/www.diarioimagen.net\/?p=305653"},"modified":"2017-01-05T23:34:58","modified_gmt":"2017-01-06T05:34:58","slug":"no-se-permitiran-abusos-en-protestas-eruviel-avila","status":"publish","type":"post","link":"https:\/\/www.diarioimagen.net\/?p=305653","title":{"rendered":"No se permitir\u00e1n abusos en protestas: Eruviel \u00c1vila"},"content":{"rendered":"<ul>\n<li><strong><em>Con el pretexto de aumentos en combustibles<\/em><\/strong><\/li>\n<\/ul>\n<p>&nbsp;<\/p>\n<div id=\"attachment_305761\" style=\"width: 470px\" class=\"wp-caption aligncenter\"><a href=\"http:\/\/www.diarioimagen.net\/?attachment_id=305761\" rel=\"attachment wp-att-305761\"><img loading=\"lazy\" decoding=\"async\" aria-describedby=\"caption-attachment-305761\" class=\"size-large wp-image-305761\" src=\"http:\/\/www.diarioimagen.net\/wp-content\/uploads\/2017\/01\/eruviel-3029-460x259.jpg\" alt=\"\" width=\"460\" height=\"259\" srcset=\"https:\/\/www.diarioimagen.net\/wp-content\/uploads\/2017\/01\/eruviel-3029-460x259.jpg 460w, https:\/\/www.diarioimagen.net\/wp-content\/uploads\/2017\/01\/eruviel-3029-240x135.jpg 240w, https:\/\/www.diarioimagen.net\/wp-content\/uploads\/2017\/01\/eruviel-3029-235x132.jpg 235w, https:\/\/www.diarioimagen.net\/wp-content\/uploads\/2017\/01\/eruviel-3029-202x114.jpg 202w, https:\/\/www.diarioimagen.net\/wp-content\/uploads\/2017\/01\/eruviel-3029-350x196.jpg 350w, https:\/\/www.diarioimagen.net\/wp-content\/uploads\/2017\/01\/eruviel-3029-220x123.jpg 220w, https:\/\/www.diarioimagen.net\/wp-content\/uploads\/2017\/01\/eruviel-3029-237x132.jpg 237w, https:\/\/www.diarioimagen.net\/wp-content\/uploads\/2017\/01\/eruviel-3029.jpg 480w\" sizes=\"auto, (max-width: 460px) 100vw, 460px\" \/><\/a><p id=\"caption-attachment-305761\" class=\"wp-caption-text\">El gobernador del Estado de M\u00e9xico\u00a0\u00a0expres\u00f3 su solidaridad con quienes manifiestan su inconformidad a trav\u00e9s de las protestas pac\u00edficas.<\/p><\/div>\n<p>&nbsp;<\/p>\n<p><strong>Toluca, Estado de M\u00e9xico<\/strong>.- El gobernador Eruviel \u00c1vila Villegas expres\u00f3 su solidaridad con quienes manifiestan su inconformidad\u00a0 a trav\u00e9s de las protestas pac\u00edficas, pero asever\u00f3 que en el Estado de M\u00e9xico no se permitir\u00e1 que, con el pretexto de la liberaci\u00f3n del precio de la gasolina, haya quienes abusen y afecten a los mexiquenses mediante actos vand\u00e1licos, como las 71 personas que han sido detenidas hasta el momento.<\/p>\n<p>\u201cQue quede claro, yo estoy a favor de quienes, insisto, se han molestado y tienen raz\u00f3n por el incremento pero, no vamos a permitir abusos, ni que se afecte a terceros que no tienen nada que ver con estas decisiones\u201d, afirm\u00f3.<\/p>\n<p>A trav\u00e9s de un mensaje de video por Facebook, Eruviel \u00c1vila inform\u00f3 que en el Edomex se realizar\u00e1n, junto con la Procuradur\u00eda Federal del Consumidor (Profeco), inspecciones a las gasoliner\u00edas para evitar cualquier tipo de abusos y, en su caso, sancionar a aquellas que incurran en malas pr\u00e1cticas; adem\u00e1s de que se emprender\u00e1n medidas econ\u00f3micas y sociales para apoyar a los sectores vulnerables ante esta situaci\u00f3n, como los comerciantes.<\/p>\n<p>\u201cEstoy cierto que pronto saldremos, en unidad, trabajando en equipo, saldremos de esta eventualidad. El gobierno del estado, con el apoyo del gobierno de la Rep\u00fablica, seguiremos trabajando para el bienestar de la poblaci\u00f3n de este gran Estado de M\u00e9xico, como lo hemos hecho a la fecha, en equipo, cerrando filas\u201d, destac\u00f3.<\/p>\n<p>La transmisi\u00f3n fue realizada en el marco de una reuni\u00f3n extraordinaria del Grupo de Coordinaci\u00f3n Operativa de Seguridad, donde el mandatario estatal manifest\u00f3 que es comprensible que existan molestias por el alza del precio de la gasolina; sin embargo, es una acci\u00f3n que deriva de las condiciones econ\u00f3micas internacionales que se viven.<\/p>\n<p>Desvirtuar las manifestaciones, dijo, afecta a la ciudadan\u00eda, a los empresarios, los transportistas y a la sociedad en general, por lo que hizo un llamado a los mexiquenses para generar conciencia en esta materia y buscar alternativas de soluci\u00f3n.<\/p>\n","protected":false},"excerpt":{"rendered":"<p>El gobernador Eruviel \u00c1vila Villegas expres\u00f3 su solidaridad con quienes manifiestan su inconformidad  a trav\u00e9s de las protestas pac\u00edficas, pero asever\u00f3 que en el Estado de M\u00e9xico no se permitir\u00e1 que, con el pretexto de la liberaci\u00f3n del precio de la gasolina, haya quienes abusen y afecten a los mexiquenses mediante actos vand\u00e1licos, como las 71 personas que han sido detenidas hasta el momento.<\/p>\n","protected":false},"author":3,"featured_media":305761,"comment_status":"open","ping_status":"open","sticky":false,"template":"","format":"standard","meta":{"_monsterinsights_skip_tracking":false,"_monsterinsights_sitenote_active":false,"_monsterinsights_sitenote_note":"","_monsterinsights_sitenote_category":0,"footnotes":""},"categories":[5],"tags":[43675,28472,452],"class_list":["post-305653","post","type-post","status-publish","format-standard","has-post-thumbnail","hentry","category-estado-de-mexico","tag-estado-de-mexico","tag-protestas","tag-toluca"],"_links":{"self":[{"href":"https:\/\/www.diarioimagen.net\/index.php?rest_route=\/wp\/v2\/posts\/305653","targetHints":{"allow":["GET"]}}],"collection":[{"href":"https:\/\/www.diarioimagen.net\/index.php?rest_route=\/wp\/v2\/posts"}],"about":[{"href":"https:\/\/www.diarioimagen.net\/index.php?rest_route=\/wp\/v2\/types\/post"}],"author":[{"embeddable":true,"href":"https:\/\/www.diarioimagen.net\/index.php?rest_route=\/wp\/v2\/users\/3"}],"replies":[{"embeddable":true,"href":"https:\/\/www.diarioimagen.net\/index.php?rest_route=%2Fwp%2Fv2%2Fcomments&post=305653"}],"version-history":[{"count":0,"href":"https:\/\/www.diarioimagen.net\/index.php?rest_route=\/wp\/v2\/posts\/305653\/revisions"}],"wp:featuredmedia":[{"embeddable":true,"href":"https:\/\/www.diarioimagen.net\/index.php?rest_route=\/wp\/v2\/media\/305761"}],"wp:attachment":[{"href":"https:\/\/www.diarioimagen.net\/index.php?rest_route=%2Fwp%2Fv2%2Fmedia&parent=305653"}],"wp:term":[{"taxonomy":"category","embeddable":true,"href":"https:\/\/www.diarioimagen.net\/index.php?rest_route=%2Fwp%2Fv2%2Fcategories&post=305653"},{"taxonomy":"post_tag","embeddable":true,"href":"https:\/\/www.diarioimagen.net\/index.php?rest_route=%2Fwp%2Fv2%2Ftags&post=305653"}],"curies":[{"name":"wp","href":"https:\/\/api.w.org\/{rel}","templated":true}]}}