{"id":305655,"date":"2017-01-05T00:08:37","date_gmt":"2017-01-05T06:08:37","guid":{"rendered":"http:\/\/www.diarioimagen.net\/?p=305655"},"modified":"2017-01-05T04:21:56","modified_gmt":"2017-01-05T10:21:56","slug":"oportunidad-de-negocios-entre-panama-y-el-edomex","status":"publish","type":"post","link":"https:\/\/www.diarioimagen.net\/?p=305655","title":{"rendered":"Oportunidad de negocios entre Panam\u00e1 y el Edomex"},"content":{"rendered":"<h2>Arco Norte<\/h2>\n<h5>Jos\u00e9 Luis Monta\u00f1ez Aguilar<\/h5>\n<p>&nbsp;<\/p>\n<p><a href=\"http:\/\/www.diarioimagen.net\/?attachment_id=305741\" rel=\"attachment wp-att-305741\"><img loading=\"lazy\" decoding=\"async\" class=\"aligncenter size-large wp-image-305741\" src=\"http:\/\/www.diarioimagen.net\/wp-content\/uploads\/2017\/01\/arco-3029-460x259.jpg\" alt=\"\" width=\"460\" height=\"259\" srcset=\"https:\/\/www.diarioimagen.net\/wp-content\/uploads\/2017\/01\/arco-3029-460x259.jpg 460w, https:\/\/www.diarioimagen.net\/wp-content\/uploads\/2017\/01\/arco-3029-240x135.jpg 240w, https:\/\/www.diarioimagen.net\/wp-content\/uploads\/2017\/01\/arco-3029-235x132.jpg 235w, https:\/\/www.diarioimagen.net\/wp-content\/uploads\/2017\/01\/arco-3029-202x114.jpg 202w, https:\/\/www.diarioimagen.net\/wp-content\/uploads\/2017\/01\/arco-3029-350x196.jpg 350w, https:\/\/www.diarioimagen.net\/wp-content\/uploads\/2017\/01\/arco-3029-220x123.jpg 220w, https:\/\/www.diarioimagen.net\/wp-content\/uploads\/2017\/01\/arco-3029-237x132.jpg 237w, https:\/\/www.diarioimagen.net\/wp-content\/uploads\/2017\/01\/arco-3029.jpg 480w\" sizes=\"auto, (max-width: 460px) 100vw, 460px\" \/><\/a><\/p>\n<p>&nbsp;<\/p>\n<p>Al realizar una gira de trabajo por Panam\u00e1, el gobernador Eruviel \u00c1vila Villegas se reuni\u00f3 con el ministro de Comercio e Industrias, Augusto Arosemena, donde acordaron reforzar los lazos en materia de comercio entre la entidad mexiquense y este pa\u00eds de Centroam\u00e9rica, para contribuir con el crecimiento y desarrollo de sus comunidades.<\/p>\n<p>El mandatario estatal indic\u00f3 que para lograr este objetivo se organizar\u00e1n misiones empresariales tanto mexiquenses como paname\u00f1as, para que conozcan las \u00e1reas de oportunidad de negocios que ofrecen el Edomex y Panam\u00e1.Se\u00f1al\u00f3 que tambi\u00e9n se podr\u00eda crear un vuelo Panam\u00e1-Toluca, desde el Aeropuerto Internacional de Toluca, para promover e incrementar el turismo entre ambas regiones.<\/p>\n<p>Eruviel \u00c1vila destac\u00f3 algunas de las ventajas competitivas del Estado de M\u00e9xico, entre ellas, ser el principal centro log\u00edstico del pa\u00eds, tener m\u00e1s de 670 mil unidades econ\u00f3micas, adem\u00e1s de ocupar el segundo lugar entre las 32 entidades federativas, como un lugar ideal para hacer negocios, en el estudio Doing Business del Banco Mundial, y contar con juicios orales en materia mercantil.<\/p>\n<p>El gobernador tambi\u00e9n destac\u00f3 que el Estado de M\u00e9xico es l\u00edder en la industria automotriz y farmac\u00e9utica, y adem\u00e1s en territorio mexiquense se construye el nuevo aeropuerto internacional de M\u00e9xico, as\u00ed como el tren Toluca-M\u00e9xico, que ser\u00e1 el m\u00e1s r\u00e1pido de todo el continente.<\/p>\n<p>Por su parte, el ministro Augusto Arosemena manifest\u00f3 que Panam\u00e1 est\u00e1 interesado en establecer lazos comerciales a trav\u00e9s de misiones empresariales, adem\u00e1s de conocer la producci\u00f3n de artesan\u00edas mexiquenses e incrementar la actividad tur\u00edstica entre ambos.<\/p>\n<p><em><a href=\"mailto:montanezaguilar@gmail.com\" target=\"_blank\">montanezaguilar@gmail.com<\/a><\/em><\/p>\n","protected":false},"excerpt":{"rendered":"<p><span style=\"color: #005497;\">Jos\u00e9 Luis Monta\u00f1ez Aguilar<\/span><br \/>\n<br \/>\nAl realizar una gira de trabajo por Panam\u00e1, el gobernador Eruviel \u00c1vila Villegas se reuni\u00f3 con el ministro de Comercio e Industrias, Augusto Arosemena, donde acordaron reforzar los lazos en materia de comercio entre la entidad mexiquense y este pa\u00eds de Centroam\u00e9rica, para contribuir con el crecimiento y desarrollo de sus comunidades.<\/p>\n","protected":false},"author":3,"featured_media":305741,"comment_status":"open","ping_status":"open","sticky":false,"template":"","format":"standard","meta":{"_monsterinsights_skip_tracking":false,"_monsterinsights_sitenote_active":false,"_monsterinsights_sitenote_note":"","_monsterinsights_sitenote_category":0,"footnotes":""},"categories":[35155],"tags":[13284,43704,43674],"class_list":["post-305655","post","type-post","status-publish","format-standard","has-post-thumbnail","hentry","category-estado-de-mexico-estado-de-mexico","tag-arco-norte","tag-jose-luis-montanez-aguilar","tag-opinion"],"_links":{"self":[{"href":"https:\/\/www.diarioimagen.net\/index.php?rest_route=\/wp\/v2\/posts\/305655","targetHints":{"allow":["GET"]}}],"collection":[{"href":"https:\/\/www.diarioimagen.net\/index.php?rest_route=\/wp\/v2\/posts"}],"about":[{"href":"https:\/\/www.diarioimagen.net\/index.php?rest_route=\/wp\/v2\/types\/post"}],"author":[{"embeddable":true,"href":"https:\/\/www.diarioimagen.net\/index.php?rest_route=\/wp\/v2\/users\/3"}],"replies":[{"embeddable":true,"href":"https:\/\/www.diarioimagen.net\/index.php?rest_route=%2Fwp%2Fv2%2Fcomments&post=305655"}],"version-history":[{"count":0,"href":"https:\/\/www.diarioimagen.net\/index.php?rest_route=\/wp\/v2\/posts\/305655\/revisions"}],"wp:featuredmedia":[{"embeddable":true,"href":"https:\/\/www.diarioimagen.net\/index.php?rest_route=\/wp\/v2\/media\/305741"}],"wp:attachment":[{"href":"https:\/\/www.diarioimagen.net\/index.php?rest_route=%2Fwp%2Fv2%2Fmedia&parent=305655"}],"wp:term":[{"taxonomy":"category","embeddable":true,"href":"https:\/\/www.diarioimagen.net\/index.php?rest_route=%2Fwp%2Fv2%2Fcategories&post=305655"},{"taxonomy":"post_tag","embeddable":true,"href":"https:\/\/www.diarioimagen.net\/index.php?rest_route=%2Fwp%2Fv2%2Ftags&post=305655"}],"curies":[{"name":"wp","href":"https:\/\/api.w.org\/{rel}","templated":true}]}}