{"id":305662,"date":"2017-01-05T00:14:35","date_gmt":"2017-01-05T06:14:35","guid":{"rendered":"http:\/\/www.diarioimagen.net\/?p=305662"},"modified":"2017-01-05T04:26:00","modified_gmt":"2017-01-05T10:26:00","slug":"balacera-en-mercado-de-acapulco-deja-6-muertos","status":"publish","type":"post","link":"https:\/\/www.diarioimagen.net\/?p=305662","title":{"rendered":"Balacera en mercado de Acapulco deja 6 muertos"},"content":{"rendered":"<ul>\n<li><strong><em>Abren fuego contra la multitud<\/em><\/strong><\/li>\n<\/ul>\n<p>&nbsp;<\/p>\n<div id=\"attachment_305748\" style=\"width: 470px\" class=\"wp-caption aligncenter\"><a href=\"http:\/\/www.diarioimagen.net\/?attachment_id=305748\" rel=\"attachment wp-att-305748\"><img loading=\"lazy\" decoding=\"async\" aria-describedby=\"caption-attachment-305748\" class=\"size-large wp-image-305748\" src=\"http:\/\/www.diarioimagen.net\/wp-content\/uploads\/2017\/01\/ACAPULCO-3029-460x259.jpg\" alt=\"\" width=\"460\" height=\"259\" srcset=\"https:\/\/www.diarioimagen.net\/wp-content\/uploads\/2017\/01\/ACAPULCO-3029-460x259.jpg 460w, https:\/\/www.diarioimagen.net\/wp-content\/uploads\/2017\/01\/ACAPULCO-3029-240x135.jpg 240w, https:\/\/www.diarioimagen.net\/wp-content\/uploads\/2017\/01\/ACAPULCO-3029-235x132.jpg 235w, https:\/\/www.diarioimagen.net\/wp-content\/uploads\/2017\/01\/ACAPULCO-3029-202x114.jpg 202w, https:\/\/www.diarioimagen.net\/wp-content\/uploads\/2017\/01\/ACAPULCO-3029-350x196.jpg 350w, https:\/\/www.diarioimagen.net\/wp-content\/uploads\/2017\/01\/ACAPULCO-3029-220x123.jpg 220w, https:\/\/www.diarioimagen.net\/wp-content\/uploads\/2017\/01\/ACAPULCO-3029-237x132.jpg 237w, https:\/\/www.diarioimagen.net\/wp-content\/uploads\/2017\/01\/ACAPULCO-3029.jpg 480w\" sizes=\"auto, (max-width: 460px) 100vw, 460px\" \/><\/a><p id=\"caption-attachment-305748\" class=\"wp-caption-text\">Seis muertos y dos heridos es el saldo que arroj\u00f3 un ataque contra comerciantes ambulantes y clientela de un mercado en la colonia Emiliano Zapata.<\/p><\/div>\n<p>&nbsp;<\/p>\n<p>Un grupo de hombres armados mat\u00f3 a tiros a seis comerciantes afuera de las instalaciones de un centro comercial en la Colonia Emiliano Zapata, de Acapulco.<\/p>\n<p>Los hechos se registraron aproximadamente a las 12:20 horasde ayer, cuando dos hombres armados dispararon contra comerciantes y clientes y en seguida huyeron.<\/p>\n<p>Las v\u00edctimas fueron tres hombres tres mujeres, quienes cayeron entre los productos que comerciaban, en su mayor\u00eda ropa de segunda y puestos de productos nuevos.<\/p>\n<p>Comerciantes y compradores informaron que mientras los dos hombres abrieron fuego la mayor\u00eda de los presentes se tir\u00f3 al piso para evitar la muerte.<\/p>\n<p>Seg\u00fan versiones oficiales, en el lugar murieron cuatro vendedores y dos m\u00e1s fallecieron despu\u00e9s, cuando recib\u00edan atenci\u00f3n m\u00e9dica.<\/p>\n<p>En tanto, dos grupos armados se persiguieron a tiros en las dos principales avenidas de Tixtla. En el tiroteo, seis veh\u00edculos estacionados en una de las v\u00edas resultaron con da\u00f1os.<\/p>\n<p>De acuerdo con los reportes, el tiroteo empez\u00f3 luego que un grupo armado priv\u00f3 de su libertad a cuatro personas.<\/p>\n<p>Polic\u00edas estatales y elementos del Ej\u00e9rcito persiguieron a los delincuentes hasta la comunidad ind\u00edgena de Atliaca.<\/p>\n<p>Los delincuentes se refugiaron en un cerro, aunque informes extraoficiales indican que hay un detenido.<\/p>\n<p>&nbsp;<\/p>\n","protected":false},"excerpt":{"rendered":"<p>Un grupo de hombres armados mat\u00f3 a tiros a seis comerciantes afuera de las instalaciones de un centro comercial en la Colonia Emiliano Zapata, de Acapulco.<\/p>\n","protected":false},"author":3,"featured_media":305748,"comment_status":"open","ping_status":"open","sticky":false,"template":"","format":"standard","meta":{"_monsterinsights_skip_tracking":false,"_monsterinsights_sitenote_active":false,"_monsterinsights_sitenote_note":"","_monsterinsights_sitenote_category":0,"footnotes":""},"categories":[7],"tags":[46324,3068,22130,2135,43673,43677],"class_list":["post-305662","post","type-post","status-publish","format-standard","has-post-thumbnail","hentry","category-seguridad","tag-acapulco","tag-balacera","tag-mercado","tag-muertos","tag-nacional","tag-seguridad"],"_links":{"self":[{"href":"https:\/\/www.diarioimagen.net\/index.php?rest_route=\/wp\/v2\/posts\/305662","targetHints":{"allow":["GET"]}}],"collection":[{"href":"https:\/\/www.diarioimagen.net\/index.php?rest_route=\/wp\/v2\/posts"}],"about":[{"href":"https:\/\/www.diarioimagen.net\/index.php?rest_route=\/wp\/v2\/types\/post"}],"author":[{"embeddable":true,"href":"https:\/\/www.diarioimagen.net\/index.php?rest_route=\/wp\/v2\/users\/3"}],"replies":[{"embeddable":true,"href":"https:\/\/www.diarioimagen.net\/index.php?rest_route=%2Fwp%2Fv2%2Fcomments&post=305662"}],"version-history":[{"count":0,"href":"https:\/\/www.diarioimagen.net\/index.php?rest_route=\/wp\/v2\/posts\/305662\/revisions"}],"wp:featuredmedia":[{"embeddable":true,"href":"https:\/\/www.diarioimagen.net\/index.php?rest_route=\/wp\/v2\/media\/305748"}],"wp:attachment":[{"href":"https:\/\/www.diarioimagen.net\/index.php?rest_route=%2Fwp%2Fv2%2Fmedia&parent=305662"}],"wp:term":[{"taxonomy":"category","embeddable":true,"href":"https:\/\/www.diarioimagen.net\/index.php?rest_route=%2Fwp%2Fv2%2Fcategories&post=305662"},{"taxonomy":"post_tag","embeddable":true,"href":"https:\/\/www.diarioimagen.net\/index.php?rest_route=%2Fwp%2Fv2%2Ftags&post=305662"}],"curies":[{"name":"wp","href":"https:\/\/api.w.org\/{rel}","templated":true}]}}