{"id":305679,"date":"2017-01-05T00:06:03","date_gmt":"2017-01-05T06:06:03","guid":{"rendered":"http:\/\/www.diarioimagen.net\/?p=305679"},"modified":"2017-01-05T05:07:15","modified_gmt":"2017-01-05T11:07:15","slug":"gobierno-tultitlense-realizo-298-operativos-de-seguridad","status":"publish","type":"post","link":"https:\/\/www.diarioimagen.net\/?p=305679","title":{"rendered":"Gobierno tultitlense realiz\u00f3 298 operativos de seguridad"},"content":{"rendered":"<ul>\n<li><strong><em>Durante temporada decembrina<\/em><\/strong><\/li>\n<\/ul>\n<p>&nbsp;<\/p>\n<div id=\"attachment_305764\" style=\"width: 470px\" class=\"wp-caption aligncenter\"><a href=\"http:\/\/www.diarioimagen.net\/?attachment_id=305764\" rel=\"attachment wp-att-305764\"><img loading=\"lazy\" decoding=\"async\" aria-describedby=\"caption-attachment-305764\" class=\"size-large wp-image-305764\" src=\"http:\/\/www.diarioimagen.net\/wp-content\/uploads\/2017\/01\/TULTITLAN-3029-460x312.jpg\" alt=\"\" width=\"460\" height=\"312\" srcset=\"https:\/\/www.diarioimagen.net\/wp-content\/uploads\/2017\/01\/TULTITLAN-3029-460x312.jpg 460w, https:\/\/www.diarioimagen.net\/wp-content\/uploads\/2017\/01\/TULTITLAN-3029-240x163.jpg 240w, https:\/\/www.diarioimagen.net\/wp-content\/uploads\/2017\/01\/TULTITLAN-3029.jpg 537w\" sizes=\"auto, (max-width: 460px) 100vw, 460px\" \/><\/a><p id=\"caption-attachment-305764\" class=\"wp-caption-text\">Se desarrollaron un total de 298 operativos como; \u201cComercio Seguro\u201d, \u201cCajero\u201d, \u201cVelada\u201d, \u201cPolic\u00eda Comunitario\u201d y el \u201cOperativo Navidad\u201d.<\/p><\/div>\n<p>&nbsp;<\/p>\n<p><strong>Tultitl\u00e1n, Estado de M\u00e9xico<\/strong>.- Salvaguardar la integridad f\u00edsica y patrimonial no s\u00f3lo de los habitantes del municipio, sino tambi\u00e9n de visitantes y personas que transitan por la demarcaci\u00f3n, es el objetivo de las acciones emprendidas por la Comisar\u00eda de Seguridad P\u00fablica y Vialidad durante la temporada decembrina, misma que se dar\u00e1 por concluida el pr\u00f3ximo seis de enero con el operativo que se efectuar\u00e1 para asegurar que los Reyes Magos, puedan realizar sus compras de manera segura.<\/p>\n<p>As\u00ed lo asegur\u00f3 el titular del \u00e1rea, quien adem\u00e1s abund\u00f3 que por instrucciones del alcalde y \u00a0maestro en administraci\u00f3n p\u00fablica, Jorge Ad\u00e1n Barr\u00f3n Elizalde, durante esta temporada navide\u00f1a se puso especial \u00e9nfasis \u00a0en salvaguardar los bienes econ\u00f3micos de los ciudadanos, por ello se desarrollaron un total de 298 operativos como; \u201cComercio Seguro\u201d, \u201cCajero\u201d, \u201cVelada\u201d, \u201cPolic\u00eda Comunitario\u201d y el \u201cOperativo Navidad\u201d.<\/p>\n<p>Teniendo como resultados la revisi\u00f3n de 31,877 personas, 9,722 veh\u00edculos, as\u00ed como mil 228 personas ingresadas al juez calificador por faltas al Bando Municipal de Buen Gobierno, en tanto 57 personas fueron puestas a\u00a0 disposici\u00f3n del Ministerio P\u00fablico del Fuero Federal, 25 veh\u00edculos fueron asegurados por estar relacionados con alg\u00fan delito, y se aseguraron 3 armas blancas y un arma de fuego.<\/p>\n<p>Asimismo, asegur\u00f3 el responsable de la seguridad p\u00fablica en el municipio, que aunado a los operativos propios de la \u00e9poca, durante el pasado mes de diciembre tambi\u00e9n se desarrollaron 225 operativos que se efect\u00faan de manera rutinaria en los tres zonas geogr\u00e1ficas, entre los que destacan: \u201cEscuela Segura\u201d, \u201cCintur\u00f3n de Seguridad\u201d, \u201cCiudadano Seguro\u201d, \u201cAlto Impacto\u201d, \u201cCord\u00f3n de Seguridad\u201d y el operativo \u201cConjunto Estado, Municipios (C.E.M.)\u201d.<\/p>\n<p>&nbsp;<\/p>\n","protected":false},"excerpt":{"rendered":"<p> Salvaguardar la integridad f\u00edsica y patrimonial no s\u00f3lo de los habitantes del municipio, sino tambi\u00e9n de visitantes y personas que transitan por la demarcaci\u00f3n, es el objetivo de las acciones emprendidas por la Comisar\u00eda de Seguridad P\u00fablica y Vialidad durante la temporada decembrina, misma que se dar\u00e1 por concluida el pr\u00f3ximo seis de enero con el operativo que se efectuar\u00e1 para asegurar que los Reyes Magos, puedan realizar sus compras de manera segura.<\/p>\n","protected":false},"author":3,"featured_media":305764,"comment_status":"open","ping_status":"open","sticky":false,"template":"","format":"standard","meta":{"_monsterinsights_skip_tracking":false,"_monsterinsights_sitenote_active":false,"_monsterinsights_sitenote_note":"","_monsterinsights_sitenote_category":0,"footnotes":""},"categories":[35155],"tags":[43675,357,43677,578],"class_list":["post-305679","post","type-post","status-publish","format-standard","has-post-thumbnail","hentry","category-estado-de-mexico-estado-de-mexico","tag-estado-de-mexico","tag-operativos","tag-seguridad","tag-tultitlan"],"_links":{"self":[{"href":"https:\/\/www.diarioimagen.net\/index.php?rest_route=\/wp\/v2\/posts\/305679","targetHints":{"allow":["GET"]}}],"collection":[{"href":"https:\/\/www.diarioimagen.net\/index.php?rest_route=\/wp\/v2\/posts"}],"about":[{"href":"https:\/\/www.diarioimagen.net\/index.php?rest_route=\/wp\/v2\/types\/post"}],"author":[{"embeddable":true,"href":"https:\/\/www.diarioimagen.net\/index.php?rest_route=\/wp\/v2\/users\/3"}],"replies":[{"embeddable":true,"href":"https:\/\/www.diarioimagen.net\/index.php?rest_route=%2Fwp%2Fv2%2Fcomments&post=305679"}],"version-history":[{"count":0,"href":"https:\/\/www.diarioimagen.net\/index.php?rest_route=\/wp\/v2\/posts\/305679\/revisions"}],"wp:featuredmedia":[{"embeddable":true,"href":"https:\/\/www.diarioimagen.net\/index.php?rest_route=\/wp\/v2\/media\/305764"}],"wp:attachment":[{"href":"https:\/\/www.diarioimagen.net\/index.php?rest_route=%2Fwp%2Fv2%2Fmedia&parent=305679"}],"wp:term":[{"taxonomy":"category","embeddable":true,"href":"https:\/\/www.diarioimagen.net\/index.php?rest_route=%2Fwp%2Fv2%2Fcategories&post=305679"},{"taxonomy":"post_tag","embeddable":true,"href":"https:\/\/www.diarioimagen.net\/index.php?rest_route=%2Fwp%2Fv2%2Ftags&post=305679"}],"curies":[{"name":"wp","href":"https:\/\/api.w.org\/{rel}","templated":true}]}}