{"id":305685,"date":"2017-01-05T00:03:23","date_gmt":"2017-01-05T06:03:23","guid":{"rendered":"http:\/\/www.diarioimagen.net\/?p=305685"},"modified":"2017-01-05T06:52:54","modified_gmt":"2017-01-05T12:52:54","slug":"ubica-metepec-albergues-por-la-actual-temporada-invernal","status":"publish","type":"post","link":"https:\/\/www.diarioimagen.net\/?p=305685","title":{"rendered":"Ubica Metepec albergues por la actual temporada invernal"},"content":{"rendered":"<ul>\n<li><strong><em>Previsiones ante bajas temperaturas<\/em><\/strong><\/li>\n<\/ul>\n<p>&nbsp;<\/p>\n<div id=\"attachment_305773\" style=\"width: 470px\" class=\"wp-caption aligncenter\"><a href=\"http:\/\/www.diarioimagen.net\/?attachment_id=305773\" rel=\"attachment wp-att-305773\"><img loading=\"lazy\" decoding=\"async\" aria-describedby=\"caption-attachment-305773\" class=\"size-large wp-image-305773\" src=\"http:\/\/www.diarioimagen.net\/wp-content\/uploads\/2017\/01\/METEPEC-3029-460x259.jpg\" alt=\"\" width=\"460\" height=\"259\" srcset=\"https:\/\/www.diarioimagen.net\/wp-content\/uploads\/2017\/01\/METEPEC-3029-460x259.jpg 460w, https:\/\/www.diarioimagen.net\/wp-content\/uploads\/2017\/01\/METEPEC-3029-240x135.jpg 240w, https:\/\/www.diarioimagen.net\/wp-content\/uploads\/2017\/01\/METEPEC-3029-235x132.jpg 235w, https:\/\/www.diarioimagen.net\/wp-content\/uploads\/2017\/01\/METEPEC-3029-202x114.jpg 202w, https:\/\/www.diarioimagen.net\/wp-content\/uploads\/2017\/01\/METEPEC-3029-350x196.jpg 350w, https:\/\/www.diarioimagen.net\/wp-content\/uploads\/2017\/01\/METEPEC-3029-220x123.jpg 220w, https:\/\/www.diarioimagen.net\/wp-content\/uploads\/2017\/01\/METEPEC-3029-237x132.jpg 237w, https:\/\/www.diarioimagen.net\/wp-content\/uploads\/2017\/01\/METEPEC-3029.jpg 480w\" sizes=\"auto, (max-width: 460px) 100vw, 460px\" \/><\/a><p id=\"caption-attachment-305773\" class=\"wp-caption-text\">Autoridades tienen dispuestos los inmuebles de la Casa de D\u00eda del Adulto Mayor en la comunidad de San Sebasti\u00e1n, y la Unidad Deportiva \u201cMart\u00edn Alarc\u00f3n Hisojo\u201d en San Francisco Coaxusco.<\/p><\/div>\n<p>&nbsp;<\/p>\n<p><strong>Metepec, Estado de M\u00e9xico<\/strong>.-\u00a0En esta temporada de invierno, el gobierno de Metepec tiene listo tres albergues en caso de ser requeridos por vecinos para resguardar su integridad ante posible cambio de clima.<\/p>\n<p>Ain cuando en las \u00faltimas horas el clima g\u00e9lido no ha sido caracter\u00edstico en el Valle de Toluca, de acuerdo a especialistas podr\u00eda bajar la temperatura en las siguientes semanas, por ende, las autoridades de este municipio tiene dispuestos los inmuebles de la Casa de D\u00eda del Adulto Mayor en la comunidad de San Sebasti\u00e1n, la delegaci\u00f3n municipal de San Bartolom\u00e9 Tlaltelulco y la Unidad Deportiva \u201cMart\u00edn Alarc\u00f3n Hisojo\u201d en San Francisco Coaxusco.<\/p>\n<p>En los tres lugares, estrat\u00e9gicamente ubicados, existe la disponibilidad para atender a las personas que as\u00ed lo necesiten con alimentaci\u00f3n y abrigo, proporcionados \u00e9stos por el Sistema Municipal DIF\u00a0\u00a0y la Direcci\u00f3n de Desarrollo Social.<\/p>\n<p>Hasta el momento, refieren autoridades, no ha existido caso alguno para operar los albergues; sin embargo, se encuentran en alerta\u00a0 para asistir a quien lo necesite de forma inmediata.<\/p>\n<p>&nbsp;<\/p>\n","protected":false},"excerpt":{"rendered":"<p>En esta temporada de invierno, el gobierno de Metepec tiene listo tres albergues en caso de ser requeridos por vecinos para resguardar su integridad ante posible cambio de clima.<\/p>\n","protected":false},"author":3,"featured_media":305773,"comment_status":"open","ping_status":"open","sticky":false,"template":"","format":"standard","meta":{"_monsterinsights_skip_tracking":false,"_monsterinsights_sitenote_active":false,"_monsterinsights_sitenote_note":"","_monsterinsights_sitenote_category":0,"footnotes":""},"categories":[35155],"tags":[43675,876,25836,872],"class_list":["post-305685","post","type-post","status-publish","format-standard","has-post-thumbnail","hentry","category-estado-de-mexico-estado-de-mexico","tag-estado-de-mexico","tag-metepec","tag-temporada-invernal","tag-valle-de-toluca"],"_links":{"self":[{"href":"https:\/\/www.diarioimagen.net\/index.php?rest_route=\/wp\/v2\/posts\/305685","targetHints":{"allow":["GET"]}}],"collection":[{"href":"https:\/\/www.diarioimagen.net\/index.php?rest_route=\/wp\/v2\/posts"}],"about":[{"href":"https:\/\/www.diarioimagen.net\/index.php?rest_route=\/wp\/v2\/types\/post"}],"author":[{"embeddable":true,"href":"https:\/\/www.diarioimagen.net\/index.php?rest_route=\/wp\/v2\/users\/3"}],"replies":[{"embeddable":true,"href":"https:\/\/www.diarioimagen.net\/index.php?rest_route=%2Fwp%2Fv2%2Fcomments&post=305685"}],"version-history":[{"count":0,"href":"https:\/\/www.diarioimagen.net\/index.php?rest_route=\/wp\/v2\/posts\/305685\/revisions"}],"wp:featuredmedia":[{"embeddable":true,"href":"https:\/\/www.diarioimagen.net\/index.php?rest_route=\/wp\/v2\/media\/305773"}],"wp:attachment":[{"href":"https:\/\/www.diarioimagen.net\/index.php?rest_route=%2Fwp%2Fv2%2Fmedia&parent=305685"}],"wp:term":[{"taxonomy":"category","embeddable":true,"href":"https:\/\/www.diarioimagen.net\/index.php?rest_route=%2Fwp%2Fv2%2Fcategories&post=305685"},{"taxonomy":"post_tag","embeddable":true,"href":"https:\/\/www.diarioimagen.net\/index.php?rest_route=%2Fwp%2Fv2%2Ftags&post=305685"}],"curies":[{"name":"wp","href":"https:\/\/api.w.org\/{rel}","templated":true}]}}