{"id":305687,"date":"2017-01-05T00:02:37","date_gmt":"2017-01-05T06:02:37","guid":{"rendered":"http:\/\/www.diarioimagen.net\/?p=305687"},"modified":"2017-01-05T06:53:55","modified_gmt":"2017-01-05T12:53:55","slug":"servicio-de-recoleccion-de-basura-garantizado-tomas-palomares","status":"publish","type":"post","link":"https:\/\/www.diarioimagen.net\/?p=305687","title":{"rendered":"Servicio de recolecci\u00f3n de basura, garantizado: Tom\u00e1s Palomares"},"content":{"rendered":"<div id=\"attachment_305777\" style=\"width: 470px\" class=\"wp-caption aligncenter\"><a href=\"http:\/\/www.diarioimagen.net\/?attachment_id=305777\" rel=\"attachment wp-att-305777\"><img loading=\"lazy\" decoding=\"async\" aria-describedby=\"caption-attachment-305777\" class=\"size-large wp-image-305777\" src=\"http:\/\/www.diarioimagen.net\/wp-content\/uploads\/2017\/01\/NAUCALPAN-3029-460x259.jpg\" alt=\"\" width=\"460\" height=\"259\" srcset=\"https:\/\/www.diarioimagen.net\/wp-content\/uploads\/2017\/01\/NAUCALPAN-3029-460x259.jpg 460w, https:\/\/www.diarioimagen.net\/wp-content\/uploads\/2017\/01\/NAUCALPAN-3029-240x135.jpg 240w, https:\/\/www.diarioimagen.net\/wp-content\/uploads\/2017\/01\/NAUCALPAN-3029-235x132.jpg 235w, https:\/\/www.diarioimagen.net\/wp-content\/uploads\/2017\/01\/NAUCALPAN-3029-202x114.jpg 202w, https:\/\/www.diarioimagen.net\/wp-content\/uploads\/2017\/01\/NAUCALPAN-3029-350x196.jpg 350w, https:\/\/www.diarioimagen.net\/wp-content\/uploads\/2017\/01\/NAUCALPAN-3029-220x123.jpg 220w, https:\/\/www.diarioimagen.net\/wp-content\/uploads\/2017\/01\/NAUCALPAN-3029-237x132.jpg 237w, https:\/\/www.diarioimagen.net\/wp-content\/uploads\/2017\/01\/NAUCALPAN-3029.jpg 480w\" sizes=\"auto, (max-width: 460px) 100vw, 460px\" \/><\/a><p id=\"caption-attachment-305777\" class=\"wp-caption-text\">Autoridades tienen dispuestos los inmuebles de la Casa de D\u00eda del Adulto Mayor en la comunidad de San Sebasti\u00e1n, y la Unidad Deportiva \u201cMart\u00edn Alarc\u00f3n Hisojo\u201d en San Francisco Coaxusco.<\/p><\/div>\n<p>&nbsp;<\/p>\n<p><strong>Naucalpan, Estado de M\u00e9xico.- <\/strong>El Sindicato \u00danico de Trabajadores del Estado y sus Municipios (SUTEyM) garantizar\u00e1 el cumplimiento de servicios p\u00fablicos en la localidad, incluida la recolecci\u00f3n de basura,\u00a0pese a los bloqueos que existen en varios puntos, y con ello no se afecte a la ciudadan\u00eda. As\u00ed lo segur\u00f3 en entrevista, su l\u00edder, Tom\u00e1s Palomares Parra, luego de mantener una reuni\u00f3n con Francisco \u00c1lvarez Moreno, director de Servicios P\u00fablicos.<\/p>\n<p>&nbsp;<\/p>\n","protected":false},"excerpt":{"rendered":"<p>El Sindicato \u00danico de Trabajadores del Estado y sus Municipios (SUTEyM) garantizar\u00e1 el cumplimiento de servicios p\u00fablicos en la localidad, incluida la recolecci\u00f3n de basura, pese a los bloqueos que existen en varios puntos, y con ello no se afecte a la ciudadan\u00eda. As\u00ed lo segur\u00f3 en entrevista, su l\u00edder, Tom\u00e1s Palomares Parra, luego de mantener una reuni\u00f3n con Francisco \u00c1lvarez Moreno, director de Servicios P\u00fablicos.<\/p>\n","protected":false},"author":3,"featured_media":305777,"comment_status":"open","ping_status":"open","sticky":false,"template":"","format":"standard","meta":{"_monsterinsights_skip_tracking":false,"_monsterinsights_sitenote_active":false,"_monsterinsights_sitenote_note":"","_monsterinsights_sitenote_category":0,"footnotes":""},"categories":[35155],"tags":[43675,970,47930],"class_list":["post-305687","post","type-post","status-publish","format-standard","has-post-thumbnail","hentry","category-estado-de-mexico-estado-de-mexico","tag-estado-de-mexico","tag-naucalpan","tag-sindicato-unico-de-trabajadores-del-estado-y-sus-municipios"],"_links":{"self":[{"href":"https:\/\/www.diarioimagen.net\/index.php?rest_route=\/wp\/v2\/posts\/305687","targetHints":{"allow":["GET"]}}],"collection":[{"href":"https:\/\/www.diarioimagen.net\/index.php?rest_route=\/wp\/v2\/posts"}],"about":[{"href":"https:\/\/www.diarioimagen.net\/index.php?rest_route=\/wp\/v2\/types\/post"}],"author":[{"embeddable":true,"href":"https:\/\/www.diarioimagen.net\/index.php?rest_route=\/wp\/v2\/users\/3"}],"replies":[{"embeddable":true,"href":"https:\/\/www.diarioimagen.net\/index.php?rest_route=%2Fwp%2Fv2%2Fcomments&post=305687"}],"version-history":[{"count":0,"href":"https:\/\/www.diarioimagen.net\/index.php?rest_route=\/wp\/v2\/posts\/305687\/revisions"}],"wp:featuredmedia":[{"embeddable":true,"href":"https:\/\/www.diarioimagen.net\/index.php?rest_route=\/wp\/v2\/media\/305777"}],"wp:attachment":[{"href":"https:\/\/www.diarioimagen.net\/index.php?rest_route=%2Fwp%2Fv2%2Fmedia&parent=305687"}],"wp:term":[{"taxonomy":"category","embeddable":true,"href":"https:\/\/www.diarioimagen.net\/index.php?rest_route=%2Fwp%2Fv2%2Fcategories&post=305687"},{"taxonomy":"post_tag","embeddable":true,"href":"https:\/\/www.diarioimagen.net\/index.php?rest_route=%2Fwp%2Fv2%2Ftags&post=305687"}],"curies":[{"name":"wp","href":"https:\/\/api.w.org\/{rel}","templated":true}]}}