{"id":305828,"date":"2017-01-06T00:10:05","date_gmt":"2017-01-06T06:10:05","guid":{"rendered":"http:\/\/www.diarioimagen.net\/?p=305828"},"modified":"2017-01-05T23:36:04","modified_gmt":"2017-01-06T05:36:04","slug":"se-proyectan-18-obras-de-electrificacion-en-los-valles-de-mexico-y-toluca","status":"publish","type":"post","link":"https:\/\/www.diarioimagen.net\/?p=305828","title":{"rendered":"Se proyectan m\u00e1s obras de electrificaci\u00f3n"},"content":{"rendered":"<h2>Arco Norte<\/h2>\n<h5>Jos\u00e9 Luis Monta\u00f1ez Aguilar<\/h5>\n<p>&nbsp;<\/p>\n<div id=\"attachment_305829\" style=\"width: 470px\" class=\"wp-caption aligncenter\"><a href=\"http:\/\/www.diarioimagen.net\/?attachment_id=305829\" rel=\"attachment wp-att-305829\"><img loading=\"lazy\" decoding=\"async\" aria-describedby=\"caption-attachment-305829\" class=\"size-large wp-image-305829\" src=\"http:\/\/www.diarioimagen.net\/wp-content\/uploads\/2017\/01\/ELECTRIFICACION6-portal-460x268.jpg\" alt=\"\" width=\"460\" height=\"268\" srcset=\"https:\/\/www.diarioimagen.net\/wp-content\/uploads\/2017\/01\/ELECTRIFICACION6-portal-460x268.jpg 460w, https:\/\/www.diarioimagen.net\/wp-content\/uploads\/2017\/01\/ELECTRIFICACION6-portal-240x140.jpg 240w, https:\/\/www.diarioimagen.net\/wp-content\/uploads\/2017\/01\/ELECTRIFICACION6-portal.jpg 480w\" sizes=\"auto, (max-width: 460px) 100vw, 460px\" \/><\/a><p id=\"caption-attachment-305829\" class=\"wp-caption-text\">Llevar\u00e1n suministro de energ\u00eda a comunidades del Valle de M\u00e9xico, as\u00ed como localidades d el Valle de Toluca.<\/p><\/div>\n<p>&nbsp;<\/p>\n<p>Para mejorar la calidad de vida de los mexiquenses, optimizando los recursos para hacer m\u00e1s obras, la Direcci\u00f3n General de Electrificaci\u00f3n realizar\u00e1 18 obras para llevar el suministro de energ\u00eda a comunidades de los municipios de La Paz y Texcoco, ubicados en el Valle de M\u00e9xico, as\u00ed como localidades en Ixtapan del Oro y San Jos\u00e9 del Rinc\u00f3n en el Valle de Toluca.<\/p>\n<p>Por ello, Armando \u00c1lvarez, director general de Electrificaci\u00f3n del Estado de M\u00e9xico, asegur\u00f3 que durante el 2017 a trav\u00e9s de la ampliaci\u00f3n de las redes de electricidad en zonas rurales y urbanas, se brindar\u00e1n mejores servicios, que favorecen el impulso social y econ\u00f3mico de la poblaci\u00f3n.<\/p>\n<p>Agreg\u00f3 que en lo econ\u00f3mico favorece la captaci\u00f3n de inversi\u00f3n y el desarrollo de los peque\u00f1os comercios que aumentan su tiempo de operaci\u00f3n, adem\u00e1s, el uso de la energ\u00eda el\u00e9ctrica reduce el consumo de combustible contaminante, y mejora la calidad del aire.<\/p>\n<p>Armando \u00c1lvarez recalc\u00f3 que obras como estas refrendan la estrategia emprendida por el gobernador Eruviel \u00c1vila, para mejorar la calidad de vida de los mexiquenses, con infraestructura el\u00e9ctrica, as\u00ed como las realizadas en meses pasados, como el anuncio de la instalaci\u00f3n de 200 mil luminarias led en distintos puntos de la entidad, y que forman parte del programa \u201cRehabilitaci\u00f3n, Modernizaci\u00f3n y Operaci\u00f3n de la Infraestructura de Alumbrado P\u00fablico 2016\u201d.<\/p>\n<p style=\"text-align: center;\"><strong>Construyen L\u00ednea Metropolitana de Agua Potable<\/strong><\/p>\n<p>La Comisi\u00f3n de Agua del Estado de M\u00e9xico (CAEM) construye con fondos metropolitanos y del Fideicomiso 1928, la L\u00ednea Metropolitana de Agua Potable, adem\u00e1s de ampliar y modernizar redes hidr\u00e1ulicas y sanitarias, para brindar a los mexiquenses mejores servicios.<\/p>\n<p>\u201cTenemos obras como la L\u00ednea Metropolitana de Agua Potable que nos permitir\u00e1 mejorar el abasto del l\u00edquido en la zona oriente de la entidad, sobre todo en zonas como Ecatepec y Nezahualc\u00f3yotl, que tenemos la instrucci\u00f3n del gobernador de incrementar la eficiencia en el abasto del agua potable\u201d, expres\u00f3 el vocal de CAEM, Jos\u00e9 Manuel Camacho Salm\u00f3n. Inform\u00f3 que a pesar de que este a\u00f1o se proyect\u00f3 una contenci\u00f3n del gasto del 56%, la eficiencia e ingenier\u00eda presupuestal permitir\u00e1 continuar con las obras proyectadas.<\/p>\n<p><em><a href=\"mailto:montanezaguilar@gmail.com\" target=\"_blank\">montanezaguilar@gmail.com<\/a><\/em><\/p>\n","protected":false},"excerpt":{"rendered":"<p><span style=\"color: #005497;\">Jos\u00e9 Luis Monta\u00f1ez Aguilar<\/span><br \/>\n<br \/>\nPara mejorar la calidad de vida de los mexiquenses, optimizando los recursos para hacer m\u00e1s obras, la Direcci\u00f3n General de Electrificaci\u00f3n realizar\u00e1 18 obras para llevar el suministro de energ\u00eda a comunidades de los municipios de La Paz y Texcoco, ubicados en el Valle de M\u00e9xico, as\u00ed como localidades en Ixtapan del Oro y San Jos\u00e9 del Rinc\u00f3n en el Valle de Toluca.<\/p>\n","protected":false},"author":5,"featured_media":305829,"comment_status":"open","ping_status":"open","sticky":false,"template":"","format":"standard","meta":{"_monsterinsights_skip_tracking":false,"_monsterinsights_sitenote_active":false,"_monsterinsights_sitenote_note":"","_monsterinsights_sitenote_category":0,"footnotes":""},"categories":[5],"tags":[13284,24210,43704,44,43674],"class_list":["post-305828","post","type-post","status-publish","format-standard","has-post-thumbnail","hentry","category-estado-de-mexico","tag-arco-norte","tag-electrificacion","tag-jose-luis-montanez-aguilar","tag-mexico","tag-opinion"],"_links":{"self":[{"href":"https:\/\/www.diarioimagen.net\/index.php?rest_route=\/wp\/v2\/posts\/305828","targetHints":{"allow":["GET"]}}],"collection":[{"href":"https:\/\/www.diarioimagen.net\/index.php?rest_route=\/wp\/v2\/posts"}],"about":[{"href":"https:\/\/www.diarioimagen.net\/index.php?rest_route=\/wp\/v2\/types\/post"}],"author":[{"embeddable":true,"href":"https:\/\/www.diarioimagen.net\/index.php?rest_route=\/wp\/v2\/users\/5"}],"replies":[{"embeddable":true,"href":"https:\/\/www.diarioimagen.net\/index.php?rest_route=%2Fwp%2Fv2%2Fcomments&post=305828"}],"version-history":[{"count":0,"href":"https:\/\/www.diarioimagen.net\/index.php?rest_route=\/wp\/v2\/posts\/305828\/revisions"}],"wp:featuredmedia":[{"embeddable":true,"href":"https:\/\/www.diarioimagen.net\/index.php?rest_route=\/wp\/v2\/media\/305829"}],"wp:attachment":[{"href":"https:\/\/www.diarioimagen.net\/index.php?rest_route=%2Fwp%2Fv2%2Fmedia&parent=305828"}],"wp:term":[{"taxonomy":"category","embeddable":true,"href":"https:\/\/www.diarioimagen.net\/index.php?rest_route=%2Fwp%2Fv2%2Fcategories&post=305828"},{"taxonomy":"post_tag","embeddable":true,"href":"https:\/\/www.diarioimagen.net\/index.php?rest_route=%2Fwp%2Fv2%2Ftags&post=305828"}],"curies":[{"name":"wp","href":"https:\/\/api.w.org\/{rel}","templated":true}]}}