{"id":305888,"date":"2017-01-06T00:07:11","date_gmt":"2017-01-06T06:07:11","guid":{"rendered":"http:\/\/www.diarioimagen.net\/?p=305888"},"modified":"2017-01-06T03:21:36","modified_gmt":"2017-01-06T09:21:36","slug":"llama-alcaldesa-a-mantener-la-calma-ante-psicosis-por-saqueos","status":"publish","type":"post","link":"https:\/\/www.diarioimagen.net\/?p=305888","title":{"rendered":"Llama alcaldesa a mantener la calma ante psicosis por saqueos"},"content":{"rendered":"<ul>\n<li><strong><em>Desinformaci\u00f3n en redes sociales<\/em><\/strong><\/li>\n<\/ul>\n<p>&nbsp;<\/p>\n<div id=\"attachment_305990\" style=\"width: 470px\" class=\"wp-caption aligncenter\"><a href=\"http:\/\/www.diarioimagen.net\/?attachment_id=305990\" rel=\"attachment wp-att-305990\"><img loading=\"lazy\" decoding=\"async\" aria-describedby=\"caption-attachment-305990\" class=\"size-large wp-image-305990\" src=\"http:\/\/www.diarioimagen.net\/wp-content\/uploads\/2017\/01\/ATIZAPAN-3030-460x259.jpg\" alt=\"\" width=\"460\" height=\"259\" srcset=\"https:\/\/www.diarioimagen.net\/wp-content\/uploads\/2017\/01\/ATIZAPAN-3030-460x259.jpg 460w, https:\/\/www.diarioimagen.net\/wp-content\/uploads\/2017\/01\/ATIZAPAN-3030-240x135.jpg 240w, https:\/\/www.diarioimagen.net\/wp-content\/uploads\/2017\/01\/ATIZAPAN-3030-235x132.jpg 235w, https:\/\/www.diarioimagen.net\/wp-content\/uploads\/2017\/01\/ATIZAPAN-3030-202x114.jpg 202w, https:\/\/www.diarioimagen.net\/wp-content\/uploads\/2017\/01\/ATIZAPAN-3030-350x196.jpg 350w, https:\/\/www.diarioimagen.net\/wp-content\/uploads\/2017\/01\/ATIZAPAN-3030-220x123.jpg 220w, https:\/\/www.diarioimagen.net\/wp-content\/uploads\/2017\/01\/ATIZAPAN-3030-237x132.jpg 237w, https:\/\/www.diarioimagen.net\/wp-content\/uploads\/2017\/01\/ATIZAPAN-3030.jpg 480w\" sizes=\"auto, (max-width: 460px) 100vw, 460px\" \/><\/a><p id=\"caption-attachment-305990\" class=\"wp-caption-text\">La presidenta municipal, Ana Mar\u00eda Balderas, garantiz\u00f3 la integridad f\u00edsica de las personas que acuden de paseo o a realizar compras a las plazas comerciales.<\/p><\/div>\n<p>&nbsp;<\/p>\n<p><strong>Atizap\u00e1n, Estado de M\u00e9xico<\/strong>.- La presidenta municipal, Ana Mar\u00eda Balderas Trejo, hizo un llamado a la ciudadan\u00eda a no caer en la desinformaci\u00f3n y dejarse llevar por los comentarios que circulan en las redes sociales sobre los saqueos a centros comerciales en el municipio.<\/p>\n<p>Si bien es conocido que varias gasoliner\u00edas, tiendas, locales y plazas comerciales mantienen por propia voluntad sus cortinas e instalaciones cerradas en Atizap\u00e1n como medida de precauci\u00f3n ante las diferentes amenazas de saqueo y disturbios convocadas en medios masivos, como el Facebook, Whasapp y Twitter, la realidad es que hasta el momento esto no ha ocurrido y s\u00f3lo se ha presentado un ligero incidente de parte de algunos manifestantes, los cuales aprovecharon el momento para delinquir y cometer actos vand\u00e1licos.<\/p>\n<p>En un recorrido realizado en el municipio por la mandataria local invit\u00f3 a los atizapenses a mantener la calma y no caer en una etapa de psicosis colectiva al dejarse llevar por la mala informaci\u00f3n que circula en las redes sociales, pero al mismo tiempo recomend\u00f3 estar alerta y reportar cualquier acto vand\u00e1lico o actitud sospechosa que pudiera poner en riesgo su seguridad.<\/p>\n<p>La edil subray\u00f3 que el estado de fuerza de la Direcci\u00f3n de Seguridad P\u00fablica y Tr\u00e1nsito Municipal y las c\u00e1maras de videovigilancia del C-4, as\u00ed como los paneles de emergencia, se encuentra trabajando en todo momento para salvaguardad la integridad f\u00edsica de las personas que acuden de paseo o a realizar compras a las diferentes plazas comerciales.<\/p>\n","protected":false},"excerpt":{"rendered":"<p>La presidenta municipal, Ana Mar\u00eda Balderas Trejo, hizo un llamado a la ciudadan\u00eda a no caer en la desinformaci\u00f3n y dejarse llevar por los comentarios que circulan en las redes sociales sobre los saqueos a centros comerciales en el municipio.<\/p>\n","protected":false},"author":3,"featured_media":305990,"comment_status":"open","ping_status":"open","sticky":false,"template":"","format":"standard","meta":{"_monsterinsights_skip_tracking":false,"_monsterinsights_sitenote_active":false,"_monsterinsights_sitenote_note":"","_monsterinsights_sitenote_category":0,"footnotes":""},"categories":[35155],"tags":[56942,47219,969,43675],"class_list":["post-305888","post","type-post","status-publish","format-standard","has-post-thumbnail","hentry","category-estado-de-mexico-estado-de-mexico","tag-actos-vandalicos","tag-ana-maria-balderas-trejo","tag-atizapan","tag-estado-de-mexico"],"_links":{"self":[{"href":"https:\/\/www.diarioimagen.net\/index.php?rest_route=\/wp\/v2\/posts\/305888","targetHints":{"allow":["GET"]}}],"collection":[{"href":"https:\/\/www.diarioimagen.net\/index.php?rest_route=\/wp\/v2\/posts"}],"about":[{"href":"https:\/\/www.diarioimagen.net\/index.php?rest_route=\/wp\/v2\/types\/post"}],"author":[{"embeddable":true,"href":"https:\/\/www.diarioimagen.net\/index.php?rest_route=\/wp\/v2\/users\/3"}],"replies":[{"embeddable":true,"href":"https:\/\/www.diarioimagen.net\/index.php?rest_route=%2Fwp%2Fv2%2Fcomments&post=305888"}],"version-history":[{"count":0,"href":"https:\/\/www.diarioimagen.net\/index.php?rest_route=\/wp\/v2\/posts\/305888\/revisions"}],"wp:featuredmedia":[{"embeddable":true,"href":"https:\/\/www.diarioimagen.net\/index.php?rest_route=\/wp\/v2\/media\/305990"}],"wp:attachment":[{"href":"https:\/\/www.diarioimagen.net\/index.php?rest_route=%2Fwp%2Fv2%2Fmedia&parent=305888"}],"wp:term":[{"taxonomy":"category","embeddable":true,"href":"https:\/\/www.diarioimagen.net\/index.php?rest_route=%2Fwp%2Fv2%2Fcategories&post=305888"},{"taxonomy":"post_tag","embeddable":true,"href":"https:\/\/www.diarioimagen.net\/index.php?rest_route=%2Fwp%2Fv2%2Ftags&post=305888"}],"curies":[{"name":"wp","href":"https:\/\/api.w.org\/{rel}","templated":true}]}}