{"id":305890,"date":"2017-01-06T00:06:34","date_gmt":"2017-01-06T06:06:34","guid":{"rendered":"http:\/\/www.diarioimagen.net\/?p=305890"},"modified":"2017-01-06T03:22:59","modified_gmt":"2017-01-06T09:22:59","slug":"normalidad-en-obras-y-servicios-en-tultepec-armando-portuguez","status":"publish","type":"post","link":"https:\/\/www.diarioimagen.net\/?p=305890","title":{"rendered":"Normalidad en obras y servicios en Tultepec: Armando Portuguez"},"content":{"rendered":"<ul>\n<li><strong><em>Pide continuar con actividades cotidianas<\/em><\/strong><\/li>\n<\/ul>\n<p>&nbsp;<\/p>\n<div id=\"attachment_305993\" style=\"width: 470px\" class=\"wp-caption aligncenter\"><a href=\"http:\/\/www.diarioimagen.net\/?attachment_id=305993\" rel=\"attachment wp-att-305993\"><img loading=\"lazy\" decoding=\"async\" aria-describedby=\"caption-attachment-305993\" class=\"size-large wp-image-305993\" src=\"http:\/\/www.diarioimagen.net\/wp-content\/uploads\/2017\/01\/TULTEPEC-3030-460x307.jpg\" alt=\"\" width=\"460\" height=\"307\" srcset=\"https:\/\/www.diarioimagen.net\/wp-content\/uploads\/2017\/01\/TULTEPEC-3030-460x307.jpg 460w, https:\/\/www.diarioimagen.net\/wp-content\/uploads\/2017\/01\/TULTEPEC-3030-240x160.jpg 240w, https:\/\/www.diarioimagen.net\/wp-content\/uploads\/2017\/01\/TULTEPEC-3030.jpg 700w\" sizes=\"auto, (max-width: 460px) 100vw, 460px\" \/><\/a><p id=\"caption-attachment-305993\" class=\"wp-caption-text\">La polic\u00eda de Tultepec realiza operativos permanentes en sitios de gran afluencia y en vialidades primarias para salvaguardar la integridad f\u00edsica de las personas.<\/p><\/div>\n<p>&nbsp;<\/p>\n<p><strong>Tultepec, Estado de M\u00e9xico<\/strong>.- Llama gobierno municipal a la ciudadan\u00eda para que contin\u00fae sus actividades cotidianas sin dejarse llevar por falsos anuncios que incitan a quedarse en sus casas y no salir a la calle.<\/p>\n<p>El alcalde, Armando Portuguez Fuentes, asegur\u00f3 que los servicios que presta el gobierno municipal se desarrollan con normalidad tanto en las unidades deportivas, cl\u00ednicas del DIF, servicio de limpia, obras p\u00fablicas en proceso, y sobre todo, en materia de seguridad.<\/p>\n<p>Explic\u00f3 que si bien, \u201cel incremento de los combustibles e insumos afectar\u00e1 considerablemente la realizaci\u00f3n de obras p\u00fablicas programadas con antelaci\u00f3n, no se detendr\u00e1n con ese pretexto, porque es un compromiso de este gobierno, seguir trabajando m\u00e1s y mejor en obras y servicios para un mejor Tultepec, a favor de la ciudadan\u00eda\u201d.<\/p>\n<p>Ante la incertidumbre generada en redes sociales sobre supuestos actos de violencia en la zona centro del municipio, as\u00ed como en tiendas de autoservicio, el comisario de Seguridad Ciudadana, Pablo Tapia Almaraz, inform\u00f3 que la polic\u00eda local realiza operativos permanentes en sitios de gran afluencia y en vialidades primarias para salvaguardar la integridad f\u00edsica de las personas y de sus bienes.<\/p>\n<p>Hizo un llamado a los tultepequenses para no creer en todo lo que se dice en redes sociales, a no caer en p\u00e1nico y no difundir o replicar mensajes sobre supuestos saqueos, toque de queda y desabasto en comercios, ya que este tipo de publicaciones s\u00f3lo generan miedo entre las familias.<\/p>\n<p>Precis\u00f3 que elementos polic\u00edacos contin\u00faan resguardando la seguridad de la poblaci\u00f3n y de manera permanente se estar\u00e1 informando de la situaci\u00f3n que prevalece en el territorio municipal.<\/p>\n<p>&nbsp;<\/p>\n","protected":false},"excerpt":{"rendered":"<p> Llama gobierno municipal a la ciudadan\u00eda para que contin\u00fae sus actividades cotidianas sin dejarse llevar por falsos anuncios que incitan a quedarse en sus casas y no salir a la calle.<\/p>\n","protected":false},"author":3,"featured_media":305993,"comment_status":"open","ping_status":"open","sticky":false,"template":"","format":"standard","meta":{"_monsterinsights_skip_tracking":false,"_monsterinsights_sitenote_active":false,"_monsterinsights_sitenote_note":"","_monsterinsights_sitenote_category":0,"footnotes":""},"categories":[35155],"tags":[50574,2954,43675,3802],"class_list":["post-305890","post","type-post","status-publish","format-standard","has-post-thumbnail","hentry","category-estado-de-mexico-estado-de-mexico","tag-armando-portuguez-fuentes","tag-dif","tag-estado-de-mexico","tag-tultepec"],"_links":{"self":[{"href":"https:\/\/www.diarioimagen.net\/index.php?rest_route=\/wp\/v2\/posts\/305890","targetHints":{"allow":["GET"]}}],"collection":[{"href":"https:\/\/www.diarioimagen.net\/index.php?rest_route=\/wp\/v2\/posts"}],"about":[{"href":"https:\/\/www.diarioimagen.net\/index.php?rest_route=\/wp\/v2\/types\/post"}],"author":[{"embeddable":true,"href":"https:\/\/www.diarioimagen.net\/index.php?rest_route=\/wp\/v2\/users\/3"}],"replies":[{"embeddable":true,"href":"https:\/\/www.diarioimagen.net\/index.php?rest_route=%2Fwp%2Fv2%2Fcomments&post=305890"}],"version-history":[{"count":0,"href":"https:\/\/www.diarioimagen.net\/index.php?rest_route=\/wp\/v2\/posts\/305890\/revisions"}],"wp:featuredmedia":[{"embeddable":true,"href":"https:\/\/www.diarioimagen.net\/index.php?rest_route=\/wp\/v2\/media\/305993"}],"wp:attachment":[{"href":"https:\/\/www.diarioimagen.net\/index.php?rest_route=%2Fwp%2Fv2%2Fmedia&parent=305890"}],"wp:term":[{"taxonomy":"category","embeddable":true,"href":"https:\/\/www.diarioimagen.net\/index.php?rest_route=%2Fwp%2Fv2%2Fcategories&post=305890"},{"taxonomy":"post_tag","embeddable":true,"href":"https:\/\/www.diarioimagen.net\/index.php?rest_route=%2Fwp%2Fv2%2Ftags&post=305890"}],"curies":[{"name":"wp","href":"https:\/\/api.w.org\/{rel}","templated":true}]}}