{"id":305959,"date":"2017-01-06T00:04:19","date_gmt":"2017-01-06T06:04:19","guid":{"rendered":"http:\/\/www.diarioimagen.net\/?p=305959"},"modified":"2017-01-10T01:46:56","modified_gmt":"2017-01-10T07:46:56","slug":"videgaraypalomeado","status":"publish","type":"post","link":"https:\/\/www.diarioimagen.net\/?p=305959","title":{"rendered":"Videgaray,\u201cpalomeado\u201d"},"content":{"rendered":"<h2 style=\"text-align: justify;\">Desde el portal<\/h2>\n<h5 style=\"text-align: justify;\">\u00c1ngel Soriano<\/h5>\n<p>&nbsp;<\/p>\n<p>Como frase coloquial o diplom\u00e1tica, puede aceptarse la expresi\u00f3n del ex secretario de Hacienda, Luis Videgaray, de que \u201cdesconoce\u201d las funciones de la Secretar\u00eda de Relaciones Exteriores y llega a aprender del personal de la dependencia, pues en momentos aciagos como los que vive el pa\u00eds frente a los desaf\u00edos del todav\u00eda presidente electo de Estados Unidos, Donald Trump y lo que nos depara luego de que asuma el poder real el 20 de enero, no es aceptable ubicar a un aprendiz de la diplomacia en M\u00e9xico.<\/p>\n<p>Se requiere, sin duda, experiencia y habilidad diplom\u00e1tica frente al enemigo que tenemos enfrente.<\/p>\n<p>Desde luego que una ventaja es la que se\u00f1al\u00f3 el coordinador del PRD en el Senado de la Rep\u00fablica, Miguel Barbosa, en el sentido de que nuestro ahora flamante canciller ha sido ya \u201cpalomeado\u201d por Donald Trump para tareas mayores a partir del 2018 y con el que tendr\u00eda excelentes relaciones pues se trata (en expresi\u00f3n del belicoso magnate) de un funcionario brillante al que aprecia por sus cualidades.<\/p>\n<p>Quiz\u00e1 por eso Videgaray dijo que \u201cno sabe nada\u201d de diplomacia y llega a aprender, con el objetivo de encubrir las tareas que le depara Trump para los pr\u00f3ximos meses.<\/p>\n<p>Y si as\u00ed es en realidad, el que Trump lo haya palomeado por encima de una decisi\u00f3n que corresponder\u00eda al PRI para lanzar candidato presidencial, estar\u00edamos tambi\u00e9n ante una nueva situaci\u00f3n dram\u00e1tica: el fin de la democracia como instrumento de los pueblos para darse el tipo de gobierno que mejor les convenga.<\/p>\n<p>En Estados Unidos, se ha documentado, Putin palome\u00f3 a Trump. \u00bfY los ciudadanos estadunidenses d\u00f3nde quedaron?<\/p>\n<p style=\"text-align: center;\"><strong>TURBULENCIAS<br \/>\nReducir IEPS pide Coparmex<\/strong><\/p>\n<p>El Instituto de Salud del Estado de M\u00e9xico (ISEM) deber\u00e1 instalar Unidades de Hemodi\u00e1lisis en sus hospitales de acuerdo a las reformas al C\u00f3digo Administrativo aprobadas en 2016, para apoyar a estos pacientes y sus familias, al disminuir los altos costos de este tratamiento pues la entidad ocupa el primer lugar en enfermedades renales y el primer lugar en personas con obesidad y sobrepeso.<\/p>\n<p>De acuerdo con la propuesta del diputado Jes\u00fas S\u00e1nchez Isidoro (PRD), el ISEM tambi\u00e9n deber\u00e1 capacitar a familiares de los pacientes, para la pr\u00e1ctica de la hemodi\u00e1lisis en sus domicilios\u2026Luego de convocar a un mitin de protesta en la Plaza 28 de Julio de Playa del Carmen, la diputada del PRD al Congreso local de Quintana Roo consider\u00f3 que el gasolinazo debe revertirse de manera inmediata y que no haya otras malas jugadas de parte del gobierno federal, como sucedi\u00f3 en Espa\u00f1a que tras el aumento de precios en combustibles y energ\u00eda, los ciudadanos decidieron invertir en tecnolog\u00eda para utilizar energ\u00edas limpias y sustentables, lo que motiv\u00f3 al gobierno de pa\u00eds ib\u00e9rico a inventar el llamado \u00abimpuesto al sol\u00bb con el objetivo de seguir recaudando con quienes utilizaban paneles solares para la energ\u00eda el\u00e9ctrica y la calefacci\u00f3n\u2026El presidente de COPARMEX-CDMX, Jes\u00fas Padilla Zenteno, convoc\u00f3 al gobierno federal y al Congreso de la Uni\u00f3n a considerar una reducci\u00f3n sobre el Impuesto Especial sobre Productos y Servicios (IEPS), pues dicha carga fiscal impide que el precio de las gasolinas se mueva a la baja como ocurre en el mercado internacional, para favorecer a los consumidores\u2026El alcalde de Oaxaca de Ju\u00e1rez, Jos\u00e9 Antonio Hern\u00e1ndez Fraguas y la presidenta del DIF Municipal, la se\u00f1ora Lorena C\u00f3rdova, encabezaron en la Alameda de Le\u00f3n, la recolecci\u00f3n de juguetes que ser\u00e1n entregados este 6 y 7 de enero en las 13 demarcaciones de la ciudad capital, a fin de que los menores de escasos recursos reciban un regalo el tradicional D\u00eda de Reyes. El Grupo Radio Centro participa tambi\u00e9n para hacer realidad el \u201cKil\u00f3metro del Juguete\u201d. El edil capitalino manifest\u00f3 que la ni\u00f1ez oaxaque\u00f1a es una de las prioridades de esta administraci\u00f3n, por ello la relevancia de este tipo de actos busca llegar a los que menos tienen, dando un momento de felicidad y sonrisa\u2026<\/p>\n<p><em><a href=\"http:\/\/www.revista-brecha.com\/\" target=\"_blank\">www.revista-brecha.com<br \/>\n<\/a><a href=\"mailto:asorianodesdelportalo@hotmail.com\" target=\"_blank\">asorianodesdelportalo@hotmail.com<\/a><\/em><\/p>\n","protected":false},"excerpt":{"rendered":"<p><span style=\"color: #005497;\"><strong>\u00c1ngel Soriano<\/strong><\/span><\/p>\n","protected":false},"author":3,"featured_media":0,"comment_status":"open","ping_status":"open","sticky":false,"template":"","format":"standard","meta":{"_monsterinsights_skip_tracking":false,"_monsterinsights_sitenote_active":false,"_monsterinsights_sitenote_note":"","_monsterinsights_sitenote_category":0,"footnotes":""},"categories":[135],"tags":[85,86,43674],"class_list":["post-305959","post","type-post","status-publish","format-standard","hentry","category-angel-soriano-opinion","tag-angel-soriano","tag-desde-el-portal","tag-opinion"],"_links":{"self":[{"href":"https:\/\/www.diarioimagen.net\/index.php?rest_route=\/wp\/v2\/posts\/305959","targetHints":{"allow":["GET"]}}],"collection":[{"href":"https:\/\/www.diarioimagen.net\/index.php?rest_route=\/wp\/v2\/posts"}],"about":[{"href":"https:\/\/www.diarioimagen.net\/index.php?rest_route=\/wp\/v2\/types\/post"}],"author":[{"embeddable":true,"href":"https:\/\/www.diarioimagen.net\/index.php?rest_route=\/wp\/v2\/users\/3"}],"replies":[{"embeddable":true,"href":"https:\/\/www.diarioimagen.net\/index.php?rest_route=%2Fwp%2Fv2%2Fcomments&post=305959"}],"version-history":[{"count":0,"href":"https:\/\/www.diarioimagen.net\/index.php?rest_route=\/wp\/v2\/posts\/305959\/revisions"}],"wp:attachment":[{"href":"https:\/\/www.diarioimagen.net\/index.php?rest_route=%2Fwp%2Fv2%2Fmedia&parent=305959"}],"wp:term":[{"taxonomy":"category","embeddable":true,"href":"https:\/\/www.diarioimagen.net\/index.php?rest_route=%2Fwp%2Fv2%2Fcategories&post=305959"},{"taxonomy":"post_tag","embeddable":true,"href":"https:\/\/www.diarioimagen.net\/index.php?rest_route=%2Fwp%2Fv2%2Ftags&post=305959"}],"curies":[{"name":"wp","href":"https:\/\/api.w.org\/{rel}","templated":true}]}}