{"id":306063,"date":"2017-01-08T18:00:46","date_gmt":"2017-01-09T00:00:46","guid":{"rendered":"http:\/\/www.diarioimagen.net\/?p=306063"},"modified":"2017-01-10T01:13:09","modified_gmt":"2017-01-10T07:13:09","slug":"acuerdan-antad-y-edomex-acciones-coordinadas-contra-saqueos","status":"publish","type":"post","link":"https:\/\/www.diarioimagen.net\/?p=306063","title":{"rendered":"Acuerdan ANTAD y Edomex acciones coordinadas contra saqueos"},"content":{"rendered":"<ul>\n<li><em><strong>Se aplicar\u00e1 todo el peso de la ley: Eruviel \u00c1vila<\/strong><\/em><\/li>\n<\/ul>\n<p>&nbsp;<\/p>\n<div id=\"attachment_306064\" style=\"width: 470px\" class=\"wp-caption aligncenter\"><a href=\"http:\/\/www.diarioimagen.net\/?attachment_id=306064\" rel=\"attachment wp-att-306064\"><img loading=\"lazy\" decoding=\"async\" aria-describedby=\"caption-attachment-306064\" class=\"size-large wp-image-306064\" src=\"http:\/\/www.diarioimagen.net\/wp-content\/uploads\/2017\/01\/EDOMEX9-portal-460x268.jpg\" alt=\"\" width=\"460\" height=\"268\" srcset=\"https:\/\/www.diarioimagen.net\/wp-content\/uploads\/2017\/01\/EDOMEX9-portal-460x268.jpg 460w, https:\/\/www.diarioimagen.net\/wp-content\/uploads\/2017\/01\/EDOMEX9-portal-240x140.jpg 240w, https:\/\/www.diarioimagen.net\/wp-content\/uploads\/2017\/01\/EDOMEX9-portal.jpg 480w\" sizes=\"auto, (max-width: 460px) 100vw, 460px\" \/><\/a><p id=\"caption-attachment-306064\" class=\"wp-caption-text\">El gobernador Eruviel \u00c1vila sostuvo una reuni\u00f3n con miembros de la ANTAD, a quienes les reiter\u00f3 el compromiso de castigar a saqueadores.<\/p><\/div>\n<p>&nbsp;<\/p>\n<p><strong>Toluca, Estado de M\u00e9xico<\/strong>.- El gobernador Eruviel \u00c1vila Villegas se reuni\u00f3 con integrantes de la Asociaci\u00f3n Nacional de Tiendas de Autoservicio y Departamentales (ANTAD), encabezados por Manuel Cardona Zapata, director de Relaciones con el Gobierno de este organismo, quien agradeci\u00f3 el acompa\u00f1amiento que la administraci\u00f3n estatal les ha brindado ante los saqueos y rapi\u00f1a que sufrieron algunos establecimientos.<\/p>\n<p>El representante empresarial expres\u00f3 su compromiso para colaborar con las autoridades correspondientes, para brindar las pruebas y hacer el seguimiento necesario al procedimiento, para castigar a los responsables de estos actos.<\/p>\n<p>\u201cReconocimos un hecho sin precedentes para nuestra asociaci\u00f3n, el compromiso personal, directo, del se\u00f1or gobernador, de estar juntos para ser parte de la soluci\u00f3n del problema, para que esta situaci\u00f3n no quede impune, y el mensaje m\u00e1s claro que va a dar eso, es: esto no se debe de volver a permitir.<\/p>\n<p>\u201cNuestros asociados se dedican a dar servicio a la gente, a generar empleo, a apostar por la inversi\u00f3n en el pa\u00eds y en el estado y lo que deben de garantizar para nosotros es seguridad, y nosotros lo que debemos de garantizar es dar un servicio para que juntos crezcamos como estado y por lo tanto como pa\u00eds\u201d, expres\u00f3 Manuel Cardona.<\/p>\n<p>En el C5 de Toluca, Eruviel \u00c1vila indic\u00f3 que sancionar\u00e1 con todo el peso de la ley a los responsables de este tipo de actos, y destac\u00f3 que se apoyar\u00e1 a los establecimientos afectados a trav\u00e9s del Programa de Compras Solidarias, ya que se comprar\u00e1 el equivalente a la mercanc\u00eda o ganancias perdidas por los saqueos o por haber tenido que cerrar el establecimiento, productos que podr\u00e1n ser utilizados en los programas sociales.<\/p>\n<p>\u201cAqu\u00ed en el Estado de M\u00e9xico no vamos a permitir actos de impunidad, cero tolerancia a la impunidad, y delante del representante de ANTAD, y ante la presidenta de Concaem, les reitero y les doy garant\u00edas que sus inversiones en el Estado de M\u00e9xico habr\u00e1n de dar frutos c\u00f3mo debe de ser, porque generan empleos, porque contribuyen a la econom\u00eda del Estado de M\u00e9xico y porque contribuyen a la cadena de suministro de alimentos que consumimos los habitantes del Estado de M\u00e9xico, y por muchas otras razones\u201d, apunt\u00f3.<\/p>\n<p>El mandatario mexiquense expuso que hasta el momento se han puesto a disposici\u00f3n del Ministerio P\u00fablico a 537 personas, de las cuales 29 ya han sido remitidas a los penales de Ecatepec, Cuautitl\u00e1n y Tlalnepantla, siendo la entidad que m\u00e1s personas ha detenido, lo que demuestra que la estrategia implementada est\u00e1 siendo eficaz y da resultados.<\/p>\n<p>Inform\u00f3 que algunos de los detenidos tendr\u00e1n que salir por ser menores de edad, aunque ser\u00e1n vinculados a proceso fuera de prisi\u00f3n, mientras que los 29 procesados tendr\u00e1n sus audiencias pr\u00f3ximamente, quienes est\u00e1n siendo acusados por delitos como robo con violencia, da\u00f1o en propiedad ajena, ataques a las v\u00edas de comunicaci\u00f3n, entre otros.<\/p>\n<p>Luego de escuchar las peticiones de los empresarios, el gobernador mexiquense reiter\u00f3 que en el Edom\u00e9x se respeta el Estado de Derecho.<\/p>\n<p>\u201cLes puedo reiterar que el asunto por el momento lo tenemos ya controlado, no bajamos la guardia. Est\u00e1n viendo estos probables delincuentes que no estamos jugando y que no estamos cruzados de brazos, que vamos tras de ellos y que vamos a defender los empleos y la econom\u00eda de este gran Estado de M\u00e9xico\u201d, manifest\u00f3.<\/p>\n<p>Entre los representantes de las empresas que participaron en esta reuni\u00f3n se encuentran Grupo Alsea; Grupo Oxxo; Farmacias Guadalajara; Grupo Zeta; Grupo Garc\u00e9s; Walmart; Soriana; Chedraui; Farmacia del Ahorro, Coppel, entre otras.<\/p>\n","protected":false},"excerpt":{"rendered":"<p>El gobernador Eruviel \u00c1vila Villegas se reuni\u00f3 con integrantes de la Asociaci\u00f3n Nacional de Tiendas de Autoservicio y Departamentales (ANTAD), encabezados por Manuel Cardona Zapata, director de Relaciones con el Gobierno de este organismo, quien agradeci\u00f3 el acompa\u00f1amiento que la administraci\u00f3n estatal les ha brindado ante los saqueos y rapi\u00f1a que sufrieron algunos establecimientos.<\/p>\n","protected":false},"author":5,"featured_media":306064,"comment_status":"open","ping_status":"open","sticky":false,"template":"","format":"standard","meta":{"_monsterinsights_skip_tracking":false,"_monsterinsights_sitenote_active":false,"_monsterinsights_sitenote_note":"","_monsterinsights_sitenote_category":0,"footnotes":""},"categories":[35155],"tags":[51781,68,43675,452],"class_list":["post-306063","post","type-post","status-publish","format-standard","has-post-thumbnail","hentry","category-estado-de-mexico-estado-de-mexico","tag-antad","tag-edomex","tag-estado-de-mexico","tag-toluca"],"_links":{"self":[{"href":"https:\/\/www.diarioimagen.net\/index.php?rest_route=\/wp\/v2\/posts\/306063","targetHints":{"allow":["GET"]}}],"collection":[{"href":"https:\/\/www.diarioimagen.net\/index.php?rest_route=\/wp\/v2\/posts"}],"about":[{"href":"https:\/\/www.diarioimagen.net\/index.php?rest_route=\/wp\/v2\/types\/post"}],"author":[{"embeddable":true,"href":"https:\/\/www.diarioimagen.net\/index.php?rest_route=\/wp\/v2\/users\/5"}],"replies":[{"embeddable":true,"href":"https:\/\/www.diarioimagen.net\/index.php?rest_route=%2Fwp%2Fv2%2Fcomments&post=306063"}],"version-history":[{"count":0,"href":"https:\/\/www.diarioimagen.net\/index.php?rest_route=\/wp\/v2\/posts\/306063\/revisions"}],"wp:featuredmedia":[{"embeddable":true,"href":"https:\/\/www.diarioimagen.net\/index.php?rest_route=\/wp\/v2\/media\/306064"}],"wp:attachment":[{"href":"https:\/\/www.diarioimagen.net\/index.php?rest_route=%2Fwp%2Fv2%2Fmedia&parent=306063"}],"wp:term":[{"taxonomy":"category","embeddable":true,"href":"https:\/\/www.diarioimagen.net\/index.php?rest_route=%2Fwp%2Fv2%2Fcategories&post=306063"},{"taxonomy":"post_tag","embeddable":true,"href":"https:\/\/www.diarioimagen.net\/index.php?rest_route=%2Fwp%2Fv2%2Ftags&post=306063"}],"curies":[{"name":"wp","href":"https:\/\/api.w.org\/{rel}","templated":true}]}}