{"id":306066,"date":"2017-01-08T16:00:37","date_gmt":"2017-01-08T22:00:37","guid":{"rendered":"http:\/\/www.diarioimagen.net\/?p=306066"},"modified":"2017-01-10T01:12:43","modified_gmt":"2017-01-10T07:12:43","slug":"capacitara-edomex-a-enfermeras-para-mejorar-atencion-y-salvar-mas-vidas","status":"publish","type":"post","link":"https:\/\/www.diarioimagen.net\/?p=306066","title":{"rendered":"Capacitar\u00e1 Edomex a enfermeras para mejorar atenci\u00f3n y salvar m\u00e1s vidas"},"content":{"rendered":"<ul>\n<li><em><strong>Invertir\u00e1n 12 mdp para capacitar a mil 500 trabajadores de la salud<\/strong><\/em><\/li>\n<\/ul>\n<p>&nbsp;<\/p>\n<div id=\"attachment_306067\" style=\"width: 470px\" class=\"wp-caption aligncenter\"><a href=\"http:\/\/www.diarioimagen.net\/?attachment_id=306067\" rel=\"attachment wp-att-306067\"><img loading=\"lazy\" decoding=\"async\" aria-describedby=\"caption-attachment-306067\" class=\"size-large wp-image-306067\" src=\"http:\/\/www.diarioimagen.net\/wp-content\/uploads\/2017\/01\/ENFERMERAS9-portal-460x268.jpg\" alt=\"\" width=\"460\" height=\"268\" srcset=\"https:\/\/www.diarioimagen.net\/wp-content\/uploads\/2017\/01\/ENFERMERAS9-portal-460x268.jpg 460w, https:\/\/www.diarioimagen.net\/wp-content\/uploads\/2017\/01\/ENFERMERAS9-portal-240x140.jpg 240w, https:\/\/www.diarioimagen.net\/wp-content\/uploads\/2017\/01\/ENFERMERAS9-portal.jpg 480w\" sizes=\"auto, (max-width: 460px) 100vw, 460px\" \/><\/a><p id=\"caption-attachment-306067\" class=\"wp-caption-text\">El gobernador Eruviel \u00c1vila Villegas anunci\u00f3 que este a\u00f1o se invertir\u00e1n 12 millones de pesos para la capacitaci\u00f3n de mil 500 trabajadores de la salud.<\/p><\/div>\n<p>&nbsp;<\/p>\n<p><strong>Toluca, Estado de M\u00e9xico<\/strong>.- Para continuar profesionalizando a las enfermeras y enfermeros mexiquenses, el gobernador Eruviel \u00c1vila Villegas anunci\u00f3 que este a\u00f1o se invertir\u00e1n 12 millones de pesos para la capacitaci\u00f3n de mil 500 trabajadores de la salud en diversas especialidades, lo que se traducir\u00e1 en dar una mejor atenci\u00f3n y en salvar m\u00e1s vidas.<\/p>\n<p>\u201cQuiero decirles enfermeras, enfermeros que vamos a mantener, primero, la profesionalizaci\u00f3n de los recursos de enfermer\u00eda en especialidades geri\u00e1tricas, perinatales, de atenci\u00f3n primaria y lactancia maternal; vamos a seguir otorgando las facilidades administrativas para que puedan acudir a eventos de actualizaci\u00f3n como son congresos, foros, talleres, quiero est\u00e9n todav\u00eda m\u00e1s capacitadas y capacitados\u201d, indic\u00f3.<\/p>\n<p>Esto durante la celebraci\u00f3n del D\u00eda de la Enfermera, donde el gobernador convivi\u00f3 con enfermeras y enfermeros del Instituto de Salud del Estado de M\u00e9xico (ISEM), del IMSS, del Instituto de Seguridad Social del Estado de M\u00e9xico y Municipios (ISSEMyM), del Instituto Materno Infantil (IMIEM) y del ISSSTE.<\/p>\n<p>Ah\u00ed, Eruviel \u00c1vila detall\u00f3 que como resultado de la profesionalizaci\u00f3n del personal m\u00e9dico, en lo que va de la administraci\u00f3n se ha logrado la disminuci\u00f3n en 90 por ciento de la mortalidad en menores de cinco a\u00f1os por enfermedades infecciosas respiratorias; la mortalidad en ni\u00f1os menores de un a\u00f1o en 17 por ciento, y en menores de cinco a\u00f1os en 16 por ciento.<\/p>\n<p>Asimismo, la entidad registra la baja en muertes maternas en un 30 por ciento y la mortalidad por los c\u00e1nceres m\u00e1s frecuentes en las mujeres: el del cuello del \u00fatero y el de mama en 10 por ciento.<\/p>\n<p>El gobernador tambi\u00e9n anunci\u00f3 que continuar\u00e1n las regularizaciones de sus contratos para que dejen de ser eventuales y tengan mayor seguridad en su fuente de empleo.<\/p>\n<p>Tambi\u00e9n se seguir\u00e1n abriendo nuevas plazas que se sumar\u00e1n a las 3 mil ya otorgadas, y permanecer\u00e1 el seguro de riesgos hasta por 500 mil pesos en caso de negligencia m\u00e9dica o responsabilidad que se les llegara a fincar, para garantizar el ejercicio de su profesi\u00f3n.<\/p>\n<p>El mandatario estatal agreg\u00f3 que se analiza el tema de la domiciliaci\u00f3n, para que los centros de trabajo de enfermeras y enfermeros est\u00e9 cerca de sus casas y cuando no ocurra as\u00ed integrarlos a programas de vi\u00e1ticos.<\/p>\n<p>En el festejo, se entregaron reconocimientos y est\u00edmulos a enfermeras por su labor destacada.<\/p>\n","protected":false},"excerpt":{"rendered":"<p>Para continuar profesionalizando a las enfermeras y enfermeros mexiquenses, el gobernador Eruviel \u00c1vila Villegas anunci\u00f3 que este a\u00f1o se invertir\u00e1n 12 millones de pesos para la capacitaci\u00f3n de mil 500 trabajadores de la salud en diversas especialidades, lo que se traducir\u00e1 en dar una mejor atenci\u00f3n y en salvar m\u00e1s vidas.<\/p>\n","protected":false},"author":5,"featured_media":306067,"comment_status":"open","ping_status":"open","sticky":false,"template":"","format":"standard","meta":{"_monsterinsights_skip_tracking":false,"_monsterinsights_sitenote_active":false,"_monsterinsights_sitenote_note":"","_monsterinsights_sitenote_category":0,"footnotes":""},"categories":[35155],"tags":[68,5828,43675,452],"class_list":["post-306066","post","type-post","status-publish","format-standard","has-post-thumbnail","hentry","category-estado-de-mexico-estado-de-mexico","tag-edomex","tag-eruviel-avila-villegas","tag-estado-de-mexico","tag-toluca"],"_links":{"self":[{"href":"https:\/\/www.diarioimagen.net\/index.php?rest_route=\/wp\/v2\/posts\/306066","targetHints":{"allow":["GET"]}}],"collection":[{"href":"https:\/\/www.diarioimagen.net\/index.php?rest_route=\/wp\/v2\/posts"}],"about":[{"href":"https:\/\/www.diarioimagen.net\/index.php?rest_route=\/wp\/v2\/types\/post"}],"author":[{"embeddable":true,"href":"https:\/\/www.diarioimagen.net\/index.php?rest_route=\/wp\/v2\/users\/5"}],"replies":[{"embeddable":true,"href":"https:\/\/www.diarioimagen.net\/index.php?rest_route=%2Fwp%2Fv2%2Fcomments&post=306066"}],"version-history":[{"count":0,"href":"https:\/\/www.diarioimagen.net\/index.php?rest_route=\/wp\/v2\/posts\/306066\/revisions"}],"wp:featuredmedia":[{"embeddable":true,"href":"https:\/\/www.diarioimagen.net\/index.php?rest_route=\/wp\/v2\/media\/306067"}],"wp:attachment":[{"href":"https:\/\/www.diarioimagen.net\/index.php?rest_route=%2Fwp%2Fv2%2Fmedia&parent=306066"}],"wp:term":[{"taxonomy":"category","embeddable":true,"href":"https:\/\/www.diarioimagen.net\/index.php?rest_route=%2Fwp%2Fv2%2Fcategories&post=306066"},{"taxonomy":"post_tag","embeddable":true,"href":"https:\/\/www.diarioimagen.net\/index.php?rest_route=%2Fwp%2Fv2%2Ftags&post=306066"}],"curies":[{"name":"wp","href":"https:\/\/api.w.org\/{rel}","templated":true}]}}