{"id":306072,"date":"2017-01-08T17:00:10","date_gmt":"2017-01-08T23:00:10","guid":{"rendered":"http:\/\/www.diarioimagen.net\/?p=306072"},"modified":"2017-01-10T01:12:55","modified_gmt":"2017-01-10T07:12:55","slug":"entra-en-vigor-el-911-en-edomex-como-unico-numero-de-emergencia","status":"publish","type":"post","link":"https:\/\/www.diarioimagen.net\/?p=306072","title":{"rendered":"Entra en vigor el 911 en Edom\u00e9x como \u00fanico n\u00famero de emergencia"},"content":{"rendered":"<ul>\n<li><em><strong>Al igual que en otras 15 entidades<\/strong><\/em><\/li>\n<\/ul>\n<p>&nbsp;<\/p>\n<div id=\"attachment_306073\" style=\"width: 470px\" class=\"wp-caption aligncenter\"><a href=\"http:\/\/www.diarioimagen.net\/?attachment_id=306073\" rel=\"attachment wp-att-306073\"><img loading=\"lazy\" decoding=\"async\" aria-describedby=\"caption-attachment-306073\" class=\"size-large wp-image-306073\" src=\"http:\/\/www.diarioimagen.net\/wp-content\/uploads\/2017\/01\/NUMERO9-PORTAL-460x268.jpg\" alt=\"\" width=\"460\" height=\"268\" srcset=\"https:\/\/www.diarioimagen.net\/wp-content\/uploads\/2017\/01\/NUMERO9-PORTAL-460x268.jpg 460w, https:\/\/www.diarioimagen.net\/wp-content\/uploads\/2017\/01\/NUMERO9-PORTAL-240x140.jpg 240w, https:\/\/www.diarioimagen.net\/wp-content\/uploads\/2017\/01\/NUMERO9-PORTAL.jpg 480w\" sizes=\"auto, (max-width: 460px) 100vw, 460px\" \/><\/a><p id=\"caption-attachment-306073\" class=\"wp-caption-text\">El n\u00famero de emergencia 911 ser\u00e1 gratuito en equipos de telefon\u00eda fija y m\u00f3vil, as\u00ed como tel\u00e9fonos p\u00fablicos y sin saldo.<\/p><\/div>\n<p>&nbsp;<\/p>\n<p><strong>Toluca, Estado de M\u00e9xico<\/strong>.- A partir de este lunes 9 de enero en el Estado de M\u00e9xico, as\u00ed como en otras 15 entidades federativas, entra en vigor el 911 como \u00fanico n\u00famero de emergencia, en sustituci\u00f3n del 066 y 089.<\/p>\n<p>Con este nuevo c\u00f3digo (911), la ciudadan\u00eda podr\u00e1 solicitar el apoyo de la Comisi\u00f3n Estatal de Seguridad Ciudadana (CES), Polic\u00edas municipales, Fiscal\u00eda General de Justicia del Estado de M\u00e9xico, Cruz Roja, Bomberos, Protecci\u00f3n Civil y el Sistema Nacional de Atenci\u00f3n de Emergencias, adem\u00e1s de realizar denuncias an\u00f3nimas.<\/p>\n<p>Todas las llamadas de emergencia ser\u00e1n atendidas en los Centros de Control, Comando, Comunicaci\u00f3n, C\u00f3mputo y Calidad, mejor conocidos como C-5 de Toluca y Ecatepec, las cuales ser\u00e1n canalizadas de manera inmediata y oportuna a las dependencias correspondientes.<\/p>\n<p>El c\u00f3digo 911 ser\u00e1 gratuito en equipos de telefon\u00eda fija y m\u00f3vil, as\u00ed como tel\u00e9fonos p\u00fablicos y sin saldo. Adem\u00e1s, se podr\u00e1n enviar mensajes de texto (SMS) sin costo alguno.<\/p>\n<p>El Gobierno del Estado de M\u00e9xico, a trav\u00e9s de la CES hace un llamado a los mexiquenses a hacer un uso responsable del c\u00f3digo de emergencias 911, ya que cada mes, a nivel nacional se reciben 10 millones de llamadas de auxilio, de las cuales alrededor del 90 por ciento son falsas.<\/p>\n","protected":false},"excerpt":{"rendered":"<p>A partir de este lunes 9 de enero en el Estado de M\u00e9xico, as\u00ed como en otras 15 entidades federativas, entra en vigor el 911 como \u00fanico n\u00famero de emergencia, en sustituci\u00f3n del 066 y 089.<\/p>\n","protected":false},"author":5,"featured_media":306073,"comment_status":"open","ping_status":"open","sticky":false,"template":"","format":"standard","meta":{"_monsterinsights_skip_tracking":false,"_monsterinsights_sitenote_active":false,"_monsterinsights_sitenote_note":"","_monsterinsights_sitenote_category":0,"footnotes":""},"categories":[5],"tags":[52948,58,919,43675,57,452],"class_list":["post-306072","post","type-post","status-publish","format-standard","has-post-thumbnail","hentry","category-estado-de-mexico","tag-52948","tag-bomberos","tag-cruz-roja","tag-estado-de-mexico","tag-proteccion-civil","tag-toluca"],"_links":{"self":[{"href":"https:\/\/www.diarioimagen.net\/index.php?rest_route=\/wp\/v2\/posts\/306072","targetHints":{"allow":["GET"]}}],"collection":[{"href":"https:\/\/www.diarioimagen.net\/index.php?rest_route=\/wp\/v2\/posts"}],"about":[{"href":"https:\/\/www.diarioimagen.net\/index.php?rest_route=\/wp\/v2\/types\/post"}],"author":[{"embeddable":true,"href":"https:\/\/www.diarioimagen.net\/index.php?rest_route=\/wp\/v2\/users\/5"}],"replies":[{"embeddable":true,"href":"https:\/\/www.diarioimagen.net\/index.php?rest_route=%2Fwp%2Fv2%2Fcomments&post=306072"}],"version-history":[{"count":0,"href":"https:\/\/www.diarioimagen.net\/index.php?rest_route=\/wp\/v2\/posts\/306072\/revisions"}],"wp:featuredmedia":[{"embeddable":true,"href":"https:\/\/www.diarioimagen.net\/index.php?rest_route=\/wp\/v2\/media\/306073"}],"wp:attachment":[{"href":"https:\/\/www.diarioimagen.net\/index.php?rest_route=%2Fwp%2Fv2%2Fmedia&parent=306072"}],"wp:term":[{"taxonomy":"category","embeddable":true,"href":"https:\/\/www.diarioimagen.net\/index.php?rest_route=%2Fwp%2Fv2%2Fcategories&post=306072"},{"taxonomy":"post_tag","embeddable":true,"href":"https:\/\/www.diarioimagen.net\/index.php?rest_route=%2Fwp%2Fv2%2Ftags&post=306072"}],"curies":[{"name":"wp","href":"https:\/\/api.w.org\/{rel}","templated":true}]}}