{"id":306129,"date":"2017-01-09T00:07:36","date_gmt":"2017-01-09T06:07:36","guid":{"rendered":"http:\/\/www.diarioimagen.net\/?p=306129"},"modified":"2017-01-09T02:24:10","modified_gmt":"2017-01-09T08:24:10","slug":"inicia-denisse-ugalde-giras-de-trabajo-en-comunidades","status":"publish","type":"post","link":"https:\/\/www.diarioimagen.net\/?p=306129","title":{"rendered":"Inicia Denisse Ugalde giras de trabajo en comunidades"},"content":{"rendered":"<ul>\n<li><strong><em>Programa \u201cTlalnepantla tu ciudad amable\u201d<\/em><\/strong><\/li>\n<\/ul>\n<p>&nbsp;<\/p>\n<div id=\"attachment_306225\" style=\"width: 470px\" class=\"wp-caption aligncenter\"><a href=\"http:\/\/www.diarioimagen.net\/?attachment_id=306225\" rel=\"attachment wp-att-306225\"><img loading=\"lazy\" decoding=\"async\" aria-describedby=\"caption-attachment-306225\" class=\"size-large wp-image-306225\" src=\"http:\/\/www.diarioimagen.net\/wp-content\/uploads\/2017\/01\/TLALNEPANTLA-3031-460x259.jpg\" alt=\"\" width=\"460\" height=\"259\" srcset=\"https:\/\/www.diarioimagen.net\/wp-content\/uploads\/2017\/01\/TLALNEPANTLA-3031-460x259.jpg 460w, https:\/\/www.diarioimagen.net\/wp-content\/uploads\/2017\/01\/TLALNEPANTLA-3031-240x135.jpg 240w, https:\/\/www.diarioimagen.net\/wp-content\/uploads\/2017\/01\/TLALNEPANTLA-3031-235x132.jpg 235w, https:\/\/www.diarioimagen.net\/wp-content\/uploads\/2017\/01\/TLALNEPANTLA-3031-202x114.jpg 202w, https:\/\/www.diarioimagen.net\/wp-content\/uploads\/2017\/01\/TLALNEPANTLA-3031-350x196.jpg 350w, https:\/\/www.diarioimagen.net\/wp-content\/uploads\/2017\/01\/TLALNEPANTLA-3031-220x123.jpg 220w, https:\/\/www.diarioimagen.net\/wp-content\/uploads\/2017\/01\/TLALNEPANTLA-3031-237x132.jpg 237w, https:\/\/www.diarioimagen.net\/wp-content\/uploads\/2017\/01\/TLALNEPANTLA-3031.jpg 480w\" sizes=\"auto, (max-width: 460px) 100vw, 460px\" \/><\/a><p id=\"caption-attachment-306225\" class=\"wp-caption-text\">La alcaldesa Denisse Ugalde realiz\u00f3 su primera gira de trabajo de este 2017.<\/p><\/div>\n<p>&nbsp;<\/p>\n<p><strong>Tlalnepantla, Estado de M\u00e9xico<\/strong>.- En su primera gira de trabajo de este 2017, la presidenta municipal, Denisse Ugalde Alegr\u00eda, reiter\u00f3 su compromiso de mantener presencia constante en las comunidades y de esta manera continuar con la consolidaci\u00f3n de un gobierno abierto y de cultura de paz.<\/p>\n<p>Al visitar las colonias Gustavo Baz, Independencia, Cuauht\u00e9moc y Los Tenayos, la alcaldesa supervis\u00f3 las labores realizadas como parte del programa \u201cTlalnepantla tu ciudad amable\u201d, mediante el cual se da mantenimiento a vialidades, \u00e1reas verdes, luminarias y sitios de inter\u00e9s com\u00fan.<\/p>\n<p>\u201cLos tiempos que estamos viviendo nos exigen recobrar el sentido de comunidad, que las familias nos apropiemos de los espacios p\u00fablicos y convivamos sanamente, de ah\u00ed que estemos trabajando para fomentar una cultura de paz entre la poblaci\u00f3n, pues s\u00f3lo as\u00ed podremos hacer frente a los retos que enfrentamos\u201d, asegur\u00f3 Denisse Ugalde.<\/p>\n<p>Exhort\u00f3 a los vecinos de las colonias referidas para que desde sus hogares comiencen el cambio que el pa\u00eds requiere, \u201csi cada quien hacemos lo que nos toca, avanzaremos en la soluci\u00f3n de grandes problemas, porque calles limpias y con buena imagen, nos garantizan mayor seguridad para los nuestros\u201d.<\/p>\n<p>La alcaldesa inform\u00f3 que se seguir\u00e1 trabajando de manera paulatina en las diversas colonias y fraccionamientos, con el objetivo de que poco a poco se vaya mejorando la imagen urbana en todo el territorio local.<\/p>\n<p>En este sentido, Fidelia \u00c1lvarez agradeci\u00f3 a la edil la atenci\u00f3n que se brinda a los tlalnepantlenses a trav\u00e9s de las audiencias p\u00fablicas, pues es ah\u00ed donde se realizan acuerdos que despu\u00e9s se plasman en realidades.<\/p>\n<p>Reconoci\u00f3 la labor que servicios urbanos lleva cabo en las comunidades y extern\u00f3 la disposici\u00f3n de los vecinos para sumar esfuerzos y trabajar coordinadamente con las autoridades.<\/p>\n<p>&nbsp;<\/p>\n","protected":false},"excerpt":{"rendered":"<p>En su primera gira de trabajo de este 2017, la presidenta municipal, Denisse Ugalde Alegr\u00eda, reiter\u00f3 su compromiso de mantener presencia constante en las comunidades y de esta manera continuar con la consolidaci\u00f3n de un gobierno abierto y de cultura de paz.<\/p>\n","protected":false},"author":3,"featured_media":306225,"comment_status":"open","ping_status":"open","sticky":false,"template":"","format":"standard","meta":{"_monsterinsights_skip_tracking":false,"_monsterinsights_sitenote_active":false,"_monsterinsights_sitenote_note":"","_monsterinsights_sitenote_category":0,"footnotes":""},"categories":[35155],"tags":[45490,43675,4470,169],"class_list":["post-306129","post","type-post","status-publish","format-standard","has-post-thumbnail","hentry","category-estado-de-mexico-estado-de-mexico","tag-denisse-ugalde-alegria","tag-estado-de-mexico","tag-paz","tag-tlalnepantla"],"_links":{"self":[{"href":"https:\/\/www.diarioimagen.net\/index.php?rest_route=\/wp\/v2\/posts\/306129","targetHints":{"allow":["GET"]}}],"collection":[{"href":"https:\/\/www.diarioimagen.net\/index.php?rest_route=\/wp\/v2\/posts"}],"about":[{"href":"https:\/\/www.diarioimagen.net\/index.php?rest_route=\/wp\/v2\/types\/post"}],"author":[{"embeddable":true,"href":"https:\/\/www.diarioimagen.net\/index.php?rest_route=\/wp\/v2\/users\/3"}],"replies":[{"embeddable":true,"href":"https:\/\/www.diarioimagen.net\/index.php?rest_route=%2Fwp%2Fv2%2Fcomments&post=306129"}],"version-history":[{"count":0,"href":"https:\/\/www.diarioimagen.net\/index.php?rest_route=\/wp\/v2\/posts\/306129\/revisions"}],"wp:featuredmedia":[{"embeddable":true,"href":"https:\/\/www.diarioimagen.net\/index.php?rest_route=\/wp\/v2\/media\/306225"}],"wp:attachment":[{"href":"https:\/\/www.diarioimagen.net\/index.php?rest_route=%2Fwp%2Fv2%2Fmedia&parent=306129"}],"wp:term":[{"taxonomy":"category","embeddable":true,"href":"https:\/\/www.diarioimagen.net\/index.php?rest_route=%2Fwp%2Fv2%2Fcategories&post=306129"},{"taxonomy":"post_tag","embeddable":true,"href":"https:\/\/www.diarioimagen.net\/index.php?rest_route=%2Fwp%2Fv2%2Ftags&post=306129"}],"curies":[{"name":"wp","href":"https:\/\/api.w.org\/{rel}","templated":true}]}}