{"id":306144,"date":"2017-01-09T00:03:03","date_gmt":"2017-01-09T06:03:03","guid":{"rendered":"http:\/\/www.diarioimagen.net\/?p=306144"},"modified":"2017-01-09T02:44:44","modified_gmt":"2017-01-09T08:44:44","slug":"se-cultivan-valores-para-mantener-unidad-familiar-armando-portuguez","status":"publish","type":"post","link":"https:\/\/www.diarioimagen.net\/?p=306144","title":{"rendered":"Se cultivan valores para mantener unidad familiar: Armando Portuguez"},"content":{"rendered":"<p><a href=\"http:\/\/www.diarioimagen.net\/?attachment_id=306237\" rel=\"attachment wp-att-306237\"><img loading=\"lazy\" decoding=\"async\" class=\"aligncenter size-large wp-image-306237\" src=\"http:\/\/www.diarioimagen.net\/wp-content\/uploads\/2017\/01\/TULTEPEC-3031-460x307.jpg\" alt=\"\" width=\"460\" height=\"307\" srcset=\"https:\/\/www.diarioimagen.net\/wp-content\/uploads\/2017\/01\/TULTEPEC-3031-460x307.jpg 460w, https:\/\/www.diarioimagen.net\/wp-content\/uploads\/2017\/01\/TULTEPEC-3031-240x160.jpg 240w, https:\/\/www.diarioimagen.net\/wp-content\/uploads\/2017\/01\/TULTEPEC-3031.jpg 700w\" sizes=\"auto, (max-width: 460px) 100vw, 460px\" \/><\/a><\/p>\n<p>&nbsp;<\/p>\n<p><strong>Tultepec, Estado de M\u00e9xico.-<\/strong> Con el objetivo de fortalecer la unidad y la convivencia familiar, el alcalde Armando Portuguez Fuentes y la presidenta del DIF, Mar\u00eda F\u00e9lix Espinosa Hern\u00e1ndez, encabezaron la celebraci\u00f3n alusiva al D\u00eda de Reyes en la Concha Ac\u00fastica de la explanada municipal.<\/p>\n<p>\u201cEste festival es un esfuerzo del gobierno municipal para acercar a las familias y cultivar los valores a favor de nuestros ni\u00f1os, quienes son el presente y el futuro del mundo, y la inspiraci\u00f3n que tenemos los adultos para trabajar d\u00eda con d\u00eda con mayor \u00edmpetu para incrementar su calidad de vida y construir juntos un mejor Tultepec\u201d, asegur\u00f3 el edil.<\/p>\n<p>El alcalde Armando Portuguez Fuentes y la presidenta del DIF, Mar\u00eda F\u00e9lix Espinosa Hern\u00e1ndez, encabezaron la celebraci\u00f3n del D\u00eda de Reyes.<\/p>\n","protected":false},"excerpt":{"rendered":"<p>Con el objetivo de fortalecer la unidad y la convivencia familiar, el alcalde Armando Portuguez Fuentes y la presidenta del DIF, Mar\u00eda F\u00e9lix Espinosa Hern\u00e1ndez, encabezaron la celebraci\u00f3n alusiva al D\u00eda de Reyes en la Concha Ac\u00fastica de la explanada municipal.<\/p>\n","protected":false},"author":3,"featured_media":306237,"comment_status":"open","ping_status":"open","sticky":false,"template":"","format":"standard","meta":{"_monsterinsights_skip_tracking":false,"_monsterinsights_sitenote_active":false,"_monsterinsights_sitenote_note":"","_monsterinsights_sitenote_category":0,"footnotes":""},"categories":[35155],"tags":[50574,43675,3802],"class_list":["post-306144","post","type-post","status-publish","format-standard","has-post-thumbnail","hentry","category-estado-de-mexico-estado-de-mexico","tag-armando-portuguez-fuentes","tag-estado-de-mexico","tag-tultepec"],"_links":{"self":[{"href":"https:\/\/www.diarioimagen.net\/index.php?rest_route=\/wp\/v2\/posts\/306144","targetHints":{"allow":["GET"]}}],"collection":[{"href":"https:\/\/www.diarioimagen.net\/index.php?rest_route=\/wp\/v2\/posts"}],"about":[{"href":"https:\/\/www.diarioimagen.net\/index.php?rest_route=\/wp\/v2\/types\/post"}],"author":[{"embeddable":true,"href":"https:\/\/www.diarioimagen.net\/index.php?rest_route=\/wp\/v2\/users\/3"}],"replies":[{"embeddable":true,"href":"https:\/\/www.diarioimagen.net\/index.php?rest_route=%2Fwp%2Fv2%2Fcomments&post=306144"}],"version-history":[{"count":0,"href":"https:\/\/www.diarioimagen.net\/index.php?rest_route=\/wp\/v2\/posts\/306144\/revisions"}],"wp:featuredmedia":[{"embeddable":true,"href":"https:\/\/www.diarioimagen.net\/index.php?rest_route=\/wp\/v2\/media\/306237"}],"wp:attachment":[{"href":"https:\/\/www.diarioimagen.net\/index.php?rest_route=%2Fwp%2Fv2%2Fmedia&parent=306144"}],"wp:term":[{"taxonomy":"category","embeddable":true,"href":"https:\/\/www.diarioimagen.net\/index.php?rest_route=%2Fwp%2Fv2%2Fcategories&post=306144"},{"taxonomy":"post_tag","embeddable":true,"href":"https:\/\/www.diarioimagen.net\/index.php?rest_route=%2Fwp%2Fv2%2Ftags&post=306144"}],"curies":[{"name":"wp","href":"https:\/\/api.w.org\/{rel}","templated":true}]}}