{"id":306214,"date":"2017-01-09T00:08:14","date_gmt":"2017-01-09T06:08:14","guid":{"rendered":"http:\/\/www.diarioimagen.net\/?p=306214"},"modified":"2017-01-09T04:42:57","modified_gmt":"2017-01-09T10:42:57","slug":"mal-empieza-el-2017","status":"publish","type":"post","link":"https:\/\/www.diarioimagen.net\/?p=306214","title":{"rendered":"Mal empieza el 2017"},"content":{"rendered":"<h2>De frente y de perfil<\/h2>\n<h5>Ram\u00f3n Zurita Sahag\u00fan<\/h5>\n<p>&nbsp;<\/p>\n<div id=\"attachment_306273\" style=\"width: 470px\" class=\"wp-caption aligncenter\"><a href=\"http:\/\/www.diarioimagen.net\/?attachment_id=306273\" rel=\"attachment wp-att-306273\"><img loading=\"lazy\" decoding=\"async\" aria-describedby=\"caption-attachment-306273\" class=\"size-large wp-image-306273\" src=\"http:\/\/www.diarioimagen.net\/wp-content\/uploads\/2017\/01\/zurita-3031-460x300.jpg\" alt=\"\" width=\"460\" height=\"300\" srcset=\"https:\/\/www.diarioimagen.net\/wp-content\/uploads\/2017\/01\/zurita-3031-460x300.jpg 460w, https:\/\/www.diarioimagen.net\/wp-content\/uploads\/2017\/01\/zurita-3031-240x157.jpg 240w, https:\/\/www.diarioimagen.net\/wp-content\/uploads\/2017\/01\/zurita-3031.jpg 700w\" sizes=\"auto, (max-width: 460px) 100vw, 460px\" \/><\/a><p id=\"caption-attachment-306273\" class=\"wp-caption-text\">Hac\u00eda mucho tiempo que los gobernantes en turno no recib\u00edan un repudio tan grande como el de los primeros d\u00edas de enero de este a\u00f1o.<\/p><\/div>\n<p>&nbsp;<\/p>\n<p>Mal empieza la semana para el que ahorcan en lunes, dice el viejo adagio que repercute en las mentes de todos, por el mal inicio que tiene el 2017 para los mexicanos en general.<\/p>\n<p>Hac\u00eda mucho tiempo que los gobernantes en turno no recib\u00edan un repudio tan grande como el de los primeros d\u00edas de enero del presente a\u00f1o y menos que el pueblo se levantar\u00e1 en protestas que derivaron en violencia, mientras que los vivales infund\u00edan miedo por las redes sociales.<\/p>\n<p>Todos, desde el Presidente de la Rep\u00fablica, pasando por su secretario de Hacienda, el de Gobernaci\u00f3n, el dirigente nacional del PRI y el nuevo secretario de Relaciones Exteriores, reciben las muestras del rechazo generalizado de los ciudadanos.<\/p>\n<p>Cada uno de ellos se qued\u00f3 imp\u00e1vido, congelado, est\u00e1tico ante la reacci\u00f3n popular por el incremento en el precio de la gasolina.<\/p>\n<p>Lo peor de todo es que mostraron escasa capacidad de reacci\u00f3n y creyeron que los m\u00e9todos del pasado apagar\u00edan cualquier protesta ciudadana.<\/p>\n<p>De lo ocurrido los d\u00edas pasados pocos pueden decir que lo han vivido anteriormente y que esos saqueos, violencia y creaci\u00f3n de un clima de terror e incertidumbre, son cosas de todos los d\u00edas en M\u00e9xico.<\/p>\n<p>El vandalismo se focaliz\u00f3 y llam\u00f3 la atenci\u00f3n que frenara o minimizara las protestas pac\u00edficas convocadas en contra del alza en el precio de las gasolinas.<\/p>\n<p>Nadie previ\u00f3 esa respuesta, ya que, el Presidente se fue de vacaciones y cinco d\u00edas despu\u00e9s de la entrada en vigencia del aumento en las gasolinas reaccion\u00f3 para el reparto de culpas.<\/p>\n<p>Responsabiliz\u00f3 a gobiernos anteriores de la actual crisis en esa materia.<\/p>\n<p>Lo peor de todo es la forma en que abord\u00f3 el tema, sacudiendo recuerdos con su pregunta de que hubieran hecho ustedes, en el caso del incremento del precio de la gasolina, ya que el mantener los anteriores precios hubiese frenado programas como Prospera y otros m\u00e1s.<\/p>\n<p>Y es que es cierto que se reducen los subsidios a la gasolina, pero siguen los mismos en otros terrenos.<\/p>\n<p>Las redes sociales se encargaron de decirle al Presidente que hubiesen hecho en esa circunstancia y van desde la venta de la Casa Blanca, el quitarles el dinero que se robaron o desviaron varios ex gobernadores, erradicar la corrupci\u00f3n, quitar prebendas a diputados y senadores, vender el avi\u00f3n presidencial y muchas sugerencias m\u00e1s, las que por supuesto no ser\u00e1n escuchadas y menos implementadas.<\/p>\n<p>Son muchos los que se preguntan d\u00f3nde qued\u00f3 aquella promesa de campa\u00f1a: \u201cte lo firmo y te lo cumplo\u201d, la que parece encontrarse en el olvido de los gobernantes.<\/p>\n<p>La comunicaci\u00f3n social del gobierno brilla por su ausencia o se encuentra igual que muchos otros, totalmente apanicada.<\/p>\n<p>Pero si al Ejecutivo federal le ha ido mal en redes sociales, medios de comunicaci\u00f3n y en una exposici\u00f3n mundial del caos que se intent\u00f3 generar, sus colaboradores no est\u00e1n exentos de ello.<\/p>\n<p>Queda evidenciado que son pocos los que alcanzan a reaccionar y Miguel \u00c1ngel Osorio Chong, secretario de Gobernaci\u00f3n, no es uno de ellos, ya que como encargado de la pol\u00edtica interna del pa\u00eds, no actu\u00f3 en tiempo y forma ante las protestas ciudadanas, muchas de ellas manipuladas. No se sabe si Osorio Chong tambi\u00e9n se encontraba de vacaciones o simplemente las minimiz\u00f3.<\/p>\n<p>En ello contribuyeron en gran forma los gobernadores de varios estados, incapaces para frenar la rapi\u00f1a y el saqueo que se produjo en varias entidades del pa\u00eds.<\/p>\n<p>El presidente del CEN del PRI, Enrique Ochoa Reza, mostr\u00f3 su peque\u00f1a estatura pol\u00edtica (no f\u00edsica) respaldando la medida del incremento en las gasolinas, varios d\u00edas despu\u00e9s, poni\u00e9ndose de tapete del gobierno federal.<\/p>\n<p>El secretario de Hacienda fue el elegido para realizar la ruta de visitas a estaciones de radio y de televisi\u00f3n, enfrentando a puro comunicador suplente, ya que los titulares estaban de vacaciones.<\/p>\n<p>No tuvo apuro alguno Jos\u00e9 Antonio Meade Kuribre\u00f1a para salir airoso de esos trances, aunque realmente los televidentes y radioescuchas no creyeron en toda la bondad del gobierno federal que sacrific\u00f3 tanto, durante a\u00f1os, para mantener los subsidios a las gasolinas.<\/p>\n<p>Es tal la soberbia de los gobernantes que desde\u00f1aron actuar en consecuencia del paso dado. El aumento en la gasolina estaba previsto, no se lo sacaron de la manga, peor con toda la prepotencia con que act\u00faan consideraron que dando la cara una semana antes del incremento, ya estaba todo solucionado.<\/p>\n<p>La reacci\u00f3n virulenta, manipulada o no, sacudi\u00f3 consciencias, por lo que deber\u00e1n tomar previsiones para futuros conflictos. Y es que si esto sucedi\u00f3 cuando todav\u00eda no aparece la cascada de aumentos, en luz, transporte, alimentos b\u00e1sicos, pueden generarse sorpresas amargas en los siguientes d\u00edas.<\/p>\n<p>Pero el escenario parece m\u00e1s pat\u00e9tico, cuando faltan escasos once d\u00edas para el cambio presidencial en Estados Unidos.<\/p>\n<p>El gobierno mexicano tom\u00f3 medidas y design\u00f3 como nuevo encargado de la pol\u00edtica exterior, al mismo que hab\u00eda corrido por la visita de Donald Trump.<\/p>\n<p>Luis Videgaray Caso tiene a su cargo la Secretar\u00eda de Relaciones Exteriores, algo que se esperaba desde el 9 de noviembre pasado.<\/p>\n<p>Se ver\u00e1 ahora si es cierto que Videgaray es un le\u00f3n como lo pintan o si en verdad, su designaci\u00f3n \u00a0fue una canonj\u00eda al entrante gobierno estadounidense.<\/p>\n<p>La nueva llegada al gabinete del principal consejero del presidente Pe\u00f1a Nieto, enciende nuevamente la lucha por la candidatura presidencial, en la que Osorio Chong parec\u00eda cabalgar en solitario con Meade Kuribre\u00f1a que no le entra a los pri\u00edstas, por no militar en \u00a0ese partido y un Eruviel \u00c1vila muy alejado de ellos.<\/p>\n<p><em><a href=\"mailto:ramonzurita44@hotmail.com\" target=\"_blank\">ramonzurita44@hotmail.com<\/a><\/em><\/p>\n","protected":false},"excerpt":{"rendered":"<p><span style=\"color: #005497;\"><strong>Ram\u00f3n Zurita Sahag\u00fan<\/strong><\/span><br \/>\n<br \/>\nMal empieza la semana para el que ahorcan en lunes, dice el viejo adagio que repercute en las mentes de todos, por el mal inicio que tiene el 2017 para los mexicanos en general.<\/p>\n","protected":false},"author":3,"featured_media":306273,"comment_status":"open","ping_status":"open","sticky":false,"template":"","format":"standard","meta":{"_monsterinsights_skip_tracking":false,"_monsterinsights_sitenote_active":false,"_monsterinsights_sitenote_note":"","_monsterinsights_sitenote_category":0,"footnotes":""},"categories":[234],"tags":[304,43674,43687],"class_list":["post-306214","post","type-post","status-publish","format-standard","has-post-thumbnail","hentry","category-ramon-zurita-sahagun","tag-de-frente-y-de-perfil","tag-opinion","tag-ramon-zurita-sahagun"],"_links":{"self":[{"href":"https:\/\/www.diarioimagen.net\/index.php?rest_route=\/wp\/v2\/posts\/306214","targetHints":{"allow":["GET"]}}],"collection":[{"href":"https:\/\/www.diarioimagen.net\/index.php?rest_route=\/wp\/v2\/posts"}],"about":[{"href":"https:\/\/www.diarioimagen.net\/index.php?rest_route=\/wp\/v2\/types\/post"}],"author":[{"embeddable":true,"href":"https:\/\/www.diarioimagen.net\/index.php?rest_route=\/wp\/v2\/users\/3"}],"replies":[{"embeddable":true,"href":"https:\/\/www.diarioimagen.net\/index.php?rest_route=%2Fwp%2Fv2%2Fcomments&post=306214"}],"version-history":[{"count":0,"href":"https:\/\/www.diarioimagen.net\/index.php?rest_route=\/wp\/v2\/posts\/306214\/revisions"}],"wp:featuredmedia":[{"embeddable":true,"href":"https:\/\/www.diarioimagen.net\/index.php?rest_route=\/wp\/v2\/media\/306273"}],"wp:attachment":[{"href":"https:\/\/www.diarioimagen.net\/index.php?rest_route=%2Fwp%2Fv2%2Fmedia&parent=306214"}],"wp:term":[{"taxonomy":"category","embeddable":true,"href":"https:\/\/www.diarioimagen.net\/index.php?rest_route=%2Fwp%2Fv2%2Fcategories&post=306214"},{"taxonomy":"post_tag","embeddable":true,"href":"https:\/\/www.diarioimagen.net\/index.php?rest_route=%2Fwp%2Fv2%2Ftags&post=306214"}],"curies":[{"name":"wp","href":"https:\/\/api.w.org\/{rel}","templated":true}]}}