{"id":306368,"date":"2017-01-10T00:01:13","date_gmt":"2017-01-10T06:01:13","guid":{"rendered":"http:\/\/www.diarioimagen.net\/?p=306368"},"modified":"2017-01-11T00:06:05","modified_gmt":"2017-01-11T06:06:05","slug":"la-arrendadora-de-autos-avis-ofrece-una-amplia-oferta-y-beneficios-para-sus-clientes-en-2016-mexico-registro-un-crecimiento-de-24-con-respecto-al-2015","status":"publish","type":"post","link":"https:\/\/www.diarioimagen.net\/?p=306368","title":{"rendered":"La arrendadora de autos Avis ofrece una amplia oferta y beneficios para sus clientes. En 2016, M\u00e9xico registr\u00f3 un crecimiento de 24% con respecto al 2015"},"content":{"rendered":"<h2>De cinco estrellas<\/h2>\n<h5>Victoria Gonz\u00e1lez Prado<\/h5>\n<p>&nbsp;<\/p>\n<ul>\n<li><em><strong>Arena, el festival LGBT m\u00e1s importante de M\u00e9xico, regresa a Playa del Carmen y Atr\u00e1palo te lleva al mejor precio<\/strong><\/em><\/li>\n<\/ul>\n<p>&nbsp;<\/p>\n<div id=\"attachment_306471\" style=\"width: 470px\" class=\"wp-caption aligncenter\"><a href=\"http:\/\/www.diarioimagen.net\/?attachment_id=306471\" rel=\"attachment wp-att-306471\"><img loading=\"lazy\" decoding=\"async\" aria-describedby=\"caption-attachment-306471\" class=\"size-large wp-image-306471\" src=\"http:\/\/www.diarioimagen.net\/wp-content\/uploads\/2017\/01\/turismo-3032-460x259.jpg\" alt=\"\" width=\"460\" height=\"259\" srcset=\"https:\/\/www.diarioimagen.net\/wp-content\/uploads\/2017\/01\/turismo-3032-460x259.jpg 460w, https:\/\/www.diarioimagen.net\/wp-content\/uploads\/2017\/01\/turismo-3032-240x135.jpg 240w, https:\/\/www.diarioimagen.net\/wp-content\/uploads\/2017\/01\/turismo-3032-768x432.jpg 768w, https:\/\/www.diarioimagen.net\/wp-content\/uploads\/2017\/01\/turismo-3032-480x270.jpg 480w, https:\/\/www.diarioimagen.net\/wp-content\/uploads\/2017\/01\/turismo-3032-235x132.jpg 235w, https:\/\/www.diarioimagen.net\/wp-content\/uploads\/2017\/01\/turismo-3032-202x114.jpg 202w, https:\/\/www.diarioimagen.net\/wp-content\/uploads\/2017\/01\/turismo-3032-350x196.jpg 350w, https:\/\/www.diarioimagen.net\/wp-content\/uploads\/2017\/01\/turismo-3032-220x123.jpg 220w, https:\/\/www.diarioimagen.net\/wp-content\/uploads\/2017\/01\/turismo-3032-237x132.jpg 237w, https:\/\/www.diarioimagen.net\/wp-content\/uploads\/2017\/01\/turismo-3032.jpg 900w\" sizes=\"auto, (max-width: 460px) 100vw, 460px\" \/><\/a><p id=\"caption-attachment-306471\" class=\"wp-caption-text\">En la presentaci\u00f3n de las novedades de la arrendadora (Foto: Mario B\u00e1ez).<\/p><\/div>\n<p>&nbsp;<\/p>\n<p>En el recuento de la informaci\u00f3n nos encontramos la que se ha convertido en tradicional reuni\u00f3n, la comida presentaci\u00f3n del Sales Mission 2016 de\u00a0<em>Avis<strong>,<\/strong><\/em> donde se dan a conocer los resultados de la arrendadora de autos y las novedades para 2017.<\/p>\n<p><strong>Alex Pace,<\/strong>\u00a0director Comercial Global; <strong>\u00c1lvaro Bravo<\/strong>, director de <em>Avis<\/em> y <em>Budget Group <\/em>para Europa y\u00a0<strong>Laura Nesteanu<\/strong>, directora de Mercadotecnia, dieron la bienvenida a los agentes de viajes y medios de comunicaci\u00f3n.<\/p>\n<p>En su oportunidad<strong><em>, <\/em>Alex Pace <\/strong>indic\u00f3 que en el 2016 la arrendadora de autos logr\u00f3 presencia en las principales ciudades del pa\u00eds adem\u00e1s de consolidarse en la Ciudad de M\u00e9xico, Monterrey y Guadalajara.<\/p>\n<p>De igual forma se\u00f1al\u00f3 que este 2017, en M\u00e9xico pondr\u00e1n en marcha el servicio con chofer, el programa de lealtad con m\u00e1s y mejores incentivos; la introducci\u00f3n en su nueva flota de veh\u00edculos y expendedores de llaves de autos de \u00faltima tecnolog\u00eda.<\/p>\n<p>Asimismo, <strong>Pace<\/strong> se refiri\u00f3 a los beneficios que los clientes pueden disfrutar, entre ellos el Programa de Afiliados de viaje que brinda suscripciones a aerol\u00edneas, hoteles y otras empresas que otorgan millas o puntos para\u00a0 obtener descuentos especiales. \u201cAlgunas l\u00edneas a\u00e9reas disponibles en el Programa son Aerom\u00e9xico, Iberia, Interjet y <em>Lufthtansa\u201d.<\/em><\/p>\n<p>Indic\u00f3 que, \u201c<em>Avis<\/em> tiene una flota que facilita la selecci\u00f3n del autom\u00f3vil al exponer la categor\u00eda de auto y serie, adem\u00e1s de garantizar la seguridad de sus clientes pues realizan inspecciones al veh\u00edculo antes y despu\u00e9s del alquiler. Contamos con los \u00faltimos modelos de autos con novedades en materia de seguridad.<\/p>\n<p>Para este a\u00f1o, la arrendadora incorpora a su flota en M\u00e9xico el <em>Jaguar XE,<\/em> el BMW serie X3, autos que ofrecen lujo y seguridad\u201d.<\/p>\n<p>Para los clientes que buscan tener m\u00e1s ventajas, destac\u00f3 el Programa <em>Avis Preferred<\/em> \u201ccon el cual los interesados se pueden registrar en l\u00ednea y disfrutar beneficios como mostradores de alquiler dedicados, no firmar el contrato, tener placas de aparcamiento de <em>Avis Preferred<\/em>, as\u00ed como atenci\u00f3n al cliente sin fila de espera.<\/p>\n<p>De igual forma, descuentos, promociones, programas y servicios exclusivos como la promesa de los tres minutos, que consiste en atender a cada cliente en un plazo de tres minutos, y de no cumplirse, se devuelven 30 euros. Este programa tiene el 98 por ciento de \u00e9xito\u201d, explic\u00f3.<\/p>\n<p>Asimismo, los clientes que cuenten con esta tarjeta y visiten Alemania tienen la oportunidad de usar los kioscos disponibles las 24 horas del d\u00eda, para ahorrar tiempo pueden reservar <em>on line.<\/em> Una ventaja m\u00e1s de este programa es <em>Home Delivery,<\/em> en el que llevan el veh\u00edculo a donde el cliente decida, este servicio se puede reservar <em>on line<\/em> y est\u00e1 disponible en Alemania, Reino Unido, Austria, Francia, Italia y Suiza.<\/p>\n<p><strong>Alex Pace <\/strong>explic\u00f3 que tambi\u00e9n para los agentes de viajes ofrecen varios beneficios y facilidades, destacando su sistema de distribuci\u00f3n global para adquirir los servicios mediante Sabre, <em>Amadeus, Worldspan<\/em> y Galileo, \u00e9stas dos \u00faltimas pertenecientes a la globalizadora <em>Travelport.<\/em>.<\/p>\n<p>En 2015, la arrendadora fue considerada la mejor empresa de alquiler de autos de Europa y mejor empresa de alquiler de autos en el mundo. Y en 2016, recibi\u00f3 el premio como mejor empresa de alquiler de autos de lujo en Am\u00e9rica del Norte.<\/p>\n<p>Record\u00f3 que los agentes de viajes pueden hacer uso de los sitios <em>web <\/em>de la empresa para encontrar los mejores paquetes y en la p\u00e1gina www.lac.unlimited-rewards.com encontrar\u00e1n grandes promociones al registrarse.<\/p>\n<p>Al hacer uso de la palabra,<strong> \u00c1lvaro Bravo<\/strong> dio a conocer que, durante el 2016, M\u00e9xico registr\u00f3 un crecimiento de 24 por ciento, con respecto al mismo periodo del 2015 y una facturaci\u00f3n de cinco millones de d\u00f3lares. El incremento se debi\u00f3 a que la arrendadora de autos diversific\u00f3 sus productos<\/p>\n<p>Se\u00f1al\u00f3 que hab\u00eda sido Brasil, el que mejores rendimientos hab\u00eda dado en los \u00faltimos a\u00f1os y durante el 2016 se contrajo, \u201cpero la recuperaci\u00f3n de ese d\u00e9ficit lleg\u00f3 del mercado mexicano y un poco menos del argentino, dijo <strong>Bravo<\/strong>.<\/p>\n<p>Al referirse a la inestabilidad del d\u00f3lar frente al peso mexicano, destac\u00f3 que, en las conversaciones que han tenido con las principales l\u00edneas a\u00e9reas con operaciones en M\u00e9xico, \u201c\u00e9stas no han referido intenciones de disminuir el n\u00famero de frecuencias a Europa, lo que les da tranquilidad de reportar los vol\u00famenes anteriores\u201d.<\/p>\n<p>Finalmente, para concluir su participaci\u00f3n destac\u00f3 que las expectativas para el pr\u00f3ximo a\u00f1o son positivas, \u201csiendo M\u00e9xico, junto con Argentina las naciones donde esta firma estadunidense registra mayores \u00edndices de avance\u201d.<\/p>\n<p>\u2730\u2730\u2730\u2730\u2730 La compa\u00f1\u00eda de venta de ocio <em>online<\/em>, Atr\u00e1palo, ser\u00e1 una de las boleteras que vender\u00e1n accesos para uno de los festivales LGBT m\u00e1s grande de m\u00fasica electr\u00f3nica en M\u00e9xico, el festival Arena 2017.<\/p>\n<p>Arena celebrar\u00e1 este 2017 su sexta edici\u00f3n en Playa del Carmen con 13 fiestas especiales del 1 al 6 de febrero. El a\u00f1o pasado el festival atrajo aproximadamente 20 mil asistentes de todo el mundo y se espera que para este a\u00f1o crezca esa suma, prometiendo una semana inolvidable, con un incre\u00edble <em>Line Up<\/em> y dem\u00e1s sorpresas.<\/p>\n<p><strong>Luis Barba<\/strong>, <em>Founder y CEO<\/em>\u00a0 del Festival\u00a0 dijo que \u201cha sido reconocido como el festival LGBT m\u00e1s grande de m\u00fasica electr\u00f3nica en M\u00e9xico y este a\u00f1o continuaremos discutiendo ese puesto. Arena llenar\u00e1 el Caribe mexicano con su incre\u00edble propuesta, la arena blanca, el agua turquesa y los mejores talentos hacen de este festival una escapada invernal perfecta en una de las playas m\u00e1s espectaculares del planeta\u201d.<\/p>\n<p>Entre los Dj\u2019s invitados destacan nombres como el de <strong>Isaac Escalante<\/strong>, Dj <strong>Paulo<\/strong>, <strong>Abel<\/strong>, <strong>Taito Tikaro<\/strong>, <strong>Phil Romano<\/strong>, <strong>Renato Cecin<\/strong>, entre otros que estar\u00e1n llenando con su m\u00fasica <em>Blue Parrot, Terrace Hotel Thompson<\/em>, <em>Coco May<\/em>a, <em>Santanera, Cannibal Royal<\/em> y Martina que ser\u00e1n las diferentes localidades en donde se llevar\u00e1n a cabo las fiestas de este evento.<\/p>\n<p>Las entradas para el festival est\u00e1n disponibles en el portal de Atr\u00e1palo M\u00e9xico con un 10 por ciento de descuento y la plataforma de Ocio en L\u00ednea contar\u00e1 con un apartado en donde las personas interesadas en asistir podr\u00e1n armar su paquete de vuelo + hotel con la finalidad de ofrecer una experiencia completa.<\/p>\n<p><strong>Omar Carrasco<\/strong><em>, <\/em>m\u00e1nager de Ocio Urbano de la <em>online<\/em> dijo \u201ccada a\u00f1o nuestro objetivo es brindar una mayor oferta de Ocio Urbano tray\u00e9ndole a nuestros usuarios un cat\u00e1logo cada vez m\u00e1s variado en el cual puedan encontrar sus espect\u00e1culos favoritos, buscando que con el tiempo sean m\u00e1s las personas que ubiquen nuestra plataforma como el mejor lugar para adquirir las entradas a sus eventos<em> favoritos\u201d.<\/em><\/p>\n<p><em><a href=\"mailto:victoriagprado@gmail.com\" target=\"_blank\">victoriagprado@gmail.com<\/a><\/em><br \/>\n<em> Twitter: <a href=\"https:\/\/twitter.com\/victoriagprado\" target=\"_blank\">@victoriagprado<\/a><\/em><\/p>\n","protected":false},"excerpt":{"rendered":"<p>En el recuento de la informaci\u00f3n nos encontramos la que se ha convertido en tradicional reuni\u00f3n, la comida presentaci\u00f3n del Sales Mission 2016 de Avis, donde se dan a conocer los resultados de la arrendadora de autos y las novedades para 2017.<\/p>\n","protected":false},"author":3,"featured_media":306471,"comment_status":"open","ping_status":"open","sticky":false,"template":"","format":"standard","meta":{"_monsterinsights_skip_tracking":false,"_monsterinsights_sitenote_active":false,"_monsterinsights_sitenote_note":"","_monsterinsights_sitenote_category":0,"footnotes":""},"categories":[11],"tags":[107,43674,43681,106],"class_list":["post-306368","post","type-post","status-publish","format-standard","has-post-thumbnail","hentry","category-turismo","tag-de-cinco-estrellas","tag-opinion","tag-turismo","tag-victoria-gonzalez-prado"],"_links":{"self":[{"href":"https:\/\/www.diarioimagen.net\/index.php?rest_route=\/wp\/v2\/posts\/306368","targetHints":{"allow":["GET"]}}],"collection":[{"href":"https:\/\/www.diarioimagen.net\/index.php?rest_route=\/wp\/v2\/posts"}],"about":[{"href":"https:\/\/www.diarioimagen.net\/index.php?rest_route=\/wp\/v2\/types\/post"}],"author":[{"embeddable":true,"href":"https:\/\/www.diarioimagen.net\/index.php?rest_route=\/wp\/v2\/users\/3"}],"replies":[{"embeddable":true,"href":"https:\/\/www.diarioimagen.net\/index.php?rest_route=%2Fwp%2Fv2%2Fcomments&post=306368"}],"version-history":[{"count":0,"href":"https:\/\/www.diarioimagen.net\/index.php?rest_route=\/wp\/v2\/posts\/306368\/revisions"}],"wp:featuredmedia":[{"embeddable":true,"href":"https:\/\/www.diarioimagen.net\/index.php?rest_route=\/wp\/v2\/media\/306471"}],"wp:attachment":[{"href":"https:\/\/www.diarioimagen.net\/index.php?rest_route=%2Fwp%2Fv2%2Fmedia&parent=306368"}],"wp:term":[{"taxonomy":"category","embeddable":true,"href":"https:\/\/www.diarioimagen.net\/index.php?rest_route=%2Fwp%2Fv2%2Fcategories&post=306368"},{"taxonomy":"post_tag","embeddable":true,"href":"https:\/\/www.diarioimagen.net\/index.php?rest_route=%2Fwp%2Fv2%2Ftags&post=306368"}],"curies":[{"name":"wp","href":"https:\/\/api.w.org\/{rel}","templated":true}]}}