{"id":306424,"date":"2017-01-10T00:02:22","date_gmt":"2017-01-10T06:02:22","guid":{"rendered":"http:\/\/www.diarioimagen.net\/?p=306424"},"modified":"2017-01-10T01:39:48","modified_gmt":"2017-01-10T07:39:48","slug":"la-anexion-de-mexico-a-eu","status":"publish","type":"post","link":"https:\/\/www.diarioimagen.net\/?p=306424","title":{"rendered":"La anexi\u00f3n de M\u00e9xico a EU"},"content":{"rendered":"<h2>De pe a pa<\/h2>\n<h5>Alberto Vieyra G.<\/h5>\n<p>&nbsp;<\/p>\n<p>En junio de 1990, Carlos Salinas de Gortari propondr\u00eda a George Bush padre firmar un tratado de libre comercio con M\u00e9xico, con lo cual daba el primer paso para anexar econ\u00f3mica y pol\u00edticamente a M\u00e9xico al <em>T\u00edo Sam<\/em>.<\/p>\n<p>Para el primero de octubre de ese mismo a\u00f1o, el Congreso norteamericano, a trav\u00e9s de la resoluci\u00f3n 337, le ped\u00eda a CSG que si quer\u00eda firmar un tratado comercial con los <em>yunaites<\/em> tendr\u00eda que darles una demostraci\u00f3n de su voluntad pol\u00edtica cerrando la refiner\u00eda de Azcapotzalco, que produc\u00eda en ese entonces 105 mil barriles de gasolina diariamente, pues seg\u00fan los gringos era la principal fuente de contaminaci\u00f3n en la Ciudad de M\u00e9xico.<\/p>\n<p>Era un embuste, Salinas de Gortari consultar\u00eda el tema con el entonces titular de Ecolog\u00eda, Patricio Chirinos, quien le inform\u00f3 que tal contaminaci\u00f3n a la que alud\u00edan los yanquis no era tal, pero m\u00e1s tarde el titular de Pemex, Francisco Rojas, le dec\u00eda a Salinas que no hab\u00eda alternativa.<\/p>\n<p>Hab\u00eda que cerrar la refiner\u00eda de Azcapotzalco.<\/p>\n<p>Se cerr\u00f3 y la contaminaci\u00f3n sigui\u00f3 imperando. Chirinos ten\u00eda raz\u00f3n, pero Salinas prefiri\u00f3 convertirse en un traidor a la patria cumpliendo los caprichos de los halcones de Washington y de pil\u00f3n promover\u00eda un total de 118 reformas a la Constituci\u00f3n mexicana para desregular al Estado y ponerlo a los pies de EU.<\/p>\n<p>De este hecho hist\u00f3rico da cuenta el empresario nacionalista jalisciense Manuel Villag\u00f3mez Rodr\u00edguez, quien sin ambages exige hoy echar del poder a esos traidores de la patria, quienes con la reforma energ\u00e9tica entreg\u00f3 al imperio capitalista del mal el petr\u00f3leo mexicano dejando a los vonnacionales a merced de los grandes especuladores de los energ\u00e9ticos en el mundo.<\/p>\n<p>El tambi\u00e9n presidente de la Fundaci\u00f3n para la Cuenca Lerma-Chapala nos refresca la memoria recordando que el art\u00edculo 39 de la Carta Magna reza: \u201cLa soberan\u00eda nacional reside esencial y org\u00e1nicamente en el pueblo. Todo poder p\u00fablico dimana del pueblo y se instituye para beneficio de \u00e9ste. El pueblo tiene en todo tiempo el inalienable derecho de alterar o modificar la forma de su gobierno\u201d.<\/p>\n<p>\u00bfEstar\u00e1 lejos el d\u00eda en que los mexicanos hagan valer el 39 constitucional? \u00bfEstamos los mexicanos a tiempo de echar del poder a esos tecnofondomonetaristas vendepatrias, entre los que tambi\u00e9n figura el panista Felipe Calder\u00f3n, quien prometi\u00f3 construir en Hidalgo la refiner\u00eda Bicentenario que ser\u00eda la joya de la corona de su et\u00edlico gobierno y en la cual se producir\u00edan diariamente m\u00e1s de 250 mil barriles de gasolina?<\/p>\n<p>No lo hizo porque el imperio capitalista del mal se lo prohibi\u00f3. Si el general L\u00e1zaro C\u00e1rdenas viviese no bajar\u00eda a esos gobernantes de \u201ctraidores a la patria\u201d. \u201cGobierno o individuo que entrega los recursos naturales a los extranjeros, traiciona a la patria\u201d, dec\u00eda el <em>Tata<\/em>.<\/p>\n<p>\u00bfQui\u00e9n gana en este negociazo de la especulaci\u00f3n con las gasolinas, pues como dice Pe\u00f1a Nieto que el Estado no recibe ni un centavo de impuestos por esos aumentos? \u00bfYa adivin\u00f3 usted? Claro que los buitres del petr\u00f3leo, pero el gobierno pe\u00f1ista justifica su traici\u00f3n a la patria aduciendo que hay que estar a tono con los precios internacionales del petr\u00f3leo y que los aumentos son ajenos a su graciosa entrega del crudo mexicano al imperio capitalista del mal.<\/p>\n<p><a href=\"mailto:%20%20info@agenciamn.com\" target=\"_blank\"><em>info@agenciamn.com<\/em><\/a><\/p>\n","protected":false},"excerpt":{"rendered":"<p><span><span style=\"color: #005497;\"><strong>Alberto Vieyra G.<\/strong><\/span><\/span><\/p>\n","protected":false},"author":3,"featured_media":0,"comment_status":"open","ping_status":"open","sticky":false,"template":"","format":"standard","meta":{"_monsterinsights_skip_tracking":false,"_monsterinsights_sitenote_active":false,"_monsterinsights_sitenote_note":"","_monsterinsights_sitenote_category":0,"footnotes":""},"categories":[4596],"tags":[56697,43674,56698],"class_list":["post-306424","post","type-post","status-publish","format-standard","hentry","category-alberto-vieyra-g","tag-de-pe-a-pa-alberto","tag-opinion","tag-vieyra-g"],"_links":{"self":[{"href":"https:\/\/www.diarioimagen.net\/index.php?rest_route=\/wp\/v2\/posts\/306424","targetHints":{"allow":["GET"]}}],"collection":[{"href":"https:\/\/www.diarioimagen.net\/index.php?rest_route=\/wp\/v2\/posts"}],"about":[{"href":"https:\/\/www.diarioimagen.net\/index.php?rest_route=\/wp\/v2\/types\/post"}],"author":[{"embeddable":true,"href":"https:\/\/www.diarioimagen.net\/index.php?rest_route=\/wp\/v2\/users\/3"}],"replies":[{"embeddable":true,"href":"https:\/\/www.diarioimagen.net\/index.php?rest_route=%2Fwp%2Fv2%2Fcomments&post=306424"}],"version-history":[{"count":0,"href":"https:\/\/www.diarioimagen.net\/index.php?rest_route=\/wp\/v2\/posts\/306424\/revisions"}],"wp:attachment":[{"href":"https:\/\/www.diarioimagen.net\/index.php?rest_route=%2Fwp%2Fv2%2Fmedia&parent=306424"}],"wp:term":[{"taxonomy":"category","embeddable":true,"href":"https:\/\/www.diarioimagen.net\/index.php?rest_route=%2Fwp%2Fv2%2Fcategories&post=306424"},{"taxonomy":"post_tag","embeddable":true,"href":"https:\/\/www.diarioimagen.net\/index.php?rest_route=%2Fwp%2Fv2%2Ftags&post=306424"}],"curies":[{"name":"wp","href":"https:\/\/api.w.org\/{rel}","templated":true}]}}