{"id":306439,"date":"2017-01-10T00:07:18","date_gmt":"2017-01-10T06:07:18","guid":{"rendered":"http:\/\/www.diarioimagen.net\/?p=306439"},"modified":"2017-01-10T01:51:38","modified_gmt":"2017-01-10T07:51:38","slug":"miles-en-las-calles","status":"publish","type":"post","link":"https:\/\/www.diarioimagen.net\/?p=306439","title":{"rendered":"Miles en las calles"},"content":{"rendered":"<h2>Detr\u00e1s del Poder<\/h2>\n<h5>Jos\u00e9 Antonio L\u00f3pez Sosa<\/h5>\n<p>&nbsp;<\/p>\n<p>Alrededor de las cuatro de la tarde, decenas de contingentes partieron desde distintos puntos de la Ciudad de M\u00e9xico, principalmente de la glorieta de la Diana Cazadora y de la columna de la Independencia con destino a la Plaza de la Constituci\u00f3n.<\/p>\n<p>Ante la ola de saqueos \u2014principalmente en el Estado de M\u00e9xico\u2014, la semana pasada, parec\u00eda que la afluencia ser\u00eda poca por la tensi\u00f3n que generaron la serie de mentiras difundidas en redes sociales, al final no fue as\u00ed.<\/p>\n<p>Me sorprendi\u00f3 durante el recorrido a lo largo del Paseo de la Reforma, la capacidad que este gobierno ha tenido para conjuntar a tantos ciudadanos en su contra, independientemente de la posici\u00f3n socioecon\u00f3mica, nivel de estudios, orientaci\u00f3n pol\u00edtica o partidista. El com\u00fan denominador era protestar contra el gasolinazo y repetir airadamente \u201cfuera Pe\u00f1a Nieto\u201d.<\/p>\n<p>Hace muchos a\u00f1os que no ve\u00eda a ciudadanos sumarse a los contingentes, escuchar a automovilistas en el sentido contrario de Reforma vitoreando con sus claxons y no ment\u00e1ndoles la madre, como suelen reaccionar los automovilistas contra los manifestantes.<\/p>\n<p>Universidades, asociaciones ciudadanas, pol\u00edticas, frentes populares, amas de casa, familias enteras estaban manifest\u00e1ndose.<\/p>\n<p>No hubo lugar para acarreados como tambi\u00e9n suelen ser algunas manifestanciones\u00a0 \u2014sobre todo sindicales o partidistas\u2014.<\/p>\n<p>No hubo disturbios, no hubo graffitis ni ataques a comercios. No hubo anarquistas reventando la protesta y los participantes cumplieron el cometido de manifestarse en forma pac\u00edfica pero contundente.<\/p>\n<p>Los contingentes m\u00e1s numerosos a simple vista fueron el de La Angostura, A.C., los estudiantes de la Universidad Nacional Aut\u00f3noma de M\u00e9xico, estudiantes de la Universidad Aut\u00f3noma Metropolitana y miles de personas que se fueron incorporando de forma espont\u00e1nea cuando vieron la organizaci\u00f3n y civilidad con que los contingentes marcharon.<\/p>\n<p>Al final lo \u00fanico que desenton\u00f3 fue el protagonismo que quiso tomar el Frente Popular Francisco Villa frente a Palacio Nacional, ning\u00fan otro contingente tom\u00f3 el micr\u00f3fono o protagoniz\u00f3 acto alguno llegando al Z\u00f3calo.<\/p>\n<p>Esto es s\u00f3lo el principio. La ciudadan\u00eda est\u00e1 cansada.<\/p>\n<p><em><a href=\"http:\/\/www.lopezsosa.com\" target=\"_blank\">www.lopezsosa.com<\/a><\/em><br \/>\n<em><a href=\"mailto:joseantonio@lopezsosa.com\" target=\"_blank\">joseantonio@lopezsosa.com<\/a><\/em><br \/>\n<em><a href=\"http:\/\/twitter.com\/joseantonio1977\" target=\"_blank\">@joseantonio1977<\/a><\/em><\/p>\n","protected":false},"excerpt":{"rendered":"<p><span style=\"color: #005497;\"><strong>Jos\u00e9 Antonio L\u00f3pez Sosa<\/strong><\/span><\/p>\n","protected":false},"author":3,"featured_media":0,"comment_status":"open","ping_status":"open","sticky":false,"template":"","format":"standard","meta":{"_monsterinsights_skip_tracking":false,"_monsterinsights_sitenote_active":false,"_monsterinsights_sitenote_note":"","_monsterinsights_sitenote_category":0,"footnotes":""},"categories":[637],"tags":[638,43690,43674],"class_list":["post-306439","post","type-post","status-publish","format-standard","hentry","category-jose-antonio-lopez-sosa","tag-detras-del-poder","tag-jose-antonio-lopez-sosa","tag-opinion"],"_links":{"self":[{"href":"https:\/\/www.diarioimagen.net\/index.php?rest_route=\/wp\/v2\/posts\/306439","targetHints":{"allow":["GET"]}}],"collection":[{"href":"https:\/\/www.diarioimagen.net\/index.php?rest_route=\/wp\/v2\/posts"}],"about":[{"href":"https:\/\/www.diarioimagen.net\/index.php?rest_route=\/wp\/v2\/types\/post"}],"author":[{"embeddable":true,"href":"https:\/\/www.diarioimagen.net\/index.php?rest_route=\/wp\/v2\/users\/3"}],"replies":[{"embeddable":true,"href":"https:\/\/www.diarioimagen.net\/index.php?rest_route=%2Fwp%2Fv2%2Fcomments&post=306439"}],"version-history":[{"count":0,"href":"https:\/\/www.diarioimagen.net\/index.php?rest_route=\/wp\/v2\/posts\/306439\/revisions"}],"wp:attachment":[{"href":"https:\/\/www.diarioimagen.net\/index.php?rest_route=%2Fwp%2Fv2%2Fmedia&parent=306439"}],"wp:term":[{"taxonomy":"category","embeddable":true,"href":"https:\/\/www.diarioimagen.net\/index.php?rest_route=%2Fwp%2Fv2%2Fcategories&post=306439"},{"taxonomy":"post_tag","embeddable":true,"href":"https:\/\/www.diarioimagen.net\/index.php?rest_route=%2Fwp%2Fv2%2Ftags&post=306439"}],"curies":[{"name":"wp","href":"https:\/\/api.w.org\/{rel}","templated":true}]}}