{"id":306443,"date":"2017-01-10T00:09:40","date_gmt":"2017-01-10T06:09:40","guid":{"rendered":"http:\/\/www.diarioimagen.net\/?p=306443"},"modified":"2017-01-10T06:08:07","modified_gmt":"2017-01-10T12:08:07","slug":"y-ahora-que-2","status":"publish","type":"post","link":"https:\/\/www.diarioimagen.net\/?p=306443","title":{"rendered":"\u00bfY ahora qu\u00e9?"},"content":{"rendered":"<h2>De frente y de perfil<\/h2>\n<h5>Ram\u00f3n Zurita Sahag\u00fan<\/h5>\n<p>&nbsp;<\/p>\n<div id=\"attachment_306527\" style=\"width: 470px\" class=\"wp-caption aligncenter\"><a href=\"http:\/\/www.diarioimagen.net\/?attachment_id=306527\" rel=\"attachment wp-att-306527\"><img loading=\"lazy\" decoding=\"async\" aria-describedby=\"caption-attachment-306527\" class=\"size-large wp-image-306527\" src=\"http:\/\/www.diarioimagen.net\/wp-content\/uploads\/2017\/01\/ZURITA-3032-460x259.jpg\" alt=\"\" width=\"460\" height=\"259\" srcset=\"https:\/\/www.diarioimagen.net\/wp-content\/uploads\/2017\/01\/ZURITA-3032-460x259.jpg 460w, https:\/\/www.diarioimagen.net\/wp-content\/uploads\/2017\/01\/ZURITA-3032-240x135.jpg 240w, https:\/\/www.diarioimagen.net\/wp-content\/uploads\/2017\/01\/ZURITA-3032-235x132.jpg 235w, https:\/\/www.diarioimagen.net\/wp-content\/uploads\/2017\/01\/ZURITA-3032-202x114.jpg 202w, https:\/\/www.diarioimagen.net\/wp-content\/uploads\/2017\/01\/ZURITA-3032-350x196.jpg 350w, https:\/\/www.diarioimagen.net\/wp-content\/uploads\/2017\/01\/ZURITA-3032-220x123.jpg 220w, https:\/\/www.diarioimagen.net\/wp-content\/uploads\/2017\/01\/ZURITA-3032-237x132.jpg 237w, https:\/\/www.diarioimagen.net\/wp-content\/uploads\/2017\/01\/ZURITA-3032.jpg 480w\" sizes=\"auto, (max-width: 460px) 100vw, 460px\" \/><\/a><p id=\"caption-attachment-306527\" class=\"wp-caption-text\">Pese a que contin\u00faan las protestas pac\u00edficas en varias partes del pa\u00eds, el precio de la gasolina se mantiene contra viento y marea.<\/p><\/div>\n<p>&nbsp;<\/p>\n<p>Lo nunca visto, 2017 es un a\u00f1o de grandes sorpresas y Coparmex se niega a firmar el Acuerdo para el Fortalecimiento Econ\u00f3mico, mientras que la rebeli\u00f3n de las masas contra el gasolinazo contin\u00faa.<\/p>\n<p>Marchas, plantones y protestas se multiplican, mientras baja el vandalismo y los saqueos a tiendas de todo tipo, pero el precio de la gasolina se mantiene contra viento y marea.<\/p>\n<p>Eso s\u00ed, las amenazas, los rumores y el miedo y terror que pulula en las redes sociales prosigue. Diez d\u00edas despu\u00e9s que entr\u00f3 en vigor el incremento en el precio de las gasolinas y el di\u00e9sel, el gobierno federal no encuentra la salida del embrollo en que se encuentra.<\/p>\n<p>Las medidas anunciadas no alcanzan a paliar el enojo de la sociedad mexicana por estos incrementos y los que vienen en cascada.<\/p>\n<p>El gobierno muestra nuevamente su gran deficiencia o su desinter\u00e9s en la comunicaci\u00f3n con el pueblo y no logra conectar y mucho menos convencer de los beneficios que trae el aumento en los precios del energ\u00e9tico.<\/p>\n<p>Explicaciones van y vienen, sin que nadie quede convencido de ello, de que la decisi\u00f3n gubernamental salvar\u00e1 a la patria y a los despose\u00eddos, porque seguir\u00e1n contando con una serie de programas sociales que tendr\u00edan que ser cancelados en caso de continuar con el subsidio de las gasolinas.<\/p>\n<p>El Acuerdo para el Fortalecimiento Econ\u00f3mico anunciado por el presidente Enrique Pe\u00f1a Nieto es visto con total desconfianza, tanta, que Coparmex, opt\u00f3 por no firmarlo.<\/p>\n<p>Una de las razones por las que decidieron no firmarlo es que desde el 6 de enero se propuso desde el gobierno federal el documento, pero mismo que fue conocido dos horas antes de su presentaci\u00f3n, por lo que no hubo oportunidad de conocerlo y consensuarlo.<\/p>\n<p>Pero Coparmex se pronuncia por un acuerdo, fruto de un verdadero y amplio\u00a0 consenso social y no sirva solamente como imagen p\u00fablica.<\/p>\n<p>Lo fuerte del documento firmado por la iniciativa privada y los sindicatos es evitar que los precios de la canasta b\u00e1sica no sufran un aumento indiscriminado, adem\u00e1s de impulsar inversiones y proteger el empleo de las familias mexicanas.<\/p>\n<p>Nuevamente, desde el gobierno federal, se insiste en que la gasolina solamente es una fracci\u00f3n del costo de la producci\u00f3n, por lo que se considera que los precios no habr\u00e1n de subir demasiado.<\/p>\n<p>Durante la reuni\u00f3n con los firmantes, el Presidente insisti\u00f3 en que su gobierno har\u00e1 todo lo posible para que el aumento impacte lo menos posible en la econom\u00eda familiar.<\/p>\n<p>En la misma canasta de ajustes, el Ejecutivo federal dio a conocer que habr\u00e1 otras medidas de austeridad entre las que se incluyen una reducci\u00f3n del 10 por ciento en los salarios de los mandos superiores de la administraci\u00f3n p\u00fablica federal, exhortar a los integrantes de los otros poderes de la Uni\u00f3n, as\u00ed como gobiernos estatales y municipales hagan lo propio.<\/p>\n<p>La medida es sorprendente, aunque no representa un gran ahorro, ya que si algo se cuid\u00f3 siempre en los distintos paquetes de austeridad, fue conservar los privilegios de la alta burocracia.<\/p>\n<p>Ahora como medida efectista se adopta la reducci\u00f3n de los salarios de los mandos directivos del gobierno federal.<\/p>\n<p>Los llamados a la cordura parecen tener una respuesta, ante la presencia de las fuerzas del orden que, curiosamente, en los primeros d\u00edas de la insurrecci\u00f3n hicieron caso omiso de los llamados a resguardar la seguridad.<\/p>\n<p>Eso s\u00ed, hay brotes aislado de saqueos y vandalismo, pero la gasolina Premium la m\u00e1s cara no se encuentra en todas las gasoliner\u00edas.<\/p>\n<p>El domingo, me toc\u00f3 a m\u00ed (perd\u00f3n por tratar mi caso personal) pero en las gasoliner\u00edas de Salamanca y Celaya, solamente exped\u00edan la Magna. Fue hasta las gasoliner\u00edas de la autopista en Quer\u00e9taro que logr\u00e9 encontrarla.<\/p>\n<p>Entonces qu\u00e9 caso tiene aumentar los precios si no se logra el abasto necesario.<\/p>\n<p>En Salamanca, Guanajuato, se encuentra una de las pocas refiner\u00edas del pa\u00eds, aunque no se refina gasolina en ninguna de ellas, ya que el petr\u00f3leo se env\u00eda al extranjero donde se procesa y convierte en gasolina.<\/p>\n<p>Con todo y ello, los especialistas definen que contin\u00faa siendo m\u00e1s barato refinar en el extranjero que invertir en una nueva refiner\u00eda que haga el proceso de conversi\u00f3n.<\/p>\n<p>Sin embargo, valdr\u00eda la pena investigar qu\u00e9 sucedi\u00f3 con aquella licitaci\u00f3n para la construcci\u00f3n de una nueva refiner\u00eda y los terrenos que fueron adquiridos con recursos del erario.<\/p>\n<p>Se supo que en Guanajuato, estado que confiaba en ganar la loter\u00eda de la refiner\u00eda hubo malos manejos en la compra de los terrenos y en Hidalgo donde se colocar\u00eda tambi\u00e9n fueron cientos de hect\u00e1reas.<\/p>\n<p>Aparte de ello, la inversi\u00f3n realizada por los gobiernos estatales de Tabasco, Campeche, Tamaulipas, Oaxaca y muchos m\u00e1s que pretend\u00edan ser los ganadores de la quiniela, tampoco fueron transparentados.<\/p>\n<p>Ahora las consecuencias de todos aquellos malos manejos se pagan.<\/p>\n<p>Pero dentro de este fen\u00f3meno del despertar de consciencias, 2017 se presenta como un a\u00f1o dif\u00edcil para el gobierno mexicano, el que ya hab\u00eda anunciado medidas de austeridad y tendr\u00e1 que adoptar otras m\u00e1s.<\/p>\n<p>Por lo pronto, los manifestantes que en miles siguen llenando calles y avenidas de distintos centro poblacionales, demandan revertir la medida del aumento en el precio de la gasolina, algo que el gobierno no considera hacer, de ninguna forma.<\/p>\n<p style=\"text-align: center;\"><strong>EL DEC\u00c1LOGO DE VONNE ORTEGA<\/strong><\/p>\n<p>La ex gobernadora de Yucat\u00e1n, Ivonne Ortega, dio respuesta en un dec\u00e1logo a lo que, de acuerdo con ella, debi\u00f3 hacer el Presidente de la Rep\u00fablica en esta crisis que alcanza los primeros diez d\u00edas del a\u00f1o.<\/p>\n<p>Ivonne aprovecha el espacio para mostrar que se mantiene firme en su prop\u00f3sito de ser la candidata del PRI a la Presidencia de la Rep\u00fablica.<\/p>\n<p><em><a href=\"mailto:ramonzurita44@hotmail.com\" target=\"_blank\">ramonzurita44@hotmail.com<\/a><\/em><\/p>\n<p>&nbsp;<\/p>\n","protected":false},"excerpt":{"rendered":"<p><span style=\"color: #005497;\"><strong>Ram\u00f3n Zurita Sahag\u00fan<\/strong><\/span><br \/>\n<br \/>\nLo nunca visto, 2017 es un a\u00f1o de grandes sorpresas y Coparmex se niega a firmar el Acuerdo para el Fortalecimiento Econ\u00f3mico, mientras que la rebeli\u00f3n de las masas contra el gasolinazo contin\u00faa.<\/p>\n","protected":false},"author":3,"featured_media":306527,"comment_status":"open","ping_status":"open","sticky":false,"template":"","format":"standard","meta":{"_monsterinsights_skip_tracking":false,"_monsterinsights_sitenote_active":false,"_monsterinsights_sitenote_note":"","_monsterinsights_sitenote_category":0,"footnotes":""},"categories":[234],"tags":[304,43674,43687],"class_list":["post-306443","post","type-post","status-publish","format-standard","has-post-thumbnail","hentry","category-ramon-zurita-sahagun","tag-de-frente-y-de-perfil","tag-opinion","tag-ramon-zurita-sahagun"],"_links":{"self":[{"href":"https:\/\/www.diarioimagen.net\/index.php?rest_route=\/wp\/v2\/posts\/306443","targetHints":{"allow":["GET"]}}],"collection":[{"href":"https:\/\/www.diarioimagen.net\/index.php?rest_route=\/wp\/v2\/posts"}],"about":[{"href":"https:\/\/www.diarioimagen.net\/index.php?rest_route=\/wp\/v2\/types\/post"}],"author":[{"embeddable":true,"href":"https:\/\/www.diarioimagen.net\/index.php?rest_route=\/wp\/v2\/users\/3"}],"replies":[{"embeddable":true,"href":"https:\/\/www.diarioimagen.net\/index.php?rest_route=%2Fwp%2Fv2%2Fcomments&post=306443"}],"version-history":[{"count":0,"href":"https:\/\/www.diarioimagen.net\/index.php?rest_route=\/wp\/v2\/posts\/306443\/revisions"}],"wp:featuredmedia":[{"embeddable":true,"href":"https:\/\/www.diarioimagen.net\/index.php?rest_route=\/wp\/v2\/media\/306527"}],"wp:attachment":[{"href":"https:\/\/www.diarioimagen.net\/index.php?rest_route=%2Fwp%2Fv2%2Fmedia&parent=306443"}],"wp:term":[{"taxonomy":"category","embeddable":true,"href":"https:\/\/www.diarioimagen.net\/index.php?rest_route=%2Fwp%2Fv2%2Fcategories&post=306443"},{"taxonomy":"post_tag","embeddable":true,"href":"https:\/\/www.diarioimagen.net\/index.php?rest_route=%2Fwp%2Fv2%2Ftags&post=306443"}],"curies":[{"name":"wp","href":"https:\/\/api.w.org\/{rel}","templated":true}]}}