{"id":306629,"date":"2017-01-11T00:01:21","date_gmt":"2017-01-11T06:01:21","guid":{"rendered":"http:\/\/www.diarioimagen.net\/?p=306629"},"modified":"2017-01-11T05:22:16","modified_gmt":"2017-01-11T11:22:16","slug":"miguel-angel-guardado-director-general-en-mexico-de-barcelo-hotels-resorts-dio-a-conocer-las-nuevas-adquisiciones","status":"publish","type":"post","link":"https:\/\/www.diarioimagen.net\/?p=306629","title":{"rendered":"Miguel \u00c1ngel Guardado, director general en M\u00e9xico de Barcel\u00f3 Hotels &#038; Resorts, dio a conocer las nuevas adquisiciones"},"content":{"rendered":"<h2>De cinco estrellas<\/h2>\n<h5>Victoria Gonz\u00e1lez Prado<\/h5>\n<p><strong>\u00a0<\/strong><\/p>\n<ul>\n<li><em><strong>Del 15 al 21 de enero el Abierto de Parapente Monarca 2017, con sedes en Valle de Bravo y Temascaltepec<\/strong><\/em><\/li>\n<\/ul>\n<p><strong>\u00a0<\/strong><\/p>\n<div id=\"attachment_306716\" style=\"width: 470px\" class=\"wp-caption aligncenter\"><a href=\"http:\/\/www.diarioimagen.net\/?attachment_id=306716\" rel=\"attachment wp-att-306716\"><img loading=\"lazy\" decoding=\"async\" aria-describedby=\"caption-attachment-306716\" class=\"size-large wp-image-306716\" src=\"http:\/\/www.diarioimagen.net\/wp-content\/uploads\/2017\/01\/turismo-3033-460x220.jpg\" alt=\"\" width=\"460\" height=\"220\" srcset=\"https:\/\/www.diarioimagen.net\/wp-content\/uploads\/2017\/01\/turismo-3033-460x220.jpg 460w, https:\/\/www.diarioimagen.net\/wp-content\/uploads\/2017\/01\/turismo-3033-240x115.jpg 240w, https:\/\/www.diarioimagen.net\/wp-content\/uploads\/2017\/01\/turismo-3033-768x368.jpg 768w, https:\/\/www.diarioimagen.net\/wp-content\/uploads\/2017\/01\/turismo-3033.jpg 779w\" sizes=\"auto, (max-width: 460px) 100vw, 460px\" \/><\/a><p id=\"caption-attachment-306716\" class=\"wp-caption-text\">En la presentaci\u00f3n de los nuevos hoteles.<\/p><\/div>\n<p>&nbsp;<\/p>\n<p><strong>Miguel \u00c1ngel Guardado<\/strong>, director general en M\u00e9xico de Barcel\u00f3 Hotels &amp; Resorts, asegur\u00f3 que las nuevas adquisiciones para el modelo de negocio multimarca requirieron una inversi\u00f3n aproximada de 400 millones de d\u00f3lares, adem\u00e1s dijo, \u201cinvertiremos entre 60 y 80 millones m\u00e1s en mejoras lo que se ver\u00e1 reflejado en las 7,600 habitaciones en M\u00e9xico y 33,000 a nivel mundial, con perspectiva de alcanzar las 10,000 y 52,000, respectivamente.<\/p>\n<p>De esta forma y con la intenci\u00f3n de ofrecer experiencias de viaje \u00fanicas de acuerdo a las necesidades de los hu\u00e9spedes, la cadena hotelera Barcel\u00f3 hoy, es un modelo de negocio multimarca con su nueva divisi\u00f3n hotelera que opera cuatro estandartes: <em>Royal Hideaway,<\/em> Barcel\u00f3, <em>Occidental<\/em> y <em>Allegro.<\/em><\/p>\n<p>La estrategia se consolida luego de la reciente adquisici\u00f3n de Hoteles <em>Occidental <\/em>con lo que incrementa su presencia en pa\u00edses donde ya operaba, como M\u00e9xico, Rep\u00fablica Dominicana y Costa Rica y abre las puertas a exclusivos mercados como Colombia y Aruba.<\/p>\n<p><em>Royal Hideaway Luxury Hotels &amp; Resorts. The art of fine moments <\/em>son hoteles que apuestan por experiencias de lujo, en un ambiente refinado que fusiona al arte y la cultura de una manera sobria y detallada.<\/p>\n<p><em>Barcel\u00f3 Hotels &amp; Resorts. Live up to more <\/em>es la exclusividad de vivir experiencias originales en hoteles innovadores que privilegian la cercan\u00eda con la cultural local y <em>Occidental Hotels &amp; Resorts. There for you, <\/em>propiedades que privilegian la tranquilidad y la comodidad para ofrecer a los hu\u00e9spedes la oportunidad de vivir experiencias placenteras.<\/p>\n<p><em>Allegro Hotels, Enjoy Life <\/em>son hoteles y resorts vacacionales y urbanos para disfrutar del ocio activo en destinos \u00fanicos en los que la energ\u00eda, la libertad son los protagonistas.<\/p>\n<p>Esta nueva etapa, coincide con el 85 aniversario de Barcel\u00f3, ha sido marcada por la adquisici\u00f3n en 2015 de la cadena Occidental.\u00a0 Cuatro marcas, cuatro est\u00e1ndares y una sola voz\u2026 Bajo esta nueva estrategia, el Grupo definir\u00e1 mejor cada tipo de producto mediante sus nuevas marcas para seguir proporcionando experiencias a la medida e incorporando nuevos complejos:<\/p>\n<p><em>Royal Hideaway Luxury Hotels &amp; Resorts. The art of fine moments<\/em>. Posicionados en el segmento <em>luxury <\/em>como guardianes de lo m\u00e1s exquisito y ubicados en localizaciones especiales, bajo esta insignia se encontrar\u00e1n los hoteles destino que apuestan por el lujo experiencial. Establecimientos \u00fanicos y exclusivos vinculados al arte y la cultura con valores de marca asociados a la autenticidad, el detalle y la discreci\u00f3n.<\/p>\n<p>Por \u00faltimo, <strong>Miguel \u00c1ngel Guardado<\/strong> coment\u00f3: \u201ccrecimos mejorando, mejoramos creciendo. Las nuevas marcas nos permitir\u00e1n una diversificaci\u00f3n m\u00e1s clara y la oportunidad de entrar en segmentos de mercado donde hasta ahora no est\u00e1bamos. Para 2017 esperamos haber completado el proceso y operar al 100 por ciento bajo esta nueva arquitectura de marcas. Nuestro objetivo es crecer en el segmento alto y medio-alto de la actividad hotelera, tanto de sol y playa, como en los principales destinos urbanos, tanto nacionales como internacionales, buscando f\u00f3rmulas como la gesti\u00f3n, el arrendamiento o la franquicia\u201d.<\/p>\n<p>\u2730\u2730\u2730\u2730\u2730 Del 15 al 21 de enero se llevar\u00e1 a cabo la 13\u00aa. edici\u00f3n del Abierto de Parapente Monarca 2017, con sedes en Valle de Bravo y Temascaltepec en el Estado de M\u00e9xico, contando con la participaci\u00f3n de 17 pa\u00edses y un cupo m\u00e1ximo de 130 pilotos.<\/p>\n<p>As\u00ed lo dieron a conocer en conferencia de prensa Miguel Guti\u00e9rrez, director de Alas del Hombre; Jos\u00e9 Luis Saavedra, director de vinculaci\u00f3n con la oferta de reuniones de la Sectur Estado de M\u00e9xico y \u00d3scar Serrano, gerente general del hotel Misi\u00f3n Grand Valle.<\/p>\n<p>En el 2000, Alas del Hombre cre\u00f3 esta competencia con miras de traer a M\u00e9xico un campeonato mundial de la Federaci\u00f3n Aeron\u00e1utica Internacional (FAI), y lo logr\u00f3 al efectuar el Mundial de Parapente 2009, el Mundial de Ala Delta 2015 y la Super Final de la Copa del Mundo en 2012 y 2016.<\/p>\n<p>El Abierto de Parapente Monarca se ha posicionado como uno de los eventos m\u00e1s atractivos en su tipo, debido a\u00a0 las caracter\u00edsticas naturales del sitio de vuelo, clima excepcional de la regi\u00f3n y su impecable organizaci\u00f3n enfocada a la seguridad y atenci\u00f3n de los competidores.<\/p>\n<p>Este a\u00f1o tendr\u00e1 un formato \u00fanico e innovador con nueve categor\u00edas diferentes para que los participantes contiendan entre s\u00ed y aprendan de los m\u00e1s experimentados mediante conferencias impartidas por los ganadores de cada d\u00eda; distinci\u00f3n que motiv\u00f3 la inscripci\u00f3n de m\u00e1s talento nacional pues en esta ocasi\u00f3n suman m\u00e1s de 23.<\/p>\n<p>Las categor\u00edas son: diversi\u00f3n, recreaci\u00f3n, deportiva, distancia, competencia, abierta, equipos, femenino y debutante.<\/p>\n<p>Las pruebas consisten en recorridos que van desde 50 hasta 150 km de distancia a completarse en el menor tiempo posible. Cada d\u00eda se realiza un circuito distinto determinado por las condiciones climatol\u00f3gicas y el comit\u00e9 de expertos; el valor m\u00e1ximo de la prueba es de 1000 puntos que son otorgados al competidor m\u00e1s veloz.<\/p>\n<p>Los mexicanos favoritos son <strong>Emmanuel Guadarrama<\/strong> de Valle de Bravo, en clase Competencia; <strong>Patricio Guti\u00e9rrez<\/strong> de Valle de Bravo en clase Recreaci\u00f3n y <strong>Alejandra Canale<\/strong> en clase Femenina. Los extranjeros: <strong>Josh Cohn<\/strong> de Estados Unidos en clase Abierta y ganador de Monarca en dos ocasiones; <strong>Gunar Saebu<\/strong> de Noruega en clase Deportiva y <strong>Camila Antonorsi<\/strong> de Colombia en clase Femenina. Cabe mencionar que este evento es avalado por la FAI (Federaci\u00f3n Aeron\u00e1utica Internacional).<\/p>\n<p>Argentina, B\u00e9lgica, Canad\u00e1, Colombia, Ecuador, Estados Unidos, Estonia, Alemania, Reino Unido, Grecia, M\u00e9xico, Nueva Zelanda, Noruega, Espa\u00f1a, Suecia, Suiza y Venezuela.<\/p>\n<p>Esta no es la primera vez que Alas del Hombre y Hoteles Misi\u00f3n unen esfuerzos para impulsar la actividad tur\u00edstica deportiva en Valle de Bravo y con motivo de este evento, el Hotel Misi\u00f3n Grand Valle de Bravo ofrecer\u00e1 15 por ciento de descuento en hospedaje y 30 por ciento en alimentos y bebidas, destacando dentro de su men\u00fa un platillo regional diferente para cada d\u00eda.<\/p>\n<p><em><a href=\"mailto:victoriagprado@gmail.com\" target=\"_blank\">victoriagprado@gmail.com<\/a><\/em><br \/>\n<em> Twitter: <a href=\"https:\/\/twitter.com\/victoriagprado\" target=\"_blank\">@victoriagprado<\/a><\/em><\/p>\n","protected":false},"excerpt":{"rendered":"<p><strong>Miguel \u00c1ngel Guardado<\/strong>, director general en M\u00e9xico de Barcel\u00f3 Hotels &amp; Resorts, asegur\u00f3 que las nuevas adquisiciones para el modelo de negocio multimarca requirieron una inversi\u00f3n aproximada de 400 millones de d\u00f3lares, adem\u00e1s dijo, \u201cinvertiremos entre 60 y 80 millones m\u00e1s en mejoras lo que se ver\u00e1 reflejado en las 7,600 habitaciones en M\u00e9xico y 33,000 a nivel mundial, con perspectiva de alcanzar las 10,000 y 52,000, respectivamente.<\/p>\n","protected":false},"author":3,"featured_media":306716,"comment_status":"open","ping_status":"open","sticky":false,"template":"","format":"standard","meta":{"_monsterinsights_skip_tracking":false,"_monsterinsights_sitenote_active":false,"_monsterinsights_sitenote_note":"","_monsterinsights_sitenote_category":0,"footnotes":""},"categories":[11],"tags":[107,43674,43681,106],"class_list":["post-306629","post","type-post","status-publish","format-standard","has-post-thumbnail","hentry","category-turismo","tag-de-cinco-estrellas","tag-opinion","tag-turismo","tag-victoria-gonzalez-prado"],"_links":{"self":[{"href":"https:\/\/www.diarioimagen.net\/index.php?rest_route=\/wp\/v2\/posts\/306629","targetHints":{"allow":["GET"]}}],"collection":[{"href":"https:\/\/www.diarioimagen.net\/index.php?rest_route=\/wp\/v2\/posts"}],"about":[{"href":"https:\/\/www.diarioimagen.net\/index.php?rest_route=\/wp\/v2\/types\/post"}],"author":[{"embeddable":true,"href":"https:\/\/www.diarioimagen.net\/index.php?rest_route=\/wp\/v2\/users\/3"}],"replies":[{"embeddable":true,"href":"https:\/\/www.diarioimagen.net\/index.php?rest_route=%2Fwp%2Fv2%2Fcomments&post=306629"}],"version-history":[{"count":0,"href":"https:\/\/www.diarioimagen.net\/index.php?rest_route=\/wp\/v2\/posts\/306629\/revisions"}],"wp:featuredmedia":[{"embeddable":true,"href":"https:\/\/www.diarioimagen.net\/index.php?rest_route=\/wp\/v2\/media\/306716"}],"wp:attachment":[{"href":"https:\/\/www.diarioimagen.net\/index.php?rest_route=%2Fwp%2Fv2%2Fmedia&parent=306629"}],"wp:term":[{"taxonomy":"category","embeddable":true,"href":"https:\/\/www.diarioimagen.net\/index.php?rest_route=%2Fwp%2Fv2%2Fcategories&post=306629"},{"taxonomy":"post_tag","embeddable":true,"href":"https:\/\/www.diarioimagen.net\/index.php?rest_route=%2Fwp%2Fv2%2Ftags&post=306629"}],"curies":[{"name":"wp","href":"https:\/\/api.w.org\/{rel}","templated":true}]}}