{"id":306650,"date":"2017-01-11T00:04:29","date_gmt":"2017-01-11T06:04:29","guid":{"rendered":"http:\/\/www.diarioimagen.net\/?p=306650"},"modified":"2017-01-12T01:43:08","modified_gmt":"2017-01-12T07:43:08","slug":"bajaran-10-salarios-de-director-general-para-arriba","status":"publish","type":"post","link":"https:\/\/www.diarioimagen.net\/?p=306650","title":{"rendered":"Bajar\u00e1n 10% salarios de director general para arriba"},"content":{"rendered":"<ul>\n<li><strong><em>Ajuste en dependencias federales<\/em><\/strong><\/li>\n<\/ul>\n<p>&nbsp;<\/p>\n<div id=\"attachment_306747\" style=\"width: 470px\" class=\"wp-caption aligncenter\"><a href=\"http:\/\/www.diarioimagen.net\/?attachment_id=306747\" rel=\"attachment wp-att-306747\"><img loading=\"lazy\" decoding=\"async\" aria-describedby=\"caption-attachment-306747\" class=\"size-large wp-image-306747\" src=\"http:\/\/www.diarioimagen.net\/wp-content\/uploads\/2017\/01\/hacienda-3033-460x259.jpg\" alt=\"\" width=\"460\" height=\"259\" srcset=\"https:\/\/www.diarioimagen.net\/wp-content\/uploads\/2017\/01\/hacienda-3033-460x259.jpg 460w, https:\/\/www.diarioimagen.net\/wp-content\/uploads\/2017\/01\/hacienda-3033-240x135.jpg 240w, https:\/\/www.diarioimagen.net\/wp-content\/uploads\/2017\/01\/hacienda-3033-235x132.jpg 235w, https:\/\/www.diarioimagen.net\/wp-content\/uploads\/2017\/01\/hacienda-3033-202x114.jpg 202w, https:\/\/www.diarioimagen.net\/wp-content\/uploads\/2017\/01\/hacienda-3033-350x196.jpg 350w, https:\/\/www.diarioimagen.net\/wp-content\/uploads\/2017\/01\/hacienda-3033-220x123.jpg 220w, https:\/\/www.diarioimagen.net\/wp-content\/uploads\/2017\/01\/hacienda-3033-237x132.jpg 237w, https:\/\/www.diarioimagen.net\/wp-content\/uploads\/2017\/01\/hacienda-3033.jpg 480w\" sizes=\"auto, (max-width: 460px) 100vw, 460px\" \/><\/a><p id=\"caption-attachment-306747\" class=\"wp-caption-text\">Jos\u00e9 Antonio Meade record\u00f3 que la reducci\u00f3n de salarios forma parte de las acciones que incluye el \u201cAcuerdo para el fortalecimiento econ\u00f3mico\u201d.<\/p><\/div>\n<p>&nbsp;<\/p>\n<p>A m\u00e1s tardar a finales de la pr\u00f3xima semana, las dependencias federales deber\u00e1n informar a la Secretar\u00eda de Hacienda y Cr\u00e9dito P\u00fablico (SHCP) c\u00f3mo aplicar\u00e1n el ajuste de 10 por ciento a la partida de sueldos y salarios de mandos superiores.<\/p>\n<p>El titular de la SHCP, Jos\u00e9 Antonio Meade Kuribre\u00f1a, record\u00f3 que la reducci\u00f3n a esta partida forma parte de las acciones que incluye el \u201cAcuerdo para el fortalecimiento econ\u00f3mico y la protecci\u00f3n de la econom\u00eda familiar\u201d, firmado la v\u00edspera por el gobierno y los sectores laboral y empresarial.<\/p>\n<p>Durante la presentaci\u00f3n del \u201cEstudio econ\u00f3mico de M\u00e9xico 2017\u201d, que elabora cada dos a\u00f1os la Organizaci\u00f3n para la Cooperaci\u00f3n y el Desarrollo Econ\u00f3micos (OCDE), el funcionario mexicano precis\u00f3 que cada dependencia tendr\u00e1 la libertad de aplicar el ajuste a su partida de sueldos y salarios para preservar su funcionalidad.<\/p>\n<p>Inform\u00f3 que la SHCP enviar\u00e1 un oficio a todas las secretar\u00edas de Estado para que le informen c\u00f3mo aplicar\u00e1n el ajuste de 10 por ciento a la partida de los sueldos de los mandos superiores, lo que incluye cargos \u201cde director general para arriba\u201d de todas las dependencias.<\/p>\n<p>As\u00ed, a m\u00e1s tardar el viernes de la pr\u00f3xima semana, las dependencias federales habr\u00e1n de comunicar a la Secretar\u00eda de Hacienda sobre este ajuste, al amparo del acuerdo firmado el pasado lunes, a\u00f1adi\u00f3 Meade Kuribre\u00f1a en rueda de prensa acompa\u00f1ado por el secretario general de la OCDE, Jos\u00e9 \u00c1ngel Gurr\u00eda.<\/p>\n<p style=\"text-align: center;\"><strong>Anuncia <em>El Bronco<\/em> reducci\u00f3n de 20% de salarios a funcionarios<\/strong><\/p>\n<p>El gobierno del estado de Nuevo Le\u00f3n anunci\u00f3 la reducci\u00f3n del 20 por ciento en sueldos de funcionarios de primero y segundo nivel, as\u00ed como modificaciones al cobro de la tenencia para que solamente sea cobrado el 50 por ciento, lo anterior como parte del Plan de Ahorro de este a\u00f1o ante los incrementos de la gasolina.<\/p>\n<p>En lo que pareciera una especie de informe, el gobernador Jaime Rodr\u00edguez Calder\u00f3n destac\u00f3 que a partir de la siguiente quincena se ver\u00e1 reflejado la rebaja en los sueldos de los secretarios, subsecretarios y directores.<\/p>\n<p>Asegur\u00f3 que tambi\u00e9n desaparecer\u00e1 el Bono del Servidor P\u00fablico en todos los niveles.<\/p>\n<p>Asimismo, gir\u00f3 instrucciones a la Secretar\u00eda de Administraci\u00f3n para que, lo m\u00e1s pronto posible, se licite la conversi\u00f3n de gasolina a gas natural en las unidades del parque vehicular del estado que as\u00ed lo requieran.<\/p>\n<p>Rodr\u00edguez Calder\u00f3n destac\u00f3 que en los siguientes d\u00edas har\u00e1 una reuni\u00f3n con sus secretarios para ver la posibilidad de fusiones en las dependencias.<\/p>\n<p>&nbsp;<\/p>\n","protected":false},"excerpt":{"rendered":"<p>A m\u00e1s tardar a finales de la pr\u00f3xima semana, las dependencias federales deber\u00e1n informar a la Secretar\u00eda de Hacienda y Cr\u00e9dito P\u00fablico (SHCP) c\u00f3mo aplicar\u00e1n el ajuste de 10 por ciento a la partida de sueldos y salarios de mandos superiores.<\/p>\n","protected":false},"author":3,"featured_media":306747,"comment_status":"open","ping_status":"open","sticky":false,"template":"","format":"standard","meta":{"_monsterinsights_skip_tracking":false,"_monsterinsights_sitenote_active":false,"_monsterinsights_sitenote_note":"","_monsterinsights_sitenote_category":0,"footnotes":""},"categories":[8],"tags":[19701,43678,26429,25713,1101,1102],"class_list":["post-306650","post","type-post","status-publish","format-standard","has-post-thumbnail","hentry","category-finanzas","tag-baja","tag-finanzas","tag-jose-antonio-meade-kuribrena","tag-salario","tag-secretaria-de-hacienda-y-credito-publico","tag-shcp"],"_links":{"self":[{"href":"https:\/\/www.diarioimagen.net\/index.php?rest_route=\/wp\/v2\/posts\/306650","targetHints":{"allow":["GET"]}}],"collection":[{"href":"https:\/\/www.diarioimagen.net\/index.php?rest_route=\/wp\/v2\/posts"}],"about":[{"href":"https:\/\/www.diarioimagen.net\/index.php?rest_route=\/wp\/v2\/types\/post"}],"author":[{"embeddable":true,"href":"https:\/\/www.diarioimagen.net\/index.php?rest_route=\/wp\/v2\/users\/3"}],"replies":[{"embeddable":true,"href":"https:\/\/www.diarioimagen.net\/index.php?rest_route=%2Fwp%2Fv2%2Fcomments&post=306650"}],"version-history":[{"count":0,"href":"https:\/\/www.diarioimagen.net\/index.php?rest_route=\/wp\/v2\/posts\/306650\/revisions"}],"wp:featuredmedia":[{"embeddable":true,"href":"https:\/\/www.diarioimagen.net\/index.php?rest_route=\/wp\/v2\/media\/306747"}],"wp:attachment":[{"href":"https:\/\/www.diarioimagen.net\/index.php?rest_route=%2Fwp%2Fv2%2Fmedia&parent=306650"}],"wp:term":[{"taxonomy":"category","embeddable":true,"href":"https:\/\/www.diarioimagen.net\/index.php?rest_route=%2Fwp%2Fv2%2Fcategories&post=306650"},{"taxonomy":"post_tag","embeddable":true,"href":"https:\/\/www.diarioimagen.net\/index.php?rest_route=%2Fwp%2Fv2%2Ftags&post=306650"}],"curies":[{"name":"wp","href":"https:\/\/api.w.org\/{rel}","templated":true}]}}