{"id":306672,"date":"2017-01-11T00:03:12","date_gmt":"2017-01-11T06:03:12","guid":{"rendered":"http:\/\/www.diarioimagen.net\/?p=306672"},"modified":"2017-01-11T02:04:53","modified_gmt":"2017-01-11T08:04:53","slug":"el-mundo-al-reves","status":"publish","type":"post","link":"https:\/\/www.diarioimagen.net\/?p=306672","title":{"rendered":"El mundo al rev\u00e9s"},"content":{"rendered":"<h2>\u201cHora 14\u201d<\/h2>\n<h5>Mauricio Conde Olivares<\/h5>\n<p>&nbsp;<\/p>\n<p>La manera en que el presidente Enrique Pe\u00f1a Nieto ha asumido la operaci\u00f3n para poner en marcha la liberaci\u00f3n de los precios de las gasolinas nos ha demostrado que no debe ponerse la carreta delante de los caballos; es claro que primero debi\u00f3 llamar al acuerdo nacional de voluntades para despu\u00e9s enfrentar lo inevitable.<\/p>\n<p>Pero como los cuerpos de asesores le han fallado al primer mandatario, resulta que el acuerdo econ\u00f3mico, que firmaron el pasado lunes los sectores ante Pe\u00f1a Nieto, no refleja a toda la sociedad mexicana, pues ha sido rechazado por la clase patronal representada precisamente por la Coparmex, y por la Conago.<\/p>\n<p>Tambi\u00e9n los representantes de las peque\u00f1as y medianas empresas se sumaron a este rechazo, por lo que podemos afirmar que solamente las \u00e9lites han suscrito dicho acuerdo, pues todo se hizo al cuarto para las doce y mal, sin estimar o tomar en cuenta los verdaderos intereses de la poblaci\u00f3n.<\/p>\n<p>Sin metas medibles, programadas y constatables, qued\u00f3 este acuerdo en un cat\u00e1logo de buenas intenciones que no alivian la situaci\u00f3n, pues persiste como todos apreciamos, la incertidumbre y la inestabilidad econ\u00f3mica.<\/p>\n<p>Necesitamos recuperar la confianza en las instituciones y esto no suceder\u00e1 hasta que el gobierno realice acciones espec\u00edficas y mande se\u00f1ales claras de cambio de rumbo en materia econ\u00f3mica, pol\u00edtica, de justicia, de trasparencia y respeto pleno a los derechos humanos en beneficio del pueblo y no s\u00f3lo de unos cuantos que, adem\u00e1s, no representan a quienes se ven afectados.<\/p>\n<p>Insisto, los intensos y numerosos reclamos populares, producto de la liberaci\u00f3n del precio de las gasolinas son resultado de la suma de las inconformidades acumuladas con el gobierno en pr\u00e1cticamente todos los renglones de la vida p\u00fablica, la poblaci\u00f3n est\u00e1 enfadada y harta de tanta frivolidad y cinismo.\u2028Es el momento que a\u00fan los mexicanos exigimos la creaci\u00f3n de nuevos empleos (programas p\u00fablicos-privados de contrataci\u00f3n laboral emergente para atenuar el desempleo en M\u00e9xico).<\/p>\n<p>No olvidemos que otro clamor ciudadano lo constituye la defensa a las industrias que generan empleos, as\u00ed como sus planes de inversi\u00f3n, y que haya un nuevo aumento a los salarios m\u00ednimos para que lleguen a los cien pesos diarios.<\/p>\n<p>El consenso nacional del que hablo debe considerar medidas concretas en pro de la econom\u00eda de las familias mexicanas, beneficios contantes y sonantes, que aterricen en los hogares, en las escuelas p\u00fablicas, en los hospitales, en las viviendas y sobre todo en el poder adquisitivo de la gente.<\/p>\n<p>Sin embargo, pareciera que Pe\u00f1a Nieto no dimension\u00f3 la falta de apoyo popular a su r\u00e9gimen ni que las reacciones ciudadanas derivaran en saqueos, por lo que en el recuento de los da\u00f1os ya se form\u00f3 un frente opositor con los patrones del pa\u00eds, el club de gobernadores, aderezado por la oposici\u00f3n donde parece alinearse el PRD a la causa de Morena.<\/p>\n<p>En Quintana Roo, por ejemplo, el presidente del Partido de la Revoluci\u00f3n Democr\u00e1tica (PRD), Emiliano Ramos Hern\u00e1ndez, anunci\u00f3 el acuerdo para reformar el art\u00edculo primero y d\u00e9cimo primero transitorios de la Ley de Ingresos de la Federaci\u00f3n, as\u00ed como tambi\u00e9n derogar el art\u00edculo d\u00e9cimo segundo transitorio, de la misma Ley para el ejercicio fiscal 2017.<\/p>\n<p>La fracci\u00f3n parlamentaria del Partido de la Revoluci\u00f3n Democr\u00e1tica (PRD) en el Congreso del estado, integrada por los diputados Laura Berista\u00edn, Jos\u00e9 Esquivel Vargas y Emiliano Ramos, presentaron en la Comisi\u00f3n Permanente de la XV Legislatura la iniciativa de Ley para derogar los art\u00edculos transitorios de Ley de Ingresos Federal y con esto dar marcha atr\u00e1s al \u201cgasolinazo\u201d.<\/p>\n<p>Esta iniciativa de ley, junto con una presentada por el Partido Acci\u00f3n Nacional (PAN), para eliminar el Impuesto Especial sobre Producci\u00f3n y Servicios (IEPS) ser\u00e1n discutidas en un per\u00edodo extraordinario el pr\u00f3ximo 18 de enero a las 11 de la ma\u00f1ana.<\/p>\n<p>Los integrantes del Congreso del estado de Quintana Roo buscan con el bloque de los partidos PRD, PAN, Morena, PES y PANAL impulsar estas dos iniciativas para dar marcha atr\u00e1s al gasolinazo que tanto lastima a los quintanarroenses.<\/p>\n<p>Por lo que de ser aprobada se reformar\u00eda la Fracci\u00f3n I del cuarto p\u00e1rrafo y el art\u00edculo d\u00e9cimo cuarto transitorio de la Ley de hidrocarburos publicada en el<em> Diario Oficial de la Federaci\u00f3n<\/em> con fecha 11 de agosto de del 2014.<\/p>\n<p>Pero ahora hablemos de cuestiones financieras, y d\u00e9jeme contarle que Jaguar Growth Partners (Jaguar), una empresa privada de gesti\u00f3n de inversiones que se especializa en mercados emergentes a nivel mundial, anunci\u00f3 ayer el cierre final de su primer fondo de capital privado inmobiliario.<\/p>\n<p>Jaguar Real Estate Partners I LP (JREP) finaliz\u00f3 con \u00e9xito la captaci\u00f3n de capital discrecional con activos bajo gesti\u00f3n finales (incluyendo compromisos no discrecionales pendientes) estimados en 350 millones de d\u00f3lares.<\/p>\n<p>Al invertir oportunamente en plataformas operativas y empresas inmobiliarias, JREP se enfoca en los mercados m\u00e1s atractivos de Am\u00e9rica Latina, incluidos M\u00e9xico, Brasil, Argentina y la regi\u00f3n andina.<\/p>\n<p>\u201cTenemos el privilegio de contar con un grupo destacado de socios institucionales que hacen posible que Jaguar aproveche una amplia gama de oportunidades de inversi\u00f3n en crecimiento y valor en toda Am\u00e9rica Latina\u201d, se\u00f1al\u00f3 Gary Garrabrant, socio director de Jaguar.<\/p>\n<p>\u201cNuestro enfoque centrado en el socio y casi 100 a\u00f1os de experiencia colectiva distinguen a Jaguar en los mercados de crecimiento a nivel mundial, en especial en Am\u00e9rica Latina, con nuestra presencia local\u201d, indic\u00f3 Thomas McDonald, socio director de Jaguar.<\/p>\n<p>\u201cLos mercados emergentes son complejos y demandan un an\u00e1lisis y una navegaci\u00f3n cuidadosos, respaldados por la colaboraci\u00f3n activa con nuestros socios operativos locales\u201d, cit\u00f3.<\/p>\n<p>Durante el a\u00f1o pasado Jaguar destin\u00f3 m\u00e1s de 200 millones de d\u00f3lares de capital privado discrecional y no discrecional a varias empresas de cartera, incluidas LatAm Logistic Properties, la empresa brasile\u00f1a de bienes ra\u00edces para el comercio minorista Aliansce y, m\u00e1s recientemente, la constructora brasilera de propiedades residenciales AEL Tenda.<\/p>\n<p>Con sede central en Nueva York y oficina en Sao Paulo, Jaguar Growth Partners es una empresa privada de gesti\u00f3n de inversiones que se especializa en participaciones inmobiliarias en mercados en expansi\u00f3n a nivel mundial.<\/p>\n<p>Fundada en 2013 por Gary Garrabrant y Thomas McDonald, Jaguar desarrolla e invierte en plataformas operativas escalables y empresas inmobiliarias listas para crecer en mercados emergentes caracterizados por una creciente clase media y el consumismo que conlleva, una juventud ambiciosa, urbanizaci\u00f3n y acceso ineficiente al capital. Jaguar invierte a trav\u00e9s de fondos gestionados, incluido Jaguar Real Estate Partners, que se enfoca exclusivamente en Am\u00e9rica Latina.<\/p>\n<p>Los fundadores de Jaguar, que comenzaron sus actividades de inversi\u00f3n en la d\u00e9cada de 1990, son considerados l\u00edderes en el sector de inversiones inmobiliarias y creaci\u00f3n de empresas en mercados emergentes a trav\u00e9s de inversiones de capital de crecimiento y la colaboraci\u00f3n activa con socios operativos locales. Jaguar se distingue por sus percepciones globales, la orientaci\u00f3n al socio y el enfoque probado para la optimizaci\u00f3n del valor y la liquidez.<\/p>\n<p>La empresa es miembro de Pension Real Estate Association, Latin American Private Equity &amp; Venture Capital Association, Emerging Markets Private Equity Association y Institutional Limited Partners Association; pero lo anterior ser\u00e1 motivo de posterior an\u00e1lisis en otra entrega de <strong><em>Hora 14<\/em><\/strong>.<\/p>\n<p><em><a href=\"mailto:%20mauricio_conde@msn.com\" target=\"_blank\">mauricio_conde@msn.com<\/a><\/em><\/p>\n","protected":false},"excerpt":{"rendered":"<p><span style=\"color: #005497;\"><strong>Mauricio Conde Olivares<\/strong><\/span><\/p>\n","protected":false},"author":3,"featured_media":0,"comment_status":"open","ping_status":"open","sticky":false,"template":"","format":"standard","meta":{"_monsterinsights_skip_tracking":false,"_monsterinsights_sitenote_active":false,"_monsterinsights_sitenote_note":"","_monsterinsights_sitenote_category":0,"footnotes":""},"categories":[35889],"tags":[43712,43674,44860],"class_list":["post-306672","post","type-post","status-publish","format-standard","hentry","category-mauricio-conde-olivares","tag-mauricio-conde-olivares","tag-opinion","tag-hora-14"],"_links":{"self":[{"href":"https:\/\/www.diarioimagen.net\/index.php?rest_route=\/wp\/v2\/posts\/306672","targetHints":{"allow":["GET"]}}],"collection":[{"href":"https:\/\/www.diarioimagen.net\/index.php?rest_route=\/wp\/v2\/posts"}],"about":[{"href":"https:\/\/www.diarioimagen.net\/index.php?rest_route=\/wp\/v2\/types\/post"}],"author":[{"embeddable":true,"href":"https:\/\/www.diarioimagen.net\/index.php?rest_route=\/wp\/v2\/users\/3"}],"replies":[{"embeddable":true,"href":"https:\/\/www.diarioimagen.net\/index.php?rest_route=%2Fwp%2Fv2%2Fcomments&post=306672"}],"version-history":[{"count":0,"href":"https:\/\/www.diarioimagen.net\/index.php?rest_route=\/wp\/v2\/posts\/306672\/revisions"}],"wp:attachment":[{"href":"https:\/\/www.diarioimagen.net\/index.php?rest_route=%2Fwp%2Fv2%2Fmedia&parent=306672"}],"wp:term":[{"taxonomy":"category","embeddable":true,"href":"https:\/\/www.diarioimagen.net\/index.php?rest_route=%2Fwp%2Fv2%2Fcategories&post=306672"},{"taxonomy":"post_tag","embeddable":true,"href":"https:\/\/www.diarioimagen.net\/index.php?rest_route=%2Fwp%2Fv2%2Ftags&post=306672"}],"curies":[{"name":"wp","href":"https:\/\/api.w.org\/{rel}","templated":true}]}}