{"id":306783,"date":"2017-01-12T00:10:31","date_gmt":"2017-01-12T06:10:31","guid":{"rendered":"http:\/\/www.diarioimagen.net\/?p=306783"},"modified":"2017-01-12T00:36:08","modified_gmt":"2017-01-12T06:36:08","slug":"registra-edomex-incremento-en-numero-de-visitantes","status":"publish","type":"post","link":"https:\/\/www.diarioimagen.net\/?p=306783","title":{"rendered":"Nos visitaron 5.2 millones de paseantes"},"content":{"rendered":"<h2>Arco Norte<\/h2>\n<h5>Jos\u00e9 Luis Monta\u00f1ez Aguilar<\/h5>\n<p>&nbsp;<\/p>\n<div id=\"attachment_306784\" style=\"width: 470px\" class=\"wp-caption aligncenter\"><a href=\"http:\/\/www.diarioimagen.net\/?attachment_id=306784\" rel=\"attachment wp-att-306784\"><img loading=\"lazy\" decoding=\"async\" aria-describedby=\"caption-attachment-306784\" class=\"size-large wp-image-306784\" src=\"http:\/\/www.diarioimagen.net\/wp-content\/uploads\/2017\/01\/VISITANTES12-PORTAL-460x268.jpg\" alt=\"\" width=\"460\" height=\"268\" srcset=\"https:\/\/www.diarioimagen.net\/wp-content\/uploads\/2017\/01\/VISITANTES12-PORTAL-460x268.jpg 460w, https:\/\/www.diarioimagen.net\/wp-content\/uploads\/2017\/01\/VISITANTES12-PORTAL-240x140.jpg 240w, https:\/\/www.diarioimagen.net\/wp-content\/uploads\/2017\/01\/VISITANTES12-PORTAL.jpg 480w\" sizes=\"auto, (max-width: 460px) 100vw, 460px\" \/><\/a><p id=\"caption-attachment-306784\" class=\"wp-caption-text\">El Estado de M\u00e9xico registr\u00f3 un incremento del 5 por ciento en el n\u00famero de visitantes, en comparaci\u00f3n con el mismo periodo en 2015.<\/p><\/div>\n<p>&nbsp;<\/p>\n<p>Durante las vacaciones decembrinas, el Estado de M\u00e9xico registr\u00f3 un incremento del 5 por ciento en el n\u00famero de visitantes, en comparaci\u00f3n con el mismo periodo en 2015, al recibir en esta ocasi\u00f3n a m\u00e1s de 5 millones 200 mil turistas provenientes de estados como Hidalgo, Quer\u00e9taro, Morelos, Michoac\u00e1n o la Ciudad de M\u00e9xico, principalmente, y de pa\u00edses como Estados Unidos, Canad\u00e1 y Espa\u00f1a.<\/p>\n<p>La derrama econ\u00f3mica que se registr\u00f3 es superior a 6 mil 600 millones de pesos por concepto de hospedaje, alimentaci\u00f3n, servicios recreativos, entre otros.<\/p>\n<p>La secretaria de Turismo, Rosalinda Elizabeth Ben\u00edtez Gonz\u00e1lez se\u00f1al\u00f3 que el pasado periodo vacacional inici\u00f3 el 16 de diciembre de 2016 y concluy\u00f3 el pasado 4 de enero, y que los recursos derivados de la derrama econ\u00f3mica ser\u00e1n de gran ayuda para miles de familias ligadas al turismo, en territorio mexiquense.<\/p>\n<p>Agreg\u00f3 que, como ya es costumbre en temporadas vacacionales, personal de la dependencia a su cargo tuvo presencia en los principales destinos, donde aplicaron 6 mil 457 encuestas, cuyos resultados arrojaron que del total de turistas y excursionistas que visitaron el Estado de M\u00e9xico, el 84 por ciento fueron de origen nacional y el resto extranjeros.<\/p>\n<p>Explic\u00f3 que las encuestas revelaron que el gasto de quienes visitaron la entidad oscil\u00f3 entre los 500 y los 2 mil pesos, lo que representa un gasto promedio de mil 250 pesos por persona.<\/p>\n<p style=\"text-align: center;\"><strong>Entrega DIFEM regalos de Reyes a ni\u00f1os mexiquenses<\/strong><\/p>\n<p>Con el prop\u00f3sito de brindar alegr\u00eda a los ni\u00f1os mexiquenses del norte de la entidad, Carolina Alan\u00eds Moreno, directora general del DIF Estado de M\u00e9xico, entreg\u00f3 juguetes, lapiceras y dulces a 4 mil menores de 15 municipios de esta regi\u00f3n, con motivo del D\u00eda de Reyes Magos.<\/p>\n<p>Carolina Alan\u00eds, acompa\u00f1ada por Eduardo Gasca Pliego, secretario de Cultura del Estado de M\u00e9xico, otorg\u00f3 los obsequios a los peque\u00f1os que acudieron al evento, as\u00ed como a titulares de los Sistemas Municipales DIF, para que a su vez sean entregados a los ni\u00f1os que habitan en comunidades vulnerables.<\/p>\n<p>Carolina Alan\u00eds inform\u00f3 que se trata de una muestra del impulso que el gobernador Eruviel \u00c1vila ha realizado para tener una ni\u00f1ez protegida, y que durante este a\u00f1o seguir\u00e1n vigentes otros programas para este sector.<\/p>\n<p><em><a href=\"mailto:montanezaguilar@gmail.com\" target=\"_blank\">montanezaguilar@gmail.com<\/a><\/em><\/p>\n","protected":false},"excerpt":{"rendered":"<p><span style=\"color: #005497;\">Jos\u00e9 Luis Monta\u00f1ez Aguilar<\/span><br \/>\n<br \/>\nDurante las vacaciones decembrinas, el Estado de M\u00e9xico registr\u00f3 un incremento del 5 por ciento en el n\u00famero de visitantes, en comparaci\u00f3n con el mismo periodo en 2015, al recibir en esta ocasi\u00f3n a m\u00e1s de 5 millones 200 mil turistas provenientes de estados como Hidalgo, Quer\u00e9taro, Morelos, Michoac\u00e1n o la Ciudad de M\u00e9xico, principalmente, y de pa\u00edses como Estados Unidos, Canad\u00e1 y Espa\u00f1a.<\/p>\n","protected":false},"author":5,"featured_media":306784,"comment_status":"open","ping_status":"open","sticky":false,"template":"","format":"standard","meta":{"_monsterinsights_skip_tracking":false,"_monsterinsights_sitenote_active":false,"_monsterinsights_sitenote_note":"","_monsterinsights_sitenote_category":0,"footnotes":""},"categories":[5],"tags":[13284,43704,7338,43674],"class_list":["post-306783","post","type-post","status-publish","format-standard","has-post-thumbnail","hentry","category-estado-de-mexico","tag-arco-norte","tag-jose-luis-montanez-aguilar","tag-mariposa-monarca","tag-opinion"],"_links":{"self":[{"href":"https:\/\/www.diarioimagen.net\/index.php?rest_route=\/wp\/v2\/posts\/306783","targetHints":{"allow":["GET"]}}],"collection":[{"href":"https:\/\/www.diarioimagen.net\/index.php?rest_route=\/wp\/v2\/posts"}],"about":[{"href":"https:\/\/www.diarioimagen.net\/index.php?rest_route=\/wp\/v2\/types\/post"}],"author":[{"embeddable":true,"href":"https:\/\/www.diarioimagen.net\/index.php?rest_route=\/wp\/v2\/users\/5"}],"replies":[{"embeddable":true,"href":"https:\/\/www.diarioimagen.net\/index.php?rest_route=%2Fwp%2Fv2%2Fcomments&post=306783"}],"version-history":[{"count":0,"href":"https:\/\/www.diarioimagen.net\/index.php?rest_route=\/wp\/v2\/posts\/306783\/revisions"}],"wp:featuredmedia":[{"embeddable":true,"href":"https:\/\/www.diarioimagen.net\/index.php?rest_route=\/wp\/v2\/media\/306784"}],"wp:attachment":[{"href":"https:\/\/www.diarioimagen.net\/index.php?rest_route=%2Fwp%2Fv2%2Fmedia&parent=306783"}],"wp:term":[{"taxonomy":"category","embeddable":true,"href":"https:\/\/www.diarioimagen.net\/index.php?rest_route=%2Fwp%2Fv2%2Fcategories&post=306783"},{"taxonomy":"post_tag","embeddable":true,"href":"https:\/\/www.diarioimagen.net\/index.php?rest_route=%2Fwp%2Fv2%2Ftags&post=306783"}],"curies":[{"name":"wp","href":"https:\/\/api.w.org\/{rel}","templated":true}]}}