{"id":306786,"date":"2017-01-12T00:09:05","date_gmt":"2017-01-12T06:09:05","guid":{"rendered":"http:\/\/www.diarioimagen.net\/?p=306786"},"modified":"2017-01-12T00:24:20","modified_gmt":"2017-01-12T06:24:20","slug":"trasladan-relampagos-a-mujer-por-complicaciones-postparto","status":"publish","type":"post","link":"https:\/\/www.diarioimagen.net\/?p=306786","title":{"rendered":"Trasladan Rel\u00e1mpagos a mujer por complicaciones postparto"},"content":{"rendered":"<ul>\n<li><strong><em>De Ecatepec al Hospital Materno Perinatal M\u00f3nica Pretelini<\/em><\/strong><\/li>\n<\/ul>\n<p>&nbsp;<\/p>\n<div id=\"attachment_306787\" style=\"width: 470px\" class=\"wp-caption aligncenter\"><a href=\"http:\/\/www.diarioimagen.net\/?attachment_id=306787\" rel=\"attachment wp-att-306787\"><img loading=\"lazy\" decoding=\"async\" aria-describedby=\"caption-attachment-306787\" class=\"wp-image-306787 size-large\" src=\"http:\/\/www.diarioimagen.net\/wp-content\/uploads\/2017\/01\/RELAMPAGOS12-PORTAL-460x268.jpg\" width=\"460\" height=\"268\" srcset=\"https:\/\/www.diarioimagen.net\/wp-content\/uploads\/2017\/01\/RELAMPAGOS12-PORTAL-460x268.jpg 460w, https:\/\/www.diarioimagen.net\/wp-content\/uploads\/2017\/01\/RELAMPAGOS12-PORTAL-240x140.jpg 240w, https:\/\/www.diarioimagen.net\/wp-content\/uploads\/2017\/01\/RELAMPAGOS12-PORTAL.jpg 480w\" sizes=\"auto, (max-width: 460px) 100vw, 460px\" \/><\/a><p id=\"caption-attachment-306787\" class=\"wp-caption-text\">\u201cRel\u00e1mpagos\u201d traslad\u00f3 a una mujer de 18 a\u00f1os con complicaciones postparto, del Hospital de Ecatepec, al Hospital Materno Perinatal M\u00f3nica Pretelini, en Toluca.<\/p><\/div>\n<p>&nbsp;<\/p>\n<p><strong>Toluca, Estado de M\u00e9xico<\/strong>.- La Unidad de Rescate A\u00e9reo Rel\u00e1mpagos traslad\u00f3 a una mujer de 18 a\u00f1os de edad con complicaciones postparto, del Hospital de las Am\u00e9ricas, en el municipio de Ecatepec, al Hospital Materno Perinatal M\u00f3nica Pretelini en la capital mexiquense.<\/p>\n<p>\u00c1ngel Z\u00fa\u00f1iga, param\u00e9dico del Grupo Rel\u00e1mpagos, indic\u00f3 que la paciente present\u00f3 puerperio fisiol\u00f3gico, falla hep\u00e1tica y falla renal aguda, es decir, que la intervenci\u00f3n se complic\u00f3 generando da\u00f1os en el h\u00edgado y los ri\u00f1ones, por lo cual necesitaba ser trasladada a un hospital con especialidad en ginecolog\u00eda y obstetricia para continuar con su tratamiento.<\/p>\n<p>La mujer fue trasladada a bordo de la aeronave de rescate tres con matr\u00edcula XC-EGD, a cargo de los capitanes Salvador de Alba y Javier Briones, as\u00ed como el param\u00e9dico \u00c1ngel Z\u00fa\u00f1iga, quienes entregaron a la paciente en condici\u00f3n estable.<\/p>\n<p>Durante 2016, la Unidad de Rescate A\u00e9reo realiz\u00f3 713 ambulancias a\u00e9reas, 88 c\u00f3digos mater (complicaciones del embarazo), 58 traslados de \u00f3rganos y plasmas de sangre, 30 traslados de reci\u00e9n nacidos en incubadora, 25 rescates con gr\u00faa, 18 apoyos a incendios forestales, 13 traslados de personas intoxicadas, 10 operaciones policiacas, cinco con equipo de visi\u00f3n nocturna, as\u00ed como cuatro apoyos a la poblaci\u00f3n en desastres naturales.<\/p>\n<p>&nbsp;<\/p>\n","protected":false},"excerpt":{"rendered":"<p>La Unidad de Rescate A\u00e9reo Rel\u00e1mpagos traslad\u00f3 a una mujer de 18 a\u00f1os de edad con complicaciones postparto, del Hospital de las Am\u00e9ricas, en el municipio de Ecatepec, al Hospital Materno Perinatal M\u00f3nica Pretelini en la capital mexiquense.<\/p>\n","protected":false},"author":5,"featured_media":306787,"comment_status":"open","ping_status":"open","sticky":false,"template":"","format":"standard","meta":{"_monsterinsights_skip_tracking":false,"_monsterinsights_sitenote_active":false,"_monsterinsights_sitenote_note":"","_monsterinsights_sitenote_category":0,"footnotes":""},"categories":[5],"tags":[43675,42775,452],"class_list":["post-306786","post","type-post","status-publish","format-standard","has-post-thumbnail","hentry","category-estado-de-mexico","tag-estado-de-mexico","tag-relampagos","tag-toluca"],"_links":{"self":[{"href":"https:\/\/www.diarioimagen.net\/index.php?rest_route=\/wp\/v2\/posts\/306786","targetHints":{"allow":["GET"]}}],"collection":[{"href":"https:\/\/www.diarioimagen.net\/index.php?rest_route=\/wp\/v2\/posts"}],"about":[{"href":"https:\/\/www.diarioimagen.net\/index.php?rest_route=\/wp\/v2\/types\/post"}],"author":[{"embeddable":true,"href":"https:\/\/www.diarioimagen.net\/index.php?rest_route=\/wp\/v2\/users\/5"}],"replies":[{"embeddable":true,"href":"https:\/\/www.diarioimagen.net\/index.php?rest_route=%2Fwp%2Fv2%2Fcomments&post=306786"}],"version-history":[{"count":0,"href":"https:\/\/www.diarioimagen.net\/index.php?rest_route=\/wp\/v2\/posts\/306786\/revisions"}],"wp:featuredmedia":[{"embeddable":true,"href":"https:\/\/www.diarioimagen.net\/index.php?rest_route=\/wp\/v2\/media\/306787"}],"wp:attachment":[{"href":"https:\/\/www.diarioimagen.net\/index.php?rest_route=%2Fwp%2Fv2%2Fmedia&parent=306786"}],"wp:term":[{"taxonomy":"category","embeddable":true,"href":"https:\/\/www.diarioimagen.net\/index.php?rest_route=%2Fwp%2Fv2%2Fcategories&post=306786"},{"taxonomy":"post_tag","embeddable":true,"href":"https:\/\/www.diarioimagen.net\/index.php?rest_route=%2Fwp%2Fv2%2Ftags&post=306786"}],"curies":[{"name":"wp","href":"https:\/\/api.w.org\/{rel}","templated":true}]}}