{"id":306869,"date":"2017-01-12T00:03:53","date_gmt":"2017-01-12T06:03:53","guid":{"rendered":"http:\/\/www.diarioimagen.net\/?p=306869"},"modified":"2017-01-12T05:47:10","modified_gmt":"2017-01-12T11:47:10","slug":"colocan-primera-piedra-de-alberca-publica-de-san-fernando-en-huixquilucan","status":"publish","type":"post","link":"https:\/\/www.diarioimagen.net\/?p=306869","title":{"rendered":"Colocan primera piedra de alberca p\u00fablica de San Fernando, en Huixquilucan"},"content":{"rendered":"<p><a href=\"http:\/\/www.diarioimagen.net\/?attachment_id=306954\" rel=\"attachment wp-att-306954\"><img loading=\"lazy\" decoding=\"async\" class=\"aligncenter size-large wp-image-306954\" src=\"http:\/\/www.diarioimagen.net\/wp-content\/uploads\/2017\/01\/HUIXQUILUCAN-3034-460x369.jpg\" alt=\"\" width=\"460\" height=\"369\" srcset=\"https:\/\/www.diarioimagen.net\/wp-content\/uploads\/2017\/01\/HUIXQUILUCAN-3034-460x369.jpg 460w, https:\/\/www.diarioimagen.net\/wp-content\/uploads\/2017\/01\/HUIXQUILUCAN-3034-240x193.jpg 240w, https:\/\/www.diarioimagen.net\/wp-content\/uploads\/2017\/01\/HUIXQUILUCAN-3034.jpg 700w\" sizes=\"auto, (max-width: 460px) 100vw, 460px\" \/><\/a><\/p>\n<p>&nbsp;<\/p>\n<p><strong>Huixquilucan, Estado de M\u00e9xico.-<\/strong> Al colocar la primera piedra para la construcci\u00f3n de la alberca semiol\u00edmpica p\u00fablica en la colonia San Fernando, el presidente municipal, Enrique Vargas del Villar, inform\u00f3 que esta obra tendr\u00e1 una inversi\u00f3n de 15 millones de pesos y beneficiara a los habitantes de la regi\u00f3n que ya no tendr\u00e1n que desplazarse lejos de su comunidad para practicar nataci\u00f3n. Ser\u00e1n alrededor de 10 mil habitantes de la zona popular los beneficiados.<\/p>\n","protected":false},"excerpt":{"rendered":"<p>Al colocar la primera piedra para la construcci\u00f3n de la alberca semiol\u00edmpica p\u00fablica en la colonia San Fernando, el presidente municipal, Enrique Vargas del Villar, inform\u00f3 que esta obra tendr\u00e1 una inversi\u00f3n de 15 millones de pesos y beneficiara a los habitantes de la regi\u00f3n que ya no tendr\u00e1n que desplazarse lejos de su comunidad para practicar nataci\u00f3n. Ser\u00e1n alrededor de 10 mil habitantes de la zona popular los beneficiados.<\/p>\n","protected":false},"author":3,"featured_media":306954,"comment_status":"open","ping_status":"open","sticky":false,"template":"","format":"standard","meta":{"_monsterinsights_skip_tracking":false,"_monsterinsights_sitenote_active":false,"_monsterinsights_sitenote_note":"","_monsterinsights_sitenote_category":0,"footnotes":""},"categories":[35155],"tags":[43675,1097],"class_list":["post-306869","post","type-post","status-publish","format-standard","has-post-thumbnail","hentry","category-estado-de-mexico-estado-de-mexico","tag-estado-de-mexico","tag-huixquilucan"],"_links":{"self":[{"href":"https:\/\/www.diarioimagen.net\/index.php?rest_route=\/wp\/v2\/posts\/306869","targetHints":{"allow":["GET"]}}],"collection":[{"href":"https:\/\/www.diarioimagen.net\/index.php?rest_route=\/wp\/v2\/posts"}],"about":[{"href":"https:\/\/www.diarioimagen.net\/index.php?rest_route=\/wp\/v2\/types\/post"}],"author":[{"embeddable":true,"href":"https:\/\/www.diarioimagen.net\/index.php?rest_route=\/wp\/v2\/users\/3"}],"replies":[{"embeddable":true,"href":"https:\/\/www.diarioimagen.net\/index.php?rest_route=%2Fwp%2Fv2%2Fcomments&post=306869"}],"version-history":[{"count":0,"href":"https:\/\/www.diarioimagen.net\/index.php?rest_route=\/wp\/v2\/posts\/306869\/revisions"}],"wp:featuredmedia":[{"embeddable":true,"href":"https:\/\/www.diarioimagen.net\/index.php?rest_route=\/wp\/v2\/media\/306954"}],"wp:attachment":[{"href":"https:\/\/www.diarioimagen.net\/index.php?rest_route=%2Fwp%2Fv2%2Fmedia&parent=306869"}],"wp:term":[{"taxonomy":"category","embeddable":true,"href":"https:\/\/www.diarioimagen.net\/index.php?rest_route=%2Fwp%2Fv2%2Fcategories&post=306869"},{"taxonomy":"post_tag","embeddable":true,"href":"https:\/\/www.diarioimagen.net\/index.php?rest_route=%2Fwp%2Fv2%2Ftags&post=306869"}],"curies":[{"name":"wp","href":"https:\/\/api.w.org\/{rel}","templated":true}]}}