{"id":306923,"date":"2017-01-12T00:04:37","date_gmt":"2017-01-12T06:04:37","guid":{"rendered":"http:\/\/www.diarioimagen.net\/?p=306923"},"modified":"2017-01-12T02:19:27","modified_gmt":"2017-01-12T08:19:27","slug":"sacrificio-a-grupos-de-poder","status":"publish","type":"post","link":"https:\/\/www.diarioimagen.net\/?p=306923","title":{"rendered":"Sacrificio a grupos de poder"},"content":{"rendered":"<h2>Poder y dinero<\/h2>\n<h5>V\u00edctor S\u00e1nchez Ba\u00f1os<\/h5>\n<p>&nbsp;<\/p>\n<p style=\"text-align: right;\"><em><strong>Las cosas no se dicen, se hacen, porque al hacerlas se dicen solas.<\/strong><br \/>\nWoody Allen (1935-?) Actor, director y escritor estadounidense.<\/em><\/p>\n<p>&nbsp;<\/p>\n<p>Salidas menos dolorosas para la sociedad, en momentos de crisis existen much\u00edsimas. Sin embargo, en todas los sacrificados deber\u00edan ser los grupos de poder, especialmente los partidos pol\u00edticos.<\/p>\n<p>Estos, a trav\u00e9s de programas gubernamentales directos e indirectos, gastan decenas de miles de millones de pesos en aparentes mecanismos para la democracia y el sistema pol\u00edtico mexicano.<\/p>\n<p>Si se habla de sacrificios, \u00e9sta clase pol\u00edtica no hace ninguno. En cambio, aumentan sus salarios m\u00e1s arriba de la inflaci\u00f3n y siguen usando la infraestructura gubernamental como si fuera de su propiedad. Estimado lector, te voy a enlistar unas cuantas medidas que ser\u00edan suficientes para ahorrar unos 300 mil millones de pesos al a\u00f1o.<\/p>\n<p>Acciones para calmar el malestar social, que se pueden tomar en los tres poderes de la Uni\u00f3n: Cancelaci\u00f3n de telefon\u00eda celular para funcionarios, seguros de gastos m\u00e9dicos privados, cancelaci\u00f3n de servicios de comedor con fin\u00edsimos vinos para la aristocracia burocr\u00e1tica; venta de aviones de las secretar\u00edas de Estado y la negociaci\u00f3n con aerol\u00edneas privadas tarifas bajas y competitivas para viajes oficiales; la disminuci\u00f3n a la mitad de los s\u00e9quitos de secretar\u00edas, asesores, sirvientes, choferes, guardaespaldas, peluqueros y maquillistas, entre otros personajes destinados al confort de nuestros funcionarios p\u00fablicos. Si hay alg\u00fan alto funcionario que se sienta agraviado por el retiro de estas \u201ccanonj\u00edas\u201d, pues que renuncie. No faltar\u00e1n aspirantes que quieran \u201cservir a la patria\u201d sin tanto derroche.<\/p>\n<p>Aunado a lo anterior, ser\u00eda saludable acabar con el despilfarro del INE, el Instituto Nacional Electoral, que gasta 20 mil millones de pesos anuales, a\u00fan en a\u00f1os en que no coordina elecciones federales. Asimismo, no necesita de edificios fara\u00f3nicos, ni mucho menos de un pesado aparato burocr\u00e1tico. En cuanto a los partidos pol\u00edticos, a trav\u00e9s del presupuesto se les otorga unos 5 mil millones de pesos, a nivel nacional, para que puedan realizar sus operaciones. Lo mejor ser\u00eda que esos partidos buscaran financiamiento a trav\u00e9s de sus correligionarios y no de la sociedad, que la mayor\u00eda de las veces no conoce su ideolog\u00eda, ni mucho menos respeto. Ah, despu\u00e9s de reflexionar sobre los salarios de la alta burocracia, desde secretarios de despacho, jueces, legisladores, \u00e9stos deber\u00edan ganar menos de la mitad y sin gastos \u201cextras\u201d para \u201chacer labor social\u201d.<\/p>\n<p>Aunado a lo anterior, sin disminuir el presupuesto en materias fundamentales como educaci\u00f3n, salud, seguridad, entre otras, los programas asistenciales deben revisarse con gran escr\u00fapulo. Muchos de esos recursos se desinan con fines clientelares. El n\u00famero de legisladores debe disminuir 40% en diputados y a la mitad en senadores. Un nuevo orden legislativo. Estas son algunas medidas que podr\u00edan sustituir al brutalmente inflacionario \u201cgasolinazo\u201d.<\/p>\n<p><strong>PODEROSOS CABALLEROS<\/strong>.- Y, es cierto lo dicho por Andr\u00e9s Manuel L\u00f3pez Obrador, a Margarita Zavala: \u201ccon Calder\u00f3n, la gasolina subi\u00f3 70%\u201d. El argumento panista para hacer pol\u00edtica les result\u00f3 un bumerang. *** Banxico est\u00e1 en serios apuros. Su gobernador, Agust\u00edn Carstens, quien ya tiene su corazoncito en Estados Unidos, no puede contener la demanda de d\u00f3lares. El disparo del precio del billete verde tiene su origen en la desconfianza en el futuro econ\u00f3mico del pa\u00eds y en la falta de pol\u00edticas de choque reales, no recaudatorias. *** Se reunieron los legisladores para discutir la presencia de las fuerzas armadas fuera delos cuarteles para combatir a la delincuencia organizada. Un marco jur\u00eddico que establezca sus l\u00edmites y responsabilidades, es lo m\u00ednimo que se les puede dar. Por cierto, la exposici\u00f3n m\u00e1s clara que se ofreci\u00f3 en esa reuni\u00f3n fue la del senador Roberto Gil, del PAN, con rigor acad\u00e9mico.<\/p>\n<p><strong>AL FINAL DE CUENTAS<\/strong>: La Universidad Aut\u00f3noma de Tamaulipas, bajo la rector\u00eda de Enrique Etienne P\u00e9rez del R\u00edo, recibi\u00f3 buena calificaci\u00f3n de Fitch Ratings. Esto, debido a que cuenta con una posici\u00f3n s\u00f3lida de liquidez para hacer frente a imprevistos y presiones de gasto propias del sector. Al cierre de 2015, los recursos en caja e inversiones l\u00edquidas de la UAT representaban 1.12 veces el gasto de funcionamiento anual de la instituci\u00f3n. Adem\u00e1s de no contar con endeudamiento a largo plazo, los subsidios federales y estatales son su fuente principal de ingresos y para el cierre de 2015, estos representaron 55.8% y 22.3% de los ingresos totales, respectivamente.<\/p>\n<p><strong>RESPONSABILIDAD SOCIAL CORPORATIVA<\/strong>.- Fundaci\u00f3n Alsea, bajo el liderazgo de Alberto Torrado, a trav\u00e9s del movimiento \u201cVa por mi Cuenta\u201d, inaugur\u00f3 su s\u00e9ptimo comedor infantil, en la colonia Embajada de Espa\u00f1a del municipio de Ecatepec, Estado de M\u00e9xico. En estas nuevas instalaciones se brindar\u00e1n alimentos a 500 ni\u00f1os y ni\u00f1as de escasos recursos cada d\u00eda. Es el segundo comedor infantil que \u201cVa por mi Cuenta\u201d instala en Ecatepec, uno de los municipios con mayor poblaci\u00f3n en condici\u00f3n de pobreza extrema.<\/p>\n<p><a href=\"mailto:vsanchezb@gmail.com\" target=\"_blank\"><em>vsanchezb@gmail.com<br \/>\n<\/em><\/a><em><strong>Twitter:<\/strong><a href=\"https:\/\/twitter.com\/vsanchezbanos\" target=\"_blank\">@vsanchezbano<br \/>\n<\/a><\/em><em><strong>Facebook:\u00a0<\/strong><a href=\"https:\/\/www.facebook.com\/vsanchezbanos?fref=ts\" target=\"_blank\">vsanchezbano<\/a><\/em><\/p>\n","protected":false},"excerpt":{"rendered":"<p><span style=\"color: #005497;\"><strong>V\u00edctor S\u00e1nchez Ba\u00f1os<\/strong><\/span><\/p>\n","protected":false},"author":3,"featured_media":0,"comment_status":"open","ping_status":"open","sticky":false,"template":"","format":"standard","meta":{"_monsterinsights_skip_tracking":false,"_monsterinsights_sitenote_active":false,"_monsterinsights_sitenote_note":"","_monsterinsights_sitenote_category":0,"footnotes":""},"categories":[38844],"tags":[43674,38847,38848],"class_list":["post-306923","post","type-post","status-publish","format-standard","hentry","category-victor-sanchez-banos","tag-opinion","tag-poder-y-dinero","tag-victor-sanchez-banos"],"_links":{"self":[{"href":"https:\/\/www.diarioimagen.net\/index.php?rest_route=\/wp\/v2\/posts\/306923","targetHints":{"allow":["GET"]}}],"collection":[{"href":"https:\/\/www.diarioimagen.net\/index.php?rest_route=\/wp\/v2\/posts"}],"about":[{"href":"https:\/\/www.diarioimagen.net\/index.php?rest_route=\/wp\/v2\/types\/post"}],"author":[{"embeddable":true,"href":"https:\/\/www.diarioimagen.net\/index.php?rest_route=\/wp\/v2\/users\/3"}],"replies":[{"embeddable":true,"href":"https:\/\/www.diarioimagen.net\/index.php?rest_route=%2Fwp%2Fv2%2Fcomments&post=306923"}],"version-history":[{"count":0,"href":"https:\/\/www.diarioimagen.net\/index.php?rest_route=\/wp\/v2\/posts\/306923\/revisions"}],"wp:attachment":[{"href":"https:\/\/www.diarioimagen.net\/index.php?rest_route=%2Fwp%2Fv2%2Fmedia&parent=306923"}],"wp:term":[{"taxonomy":"category","embeddable":true,"href":"https:\/\/www.diarioimagen.net\/index.php?rest_route=%2Fwp%2Fv2%2Fcategories&post=306923"},{"taxonomy":"post_tag","embeddable":true,"href":"https:\/\/www.diarioimagen.net\/index.php?rest_route=%2Fwp%2Fv2%2Ftags&post=306923"}],"curies":[{"name":"wp","href":"https:\/\/api.w.org\/{rel}","templated":true}]}}