{"id":306925,"date":"2017-01-12T00:05:43","date_gmt":"2017-01-12T06:05:43","guid":{"rendered":"http:\/\/www.diarioimagen.net\/?p=306925"},"modified":"2017-01-12T02:21:13","modified_gmt":"2017-01-12T08:21:13","slug":"trump-negociador","status":"publish","type":"post","link":"https:\/\/www.diarioimagen.net\/?p=306925","title":{"rendered":"Trump, negociador"},"content":{"rendered":"<h2 style=\"text-align: justify;\">Desde el portal<\/h2>\n<h5 style=\"text-align: justify;\">\u00c1ngel Soriano<\/h5>\n<p>&nbsp;<\/p>\n<p>El canciller Luis Videgaray conf\u00eda en la vocaci\u00f3n negociadora del presidente electo Donald Trump para detener la probable construcci\u00f3n del muro fronterizo entre M\u00e9xico y Estados Unidos (\u201cporque as\u00ed ha sido toda su vida\u201d), pero habr\u00e1 que recordar al ex secretario de Hacienda que una es la capacidad de hacer negocios en la vida privada y otra como jefe de Estado, aunque se da ya en estos tiempos que se mezclan la pol\u00edtica con la actitud mercantil.<\/p>\n<p>Y aun cuando Trump es un eficaz emprendedor, M\u00e9xico de ninguna manera debe confiarse en ello, sino al contrario, adoptar medidas internas para hacer frente a lo que ya es una realidad: la persecuci\u00f3n de nuestros connacionales en territorio estadunidense, atizada por el esp\u00edritu racista del mismo republicano, secundada por grupos radicales que encuentran el campo propicio para insultar, vejar y golpear a los mexicanos.<\/p>\n<p>En un vasto territorio como es el mexicano, existen todas las posibilidades para la explotaci\u00f3n de los recursos naturales mediante la organizaci\u00f3n para la producci\u00f3n, sin tener que depender de la generosidad de nuestros vecinos que desde hace d\u00e9cadas acogen a las corrientes migratorias de compatriotas expulsados por la situaci\u00f3n de miseria en el agro o en las ciudades mexicanas, donde no existen las oportunidades m\u00ednimas de sobrevivencia.<\/p>\n<p>El mismo presidente Barack Obama en su discurso de despedida reconoci\u00f3 que persiste el prejuicio racista y hace falta mucho por hacer.<\/p>\n<p>Y si el presidente saliente desde la c\u00fapula del poder de la naci\u00f3n m\u00e1s poderosa del mundo \u2014aun cuando parece ser va en declive ante el ascenso del poder ruso-, observa que la discriminaci\u00f3n racial va en auge, no es para confiar en que Trump es negociador y nos tender\u00e1 la mano para resolver los ancestrales problemas sociales de M\u00e9xico.<\/p>\n<p>Se requiere no s\u00f3lo un liderazgo fuerte para enfrentar las embestidas del magnate inmobiliario y su peligroso equipo de trabajo, sino crear las condiciones propicias para desarrollar el mercado interno y no depender de un solo mercado, ni confiar en que la naci\u00f3n vecina acoger\u00e1 a los mexicanos sin empleos y sin ingresos.<\/p>\n<p>M\u00e9xico tiene suficientes problemas internos, agudizados por una equivocada pol\u00edtica econ\u00f3mica e ineficaz direcci\u00f3n pol\u00edtica, como para confiar en la benevolencia del pa\u00eds vecino.<\/p>\n<p>Sin duda, el canciller Videgaray sabe que el recurso de Trump (como lo ha demostrado ya en varias ocasiones), es atacar y luego negociar, pero en el caso de M\u00e9xico es diferente, pues millones de compatriotas sin documentos viven hoy aterrorizados ante el inminente arribo del nuevo hu\u00e9sped de la Casa Blanca, por lo que es preciso tomar las medidas adecuadas para enfrentar la nueva realidad, que es la de encontrarse con un jefe de Estado belicoso que parece no estar dispuesto a ceder en su programa de agresiones, sino al contrario, atacar m\u00e1s a nuestro pa\u00eds.<\/p>\n<p>Hoy es necesario fijarse programas a corto y largo plazo, que han estado ausentes durante d\u00e9cadas, para empezar a impulsar el desarrollo del pa\u00eds desde dentro, sin confiarse en el apoyo o la ayuda de los vecinos u de otras naciones.<\/p>\n<p>Como pa\u00eds el nuestro tiene todo no s\u00f3lo para ser autosuficiente en la generaci\u00f3n de empleos e ingresos, sino para ir m\u00e1s all\u00e1, ser una gran potencia en todos los aspectos. Otras naciones con menos recursos lo han demostrado, pero requerimos de un liderazgo fuerte; ojal\u00e1 y se encuentre o alguien est\u00e9 en su momento, que es \u00e9ste.<\/p>\n<p><em><a href=\"http:\/\/www.revista-brecha.com\/\" target=\"_blank\">www.revista-brecha.com<br \/>\n<\/a><a href=\"mailto:asorianodesdelportalo@hotmail.com\" target=\"_blank\">asorianodesdelportalo@hotmail.com<\/a><\/em><\/p>\n","protected":false},"excerpt":{"rendered":"<p><span style=\"color: #005497;\"><strong>\u00c1ngel Soriano<\/strong><\/span><\/p>\n","protected":false},"author":3,"featured_media":0,"comment_status":"open","ping_status":"open","sticky":false,"template":"","format":"standard","meta":{"_monsterinsights_skip_tracking":false,"_monsterinsights_sitenote_active":false,"_monsterinsights_sitenote_note":"","_monsterinsights_sitenote_category":0,"footnotes":""},"categories":[135],"tags":[46667,43674,46668],"class_list":["post-306925","post","type-post","status-publish","format-standard","hentry","category-angel-soriano-opinion","tag-desde-el-portal-angel","tag-opinion","tag-soriano"],"_links":{"self":[{"href":"https:\/\/www.diarioimagen.net\/index.php?rest_route=\/wp\/v2\/posts\/306925","targetHints":{"allow":["GET"]}}],"collection":[{"href":"https:\/\/www.diarioimagen.net\/index.php?rest_route=\/wp\/v2\/posts"}],"about":[{"href":"https:\/\/www.diarioimagen.net\/index.php?rest_route=\/wp\/v2\/types\/post"}],"author":[{"embeddable":true,"href":"https:\/\/www.diarioimagen.net\/index.php?rest_route=\/wp\/v2\/users\/3"}],"replies":[{"embeddable":true,"href":"https:\/\/www.diarioimagen.net\/index.php?rest_route=%2Fwp%2Fv2%2Fcomments&post=306925"}],"version-history":[{"count":0,"href":"https:\/\/www.diarioimagen.net\/index.php?rest_route=\/wp\/v2\/posts\/306925\/revisions"}],"wp:attachment":[{"href":"https:\/\/www.diarioimagen.net\/index.php?rest_route=%2Fwp%2Fv2%2Fmedia&parent=306925"}],"wp:term":[{"taxonomy":"category","embeddable":true,"href":"https:\/\/www.diarioimagen.net\/index.php?rest_route=%2Fwp%2Fv2%2Fcategories&post=306925"},{"taxonomy":"post_tag","embeddable":true,"href":"https:\/\/www.diarioimagen.net\/index.php?rest_route=%2Fwp%2Fv2%2Ftags&post=306925"}],"curies":[{"name":"wp","href":"https:\/\/api.w.org\/{rel}","templated":true}]}}