{"id":306931,"date":"2017-01-12T00:08:33","date_gmt":"2017-01-12T06:08:33","guid":{"rendered":"http:\/\/www.diarioimagen.net\/?p=306931"},"modified":"2017-01-13T02:26:45","modified_gmt":"2017-01-13T08:26:45","slug":"efectos-del-gasolinazo-2","status":"publish","type":"post","link":"https:\/\/www.diarioimagen.net\/?p=306931","title":{"rendered":"Efectos del \u201cgasolinazo\u201d"},"content":{"rendered":"<h2>De frente y de perfil<\/h2>\n<h5>Ram\u00f3n Zurita Sahag\u00fan<\/h5>\n<p>&nbsp;<\/p>\n<div id=\"attachment_307002\" style=\"width: 470px\" class=\"wp-caption aligncenter\"><a href=\"http:\/\/www.diarioimagen.net\/?attachment_id=307002\" rel=\"attachment wp-att-307002\"><img loading=\"lazy\" decoding=\"async\" aria-describedby=\"caption-attachment-307002\" class=\"size-large wp-image-307002\" src=\"http:\/\/www.diarioimagen.net\/wp-content\/uploads\/2017\/01\/ZURITA-3034-460x259.jpg\" alt=\"\" width=\"460\" height=\"259\" srcset=\"https:\/\/www.diarioimagen.net\/wp-content\/uploads\/2017\/01\/ZURITA-3034-460x259.jpg 460w, https:\/\/www.diarioimagen.net\/wp-content\/uploads\/2017\/01\/ZURITA-3034-240x135.jpg 240w, https:\/\/www.diarioimagen.net\/wp-content\/uploads\/2017\/01\/ZURITA-3034-235x132.jpg 235w, https:\/\/www.diarioimagen.net\/wp-content\/uploads\/2017\/01\/ZURITA-3034-202x114.jpg 202w, https:\/\/www.diarioimagen.net\/wp-content\/uploads\/2017\/01\/ZURITA-3034-350x196.jpg 350w, https:\/\/www.diarioimagen.net\/wp-content\/uploads\/2017\/01\/ZURITA-3034-220x123.jpg 220w, https:\/\/www.diarioimagen.net\/wp-content\/uploads\/2017\/01\/ZURITA-3034-237x132.jpg 237w, https:\/\/www.diarioimagen.net\/wp-content\/uploads\/2017\/01\/ZURITA-3034.jpg 480w\" sizes=\"auto, (max-width: 460px) 100vw, 460px\" \/><\/a><p id=\"caption-attachment-307002\" class=\"wp-caption-text\">La escasez de gasolinas se hizo presente en algunas zonas del pa\u00eds y hasta el momento no hay abastecimiento suficiente.<\/p><\/div>\n<p>&nbsp;<\/p>\n<p>Varias de las explicaciones que desde el gobierno federal se dieron para paliar el efecto del gasolinazo se han venido por tierra.<\/p>\n<p>Se dijo que el precio de la gasolina ser\u00eda tasado de acuerdo a la fluctuaci\u00f3n d\u00f3lar-peso, y de inmediato, por las razones que sean, el precio de la moneda estadounidense con relaci\u00f3n al de la mexicana se increment\u00f3 sensiblemente, por lo que es probable que venga otro incremento, aunque se niegue.<\/p>\n<p>Se explic\u00f3 que el aumento se daba para que el energ\u00e9tico no faltara y hoy diversas zonas del pa\u00eds carecen del mismo y otras m\u00e1s no son surtidas de acuerdo a sus necesidades. La escasez se hizo presente en algunas zonas del pa\u00eds y hasta el momento no hay abastecimiento suficiente.<\/p>\n<p>Es cierto que el incremento, opinan los expertos, era necesario, por ser M\u00e9xico el \u00fanico de los pocos pa\u00edses pertenecientes a la OCDE que manten\u00eda los subsidios a la gasolina, seg\u00fan expres\u00f3 Jos\u00e9 \u00c1ngel Gurr\u00eda.<\/p>\n<p>La realidad es que el aumento en el precio de la gasolina vino a incrementar el rechazo de la poblaci\u00f3n a la actual administraci\u00f3n, adem\u00e1s de provocar manifestaciones, plantones, vandalismo y hasta violencia.<\/p>\n<p>La ola de indignaci\u00f3n crece y el gobierno ha podido frenarla, pero adem\u00e1s de ello se han generado una serie de llamados a la insurrecci\u00f3n por medio de las redes sociales.<\/p>\n<p>Se convirti\u00f3 en viral un video en el que una persona llama a destituir al Presidente por la v\u00eda pac\u00edfica y hasta convoca a una marcha en las capitales de los estados, las que deber\u00e1n converger en los congresos estatales y en la capital del pa\u00eds en la C\u00e1mara de Diputaos. La estrategia que sugiere ha recibido muestra de adhesi\u00f3n, mientras que se reproduce el video y se env\u00eda hacia nuevos contactos.<\/p>\n<p>Tal vez, las autoridades no han tomado en serio estas muestras de hartazgo y crea que son solamente medidas extremas de personajes que, en muchos casos, ni siquiera dan la cara.<\/p>\n<p>La lecci\u00f3n dejada por el vandalismo y saqueo de los primeros d\u00edas del a\u00f1o en distintas zonas del pa\u00eds, debe ser registrada, para evitar que se reproduzcan esas muestras de rechazo, con todo y que algunos se\u00f1alen, sin bases ni pruebas, a responsables intelectuales de los hechos.<\/p>\n<p>Son muchas las versiones que circulan sobre el asunto del vandalismo y los saqueos, pero lo principal es que ya dejaron de producirse, aunque el saldo dejado es lamentable, principalmente en los estados de M\u00e9xico, Veracruz, Puebla, Guanajuato y Baja California, entre otros.<\/p>\n<p>En esta \u00faltima entidad se produjeron hechos vergonzosos como el de un sujeto que embisti\u00f3, intencionalmente, con una camioneta a la polic\u00eda federal que proteg\u00eda la zona de protesta.<\/p>\n<p>Precisamente en Baja California, especialmente en Mexicali, Rosarito y Tecate son ciudades sin abastecimiento del combustible y en el que se abastecen del producto del otro lado de la frontera, siendo hasta tres horas de filas, para poder pasar al lado estadounidense.<\/p>\n<p>Pero eso sucede tambi\u00e9n en otras ciudades fronterizas en las que la indignaci\u00f3n ciudadana los lleva a esperar el tiempo que sea necesario con tal de consumir la gasolina en Estados Unidos, donde es m\u00e1s barata y se ahorran hasta 150 pesos por tanque, sin importar el consumo que de la misma hacen en las filas de la aduana y el tiempo que les lleva traspasar la frontera.<\/p>\n<p>En Chihuahua, el bloqueo al tren El Chepe que hace el recorrido por las Barrancas del Cobre y culmina su recorrido en Los Mochis, dur\u00f3 una semana, aunque ya fue liberado.<\/p>\n<p>Los 24 presidentes municipales con que cuenta el Movimiento Ciudadano en Jalisco, presentar\u00e1n una controversia constitucional ante la Suprema Corte de Justicia, por el tema del aumento en los precios de los combustibles.<\/p>\n<p>El Movimiento de Regeneraci\u00f3n Nacional se siente agraviado por algunos se\u00f1alamientos hacia la persona de su dirigente nacional, Andr\u00e9s Manuel L\u00f3pez Obrador, se\u00f1alado como uno de los principales atizadores de las protestas que llevaron al vandalismo.<\/p>\n<p>Mario Delgado, senador postulado por el PRD en el Distrito Federal y que hoy pertenece a Morena, sali\u00f3 al paso para acusar de cacer\u00eda de brujas e intentos de intimidaci\u00f3n los se\u00f1alamientos de la Comisi\u00f3n Nacional de Seguridad que apuntan hacia sus nombres como los promotores de las protestas contra el gasolinazo.<\/p>\n<p>De acuerdo con la CNS, otros nombres son los de Gerardo Fern\u00e1ndez Noro\u00f1a; Blanca Amelia G\u00e1mez Guti\u00e9rrez (diputada del PAN en Chihuahua); \u00d3scar Gonz\u00e1lez Y\u00e1\u00f1ez, diputado del PT en el Estado de M\u00e9xico y Alfredo Lozoya Santill\u00e1n, alcalde de Parral, Chihuahua, como los instigadores de los bloqueos a las v\u00edas de comunicaci\u00f3n.<\/p>\n<p>De acuerdo con el informe de la polic\u00eda federal, son siete estados en los que existe mayor riesgo: Estado de M\u00e9xico, Chihuahua, Sonora, Oaxaca, Ciudad de M\u00e9xico, Michoac\u00e1n e Hidalgo.<\/p>\n<p>Con base en esa informaci\u00f3n \u00a0estableci\u00f3 que la PGR abri\u00f3 79 carpetas de investigaci\u00f3n en 18 estados de la Rep\u00fablica Mexicana, entre el 31 de diciembre de 2016 y el 5 de enero de 2017.<\/p>\n<p>De esas carpetas, 13 corresponden a Hidalgo, 11 a Quer\u00e9taro, 7 al Estado de M\u00e9xico y otros tantos a Chihuahua; Sonora y Morelos tienen seis; Baja California y Sinaloa cinco; Colima, Puebla y Guanajuato con tres; Chiapas, Durango y Veracruz tienen dos y Ciudad de M\u00e9xico, Coahuila, Michoac\u00e1n y Tlaxcala, uno solamente.<\/p>\n<p>En total, son m\u00e1s de mil 500 los detenidos por las tropel\u00edas cometidas que derivaron en saqueos, vandalismo y asociaci\u00f3n delictuosa, delitos que le ser\u00e1n adjudicados a los participantes en estos hechos.<\/p>\n<p><em><a href=\"mailto:ramonzurita44@hotmail.com\" target=\"_blank\">ramonzurita44@hotmail.com<\/a><\/em><\/p>\n","protected":false},"excerpt":{"rendered":"<p><span style=\"color: #005497;\"><strong>Ram\u00f3n Zurita Sahag\u00fan<\/strong><\/span><br \/>\n<br \/>\nVarias de las explicaciones que desde el gobierno federal se dieron para paliar el efecto del gasolinazo se han venido por tierra.<\/p>\n","protected":false},"author":3,"featured_media":307002,"comment_status":"open","ping_status":"open","sticky":false,"template":"","format":"standard","meta":{"_monsterinsights_skip_tracking":false,"_monsterinsights_sitenote_active":false,"_monsterinsights_sitenote_note":"","_monsterinsights_sitenote_category":0,"footnotes":""},"categories":[234],"tags":[304,43674,43687],"class_list":["post-306931","post","type-post","status-publish","format-standard","has-post-thumbnail","hentry","category-ramon-zurita-sahagun","tag-de-frente-y-de-perfil","tag-opinion","tag-ramon-zurita-sahagun"],"_links":{"self":[{"href":"https:\/\/www.diarioimagen.net\/index.php?rest_route=\/wp\/v2\/posts\/306931","targetHints":{"allow":["GET"]}}],"collection":[{"href":"https:\/\/www.diarioimagen.net\/index.php?rest_route=\/wp\/v2\/posts"}],"about":[{"href":"https:\/\/www.diarioimagen.net\/index.php?rest_route=\/wp\/v2\/types\/post"}],"author":[{"embeddable":true,"href":"https:\/\/www.diarioimagen.net\/index.php?rest_route=\/wp\/v2\/users\/3"}],"replies":[{"embeddable":true,"href":"https:\/\/www.diarioimagen.net\/index.php?rest_route=%2Fwp%2Fv2%2Fcomments&post=306931"}],"version-history":[{"count":0,"href":"https:\/\/www.diarioimagen.net\/index.php?rest_route=\/wp\/v2\/posts\/306931\/revisions"}],"wp:featuredmedia":[{"embeddable":true,"href":"https:\/\/www.diarioimagen.net\/index.php?rest_route=\/wp\/v2\/media\/307002"}],"wp:attachment":[{"href":"https:\/\/www.diarioimagen.net\/index.php?rest_route=%2Fwp%2Fv2%2Fmedia&parent=306931"}],"wp:term":[{"taxonomy":"category","embeddable":true,"href":"https:\/\/www.diarioimagen.net\/index.php?rest_route=%2Fwp%2Fv2%2Fcategories&post=306931"},{"taxonomy":"post_tag","embeddable":true,"href":"https:\/\/www.diarioimagen.net\/index.php?rest_route=%2Fwp%2Fv2%2Ftags&post=306931"}],"curies":[{"name":"wp","href":"https:\/\/api.w.org\/{rel}","templated":true}]}}