{"id":307025,"date":"2017-01-12T17:00:46","date_gmt":"2017-01-12T23:00:46","guid":{"rendered":"http:\/\/www.diarioimagen.net\/?p=307025"},"modified":"2017-01-16T00:33:16","modified_gmt":"2017-01-16T06:33:16","slug":"apoya-edomex-a-maestros-para-adquisicion-de-vivienda","status":"publish","type":"post","link":"https:\/\/www.diarioimagen.net\/?p=307025","title":{"rendered":"Apoya Edomex a maestros para adquisici\u00f3n de vivienda"},"content":{"rendered":"<ul>\n<li><em><strong>Financiamientos con tasas preferenciales<\/strong><\/em><\/li>\n<\/ul>\n<p>&nbsp;<\/p>\n<div id=\"attachment_307026\" style=\"width: 470px\" class=\"wp-caption aligncenter\"><a href=\"http:\/\/www.diarioimagen.net\/?attachment_id=307026\" rel=\"attachment wp-att-307026\"><img loading=\"lazy\" decoding=\"async\" aria-describedby=\"caption-attachment-307026\" class=\"size-large wp-image-307026\" src=\"http:\/\/www.diarioimagen.net\/wp-content\/uploads\/2017\/01\/MAESTROS13-portal-460x268.jpg\" alt=\"\" width=\"460\" height=\"268\" srcset=\"https:\/\/www.diarioimagen.net\/wp-content\/uploads\/2017\/01\/MAESTROS13-portal-460x268.jpg 460w, https:\/\/www.diarioimagen.net\/wp-content\/uploads\/2017\/01\/MAESTROS13-portal-240x140.jpg 240w, https:\/\/www.diarioimagen.net\/wp-content\/uploads\/2017\/01\/MAESTROS13-portal.jpg 480w\" sizes=\"auto, (max-width: 460px) 100vw, 460px\" \/><\/a><p id=\"caption-attachment-307026\" class=\"wp-caption-text\">El Gobierno del Estado de M\u00e9xico apoyar\u00e1 a maestros con 10 mil pesos para que soliciten su cr\u00e9dito hipotecario.<\/p><\/div>\n<p>&nbsp;<\/p>\n<p><strong>Metepec, Estado de M\u00e9xico<\/strong>.- Con la finalidad de que maestros mexiquenses cuenten con una vivienda digna, el Gobierno del Estado de M\u00e9xico los apoyar\u00e1 con 10 mil pesos para que soliciten su cr\u00e9dito hipotecario.<\/p>\n<p>Derivado de una reuni\u00f3n entre la Secretar\u00eda de Desarrollo Urbano y Metropolitano (Sedurm), el Sindicato de Maestros al Servicio del Estado de M\u00e9xico (SMSEM), la Asociaci\u00f3n Mexiquense de Desarrolladores Inmobiliarios (AMDI) y la subsecretar\u00eda de Educaci\u00f3n estatal, entre los acuerdos que se llegaron fue que el financiamiento ser\u00e1 con tasas preferenciales.<\/p>\n<p>Asimismo el gobierno estatal absorber\u00e1 50 por ciento del valor de las escrituras de su nuevo hogar, y el otro 50 por ciento lo absorber\u00e1 la AMDI, lo que se traduce en escrituras gratuitas para los maestros de la entidad.<\/p>\n<p>Alfredo Torres Mart\u00ednez, secretario de Desarrollo Urbano y Metropolitano, inform\u00f3 que ya son 40 los cr\u00e9ditos de vivienda los que se han otorgado en estas condiciones y que esto se logr\u00f3 en seguimiento a la oferta de vivienda que el gobernador Eruviel \u00c1vila Villegas ofreci\u00f3 al magisterio estatal.<\/p>\n<p>De igual forma, explic\u00f3 que el organismo operador del programa a cargo de su dependencia es el Instituto Mexiquense de la Vivienda Social (Imevis), mismo que continuar\u00e1 atendiendo el programa.<\/p>\n","protected":false},"excerpt":{"rendered":"<p>Con la finalidad de que maestros mexiquenses cuenten con una vivienda digna, el Gobierno del Estado de M\u00e9xico los apoyar\u00e1 con 10 mil pesos para que soliciten su cr\u00e9dito hipotecario.<\/p>\n","protected":false},"author":5,"featured_media":307026,"comment_status":"open","ping_status":"open","sticky":false,"template":"","format":"standard","meta":{"_monsterinsights_skip_tracking":false,"_monsterinsights_sitenote_active":false,"_monsterinsights_sitenote_note":"","_monsterinsights_sitenote_category":0,"footnotes":""},"categories":[35155],"tags":[52671,68,5828,43675,876,19195],"class_list":["post-307025","post","type-post","status-publish","format-standard","has-post-thumbnail","hentry","category-estado-de-mexico-estado-de-mexico","tag-desarrollo-urbano-y-metropolitano","tag-edomex","tag-eruviel-avila-villegas","tag-estado-de-mexico","tag-metepec","tag-vivienda"],"_links":{"self":[{"href":"https:\/\/www.diarioimagen.net\/index.php?rest_route=\/wp\/v2\/posts\/307025","targetHints":{"allow":["GET"]}}],"collection":[{"href":"https:\/\/www.diarioimagen.net\/index.php?rest_route=\/wp\/v2\/posts"}],"about":[{"href":"https:\/\/www.diarioimagen.net\/index.php?rest_route=\/wp\/v2\/types\/post"}],"author":[{"embeddable":true,"href":"https:\/\/www.diarioimagen.net\/index.php?rest_route=\/wp\/v2\/users\/5"}],"replies":[{"embeddable":true,"href":"https:\/\/www.diarioimagen.net\/index.php?rest_route=%2Fwp%2Fv2%2Fcomments&post=307025"}],"version-history":[{"count":0,"href":"https:\/\/www.diarioimagen.net\/index.php?rest_route=\/wp\/v2\/posts\/307025\/revisions"}],"wp:featuredmedia":[{"embeddable":true,"href":"https:\/\/www.diarioimagen.net\/index.php?rest_route=\/wp\/v2\/media\/307026"}],"wp:attachment":[{"href":"https:\/\/www.diarioimagen.net\/index.php?rest_route=%2Fwp%2Fv2%2Fmedia&parent=307025"}],"wp:term":[{"taxonomy":"category","embeddable":true,"href":"https:\/\/www.diarioimagen.net\/index.php?rest_route=%2Fwp%2Fv2%2Fcategories&post=307025"},{"taxonomy":"post_tag","embeddable":true,"href":"https:\/\/www.diarioimagen.net\/index.php?rest_route=%2Fwp%2Fv2%2Ftags&post=307025"}],"curies":[{"name":"wp","href":"https:\/\/api.w.org\/{rel}","templated":true}]}}