{"id":307028,"date":"2017-01-12T18:00:34","date_gmt":"2017-01-13T00:00:34","guid":{"rendered":"http:\/\/www.diarioimagen.net\/?p=307028"},"modified":"2017-01-16T00:33:41","modified_gmt":"2017-01-16T06:33:41","slug":"isis-avila-entrega-regalos-de-dia-de-reyes","status":"publish","type":"post","link":"https:\/\/www.diarioimagen.net\/?p=307028","title":{"rendered":"Isis \u00c1vila entrega regalos de D\u00eda de Reyes"},"content":{"rendered":"<ul>\n<li><em><strong>En el Hospital para el Ni\u00f1o<\/strong><\/em><\/li>\n<\/ul>\n<p>&nbsp;<\/p>\n<div id=\"attachment_307029\" style=\"width: 470px\" class=\"wp-caption aligncenter\"><a href=\"http:\/\/www.diarioimagen.net\/?attachment_id=307029\" rel=\"attachment wp-att-307029\"><img loading=\"lazy\" decoding=\"async\" aria-describedby=\"caption-attachment-307029\" class=\"size-large wp-image-307029\" src=\"http:\/\/www.diarioimagen.net\/wp-content\/uploads\/2017\/01\/ISIS13-portal-460x268.jpg\" alt=\"\" width=\"460\" height=\"268\" srcset=\"https:\/\/www.diarioimagen.net\/wp-content\/uploads\/2017\/01\/ISIS13-portal-460x268.jpg 460w, https:\/\/www.diarioimagen.net\/wp-content\/uploads\/2017\/01\/ISIS13-portal-240x140.jpg 240w, https:\/\/www.diarioimagen.net\/wp-content\/uploads\/2017\/01\/ISIS13-portal.jpg 480w\" sizes=\"auto, (max-width: 460px) 100vw, 460px\" \/><\/a><p id=\"caption-attachment-307029\" class=\"wp-caption-text\">Isis \u00c1vila recorri\u00f3 las \u00e1reas de urgencias, neonatolog\u00eda, recuperaci\u00f3n, medicina interna, infectolog\u00eda del Hospital para el Ni\u00f1o del Instituto Materno Infantil del Estado de M\u00e9xico.<\/p><\/div>\n<p>&nbsp;<\/p>\n<p><strong>Toluca, Estado de M\u00e9xico<\/strong>.- Luego de una cirug\u00eda en el p\u00e1ncreas que la mantiene en recuperaci\u00f3n, Mar\u00eda Jos\u00e9 de 12 a\u00f1os de edad recibi\u00f3 la visita Isis \u00c1vila, presidenta honoraria del DIFEM, quien le entreg\u00f3 una mu\u00f1eca, tal como lo hizo con alrededor de 50 pacientes internados en las diferentes \u00e1reas del Hospital para el Ni\u00f1o del Instituto Materno Infantil del Estado de M\u00e9xico (IMIEM), que no pudieron disfrutar de esta celebraci\u00f3n en su casa.<\/p>\n<p>Por lo que Isis \u00c1vila recorri\u00f3 las \u00e1reas de urgencias, neonatolog\u00eda, recuperaci\u00f3n, medicina interna, infectolog\u00eda, entre otras, en donde platic\u00f3 con los menores, m\u00e9dicos, enfermeras y padres de familia, para conocer el estado de salud de las ni\u00f1as y ni\u00f1os, a quienes afirm\u00f3 que tanto el DIFEM como el IMIEM trabajan coordinadamente para atender las necesidades de los pacientes y de sus familiares, que van desde la atenci\u00f3n m\u00e9dica, hospedaje, apoyo en los tratamientos, equipo m\u00e9dico especial, entre otras.<\/p>\n<p>Adem\u00e1s, le dese\u00f3 al personal un nuevo a\u00f1o con prosperidad, salud y paz, y a su vez, alent\u00f3 a los servidores a trabajar con amor, pasi\u00f3n y entusiasmo para que las familias que llegan al hospital se sientan apoyadas en los momentos dif\u00edciles.<\/p>\n","protected":false},"excerpt":{"rendered":"<p>Luego de una cirug\u00eda en el p\u00e1ncreas que la mantiene en recuperaci\u00f3n, Mar\u00eda Jos\u00e9 de 12 a\u00f1os de edad recibi\u00f3 la visita Isis \u00c1vila, presidenta honoraria del DIFEM, quien le entreg\u00f3 una mu\u00f1eca, tal como lo hizo con alrededor de 50 pacientes internados en las diferentes \u00e1reas del Hospital para el Ni\u00f1o del Instituto Materno Infantil del Estado de M\u00e9xico (IMIEM), que no pudieron disfrutar de esta celebraci\u00f3n en su casa.<\/p>\n","protected":false},"author":5,"featured_media":307029,"comment_status":"open","ping_status":"open","sticky":false,"template":"","format":"standard","meta":{"_monsterinsights_skip_tracking":false,"_monsterinsights_sitenote_active":false,"_monsterinsights_sitenote_note":"","_monsterinsights_sitenote_category":0,"footnotes":""},"categories":[35155],"tags":[14935,43675,50409,452],"class_list":["post-307028","post","type-post","status-publish","format-standard","has-post-thumbnail","hentry","category-estado-de-mexico-estado-de-mexico","tag-dia-de-reyes","tag-estado-de-mexico","tag-isis-avila","tag-toluca"],"_links":{"self":[{"href":"https:\/\/www.diarioimagen.net\/index.php?rest_route=\/wp\/v2\/posts\/307028","targetHints":{"allow":["GET"]}}],"collection":[{"href":"https:\/\/www.diarioimagen.net\/index.php?rest_route=\/wp\/v2\/posts"}],"about":[{"href":"https:\/\/www.diarioimagen.net\/index.php?rest_route=\/wp\/v2\/types\/post"}],"author":[{"embeddable":true,"href":"https:\/\/www.diarioimagen.net\/index.php?rest_route=\/wp\/v2\/users\/5"}],"replies":[{"embeddable":true,"href":"https:\/\/www.diarioimagen.net\/index.php?rest_route=%2Fwp%2Fv2%2Fcomments&post=307028"}],"version-history":[{"count":0,"href":"https:\/\/www.diarioimagen.net\/index.php?rest_route=\/wp\/v2\/posts\/307028\/revisions"}],"wp:featuredmedia":[{"embeddable":true,"href":"https:\/\/www.diarioimagen.net\/index.php?rest_route=\/wp\/v2\/media\/307029"}],"wp:attachment":[{"href":"https:\/\/www.diarioimagen.net\/index.php?rest_route=%2Fwp%2Fv2%2Fmedia&parent=307028"}],"wp:term":[{"taxonomy":"category","embeddable":true,"href":"https:\/\/www.diarioimagen.net\/index.php?rest_route=%2Fwp%2Fv2%2Fcategories&post=307028"},{"taxonomy":"post_tag","embeddable":true,"href":"https:\/\/www.diarioimagen.net\/index.php?rest_route=%2Fwp%2Fv2%2Ftags&post=307028"}],"curies":[{"name":"wp","href":"https:\/\/api.w.org\/{rel}","templated":true}]}}