{"id":307031,"date":"2017-01-13T00:10:54","date_gmt":"2017-01-13T06:10:54","guid":{"rendered":"http:\/\/www.diarioimagen.net\/?p=307031"},"modified":"2017-01-13T00:11:27","modified_gmt":"2017-01-13T06:11:27","slug":"aplican-plan-tres-en-zonas-inseguras-de-naucalpan","status":"publish","type":"post","link":"https:\/\/www.diarioimagen.net\/?p=307031","title":{"rendered":"Aplican Plan Tres en zonas inseguras de Naucalpan"},"content":{"rendered":"<ul>\n<li><strong><em>Denunciadas por pasajeros como riesgosas<\/em><\/strong><\/li>\n<\/ul>\n<p>&nbsp;<\/p>\n<div id=\"attachment_307032\" style=\"width: 470px\" class=\"wp-caption aligncenter\"><a href=\"http:\/\/www.diarioimagen.net\/?attachment_id=307032\" rel=\"attachment wp-att-307032\"><img loading=\"lazy\" decoding=\"async\" aria-describedby=\"caption-attachment-307032\" class=\"wp-image-307032 size-large\" src=\"http:\/\/www.diarioimagen.net\/wp-content\/uploads\/2017\/01\/PLAN13-portal-460x268.jpg\" width=\"460\" height=\"268\" srcset=\"https:\/\/www.diarioimagen.net\/wp-content\/uploads\/2017\/01\/PLAN13-portal-460x268.jpg 460w, https:\/\/www.diarioimagen.net\/wp-content\/uploads\/2017\/01\/PLAN13-portal-240x140.jpg 240w, https:\/\/www.diarioimagen.net\/wp-content\/uploads\/2017\/01\/PLAN13-portal.jpg 480w\" sizes=\"auto, (max-width: 460px) 100vw, 460px\" \/><\/a><p id=\"caption-attachment-307032\" class=\"wp-caption-text\">Iniciaron en Perif\u00e9rico Norte las supervisiones del operativo Plan Tres, Transporte Estatal Seguro.<\/p><\/div>\n<p>&nbsp;<\/p>\n<p><strong>Naucalpan, Estado de M\u00e9xico<\/strong>.- En el arranque de este a\u00f1o de las supervisiones del operativo Plan Tres, Transporte Estatal Seguro, el secretario de Infraestructura del Estado de M\u00e9xico, Francisco Gonz\u00e1lez Zozaya, inform\u00f3 que a petici\u00f3n de los pasajeros, se realiz\u00f3 la revisi\u00f3n en la zona de Gustavo Baz y Perif\u00e9rico.<\/p>\n<p>La ma\u00f1ana del jueves, el funcionario, acompa\u00f1ado por 10 elementos de la Comisi\u00f3n Estatal de Seguridad Ciudadana, al mando del comandante Juan Luis Barrag\u00e1n, iniciaron el operativo pidiendo a los pasajeros varones bajar de las \u201ccombis\u201d para revisarlos junto a sus mochilas, en tanto que oficiales mujeres revisaban arriba de las unidades, a las pasajeras y sus bolsas.<\/p>\n<p>\u201cIniciamos este a\u00f1o las supervisiones en esta zona, y las seguimos realizando donde los mismos pasajeros se\u00f1alan que se presenta alg\u00fan tipo de incidencia en el transporte p\u00fablico; iremos reforzando y rotando la supervisi\u00f3n del operativo y realiz\u00e1ndolo con base en esas peticiones ciudadanas\u201d, destac\u00f3.<\/p>\n<p>El secretario de Infraestructura indic\u00f3 que desde la puesta en marcha del operativo Plan TRES en el 2015 a la fecha, se han realizado casi 4 millones de revisiones a unidades del transporte p\u00fablico, y desde febrero de ese a\u00f1o a la fecha, se han logrado vincular a proceso a m\u00e1s de 3 mil presuntos delincuentes por la comisi\u00f3n de delitos en el transporte p\u00fablico.<\/p>\n<p>Gonz\u00e1lez Zozaya reiter\u00f3 el llamado a los usuarios del transporte p\u00fablico a que en caso de que requieran que el operativo se realice en alg\u00fan punto en particular, lo pueden solicitar al tel\u00e9fono 01722-624-4536 o al correo electr\u00f3nico: plan tres@ces.gob.mx.<\/p>\n","protected":false},"excerpt":{"rendered":"<p>En el arranque de este a\u00f1o de las supervisiones del operativo Plan Tres, Transporte Estatal Seguro, el secretario de Infraestructura del Estado de M\u00e9xico, Francisco Gonz\u00e1lez Zozaya, inform\u00f3 que a petici\u00f3n de los pasajeros, se realiz\u00f3 la revisi\u00f3n en la zona de Gustavo Baz y Perif\u00e9rico.<\/p>\n","protected":false},"author":5,"featured_media":307032,"comment_status":"open","ping_status":"open","sticky":false,"template":"","format":"standard","meta":{"_monsterinsights_skip_tracking":false,"_monsterinsights_sitenote_active":false,"_monsterinsights_sitenote_note":"","_monsterinsights_sitenote_category":0,"footnotes":""},"categories":[5],"tags":[43675,970,50455,17814],"class_list":["post-307031","post","type-post","status-publish","format-standard","has-post-thumbnail","hentry","category-estado-de-mexico","tag-estado-de-mexico","tag-naucalpan","tag-plan-tres","tag-transporte"],"_links":{"self":[{"href":"https:\/\/www.diarioimagen.net\/index.php?rest_route=\/wp\/v2\/posts\/307031","targetHints":{"allow":["GET"]}}],"collection":[{"href":"https:\/\/www.diarioimagen.net\/index.php?rest_route=\/wp\/v2\/posts"}],"about":[{"href":"https:\/\/www.diarioimagen.net\/index.php?rest_route=\/wp\/v2\/types\/post"}],"author":[{"embeddable":true,"href":"https:\/\/www.diarioimagen.net\/index.php?rest_route=\/wp\/v2\/users\/5"}],"replies":[{"embeddable":true,"href":"https:\/\/www.diarioimagen.net\/index.php?rest_route=%2Fwp%2Fv2%2Fcomments&post=307031"}],"version-history":[{"count":0,"href":"https:\/\/www.diarioimagen.net\/index.php?rest_route=\/wp\/v2\/posts\/307031\/revisions"}],"wp:featuredmedia":[{"embeddable":true,"href":"https:\/\/www.diarioimagen.net\/index.php?rest_route=\/wp\/v2\/media\/307032"}],"wp:attachment":[{"href":"https:\/\/www.diarioimagen.net\/index.php?rest_route=%2Fwp%2Fv2%2Fmedia&parent=307031"}],"wp:term":[{"taxonomy":"category","embeddable":true,"href":"https:\/\/www.diarioimagen.net\/index.php?rest_route=%2Fwp%2Fv2%2Fcategories&post=307031"},{"taxonomy":"post_tag","embeddable":true,"href":"https:\/\/www.diarioimagen.net\/index.php?rest_route=%2Fwp%2Fv2%2Ftags&post=307031"}],"curies":[{"name":"wp","href":"https:\/\/api.w.org\/{rel}","templated":true}]}}