{"id":307051,"date":"2017-01-12T23:50:42","date_gmt":"2017-01-13T05:50:42","guid":{"rendered":"http:\/\/www.diarioimagen.net\/?p=307051"},"modified":"2017-01-13T01:50:49","modified_gmt":"2017-01-13T07:50:49","slug":"gael-garcia-sera-jurado-en-el-festival-de-cine-sundance","status":"publish","type":"post","link":"https:\/\/www.diarioimagen.net\/?p=307051","title":{"rendered":"Gael Garc\u00eda ser\u00e1 jurado en el Festival de Cine Sundance"},"content":{"rendered":"<ul>\n<li><em><strong>Es uno de los miembros que distinga la cinta que gane la terna de Mejor Drama<\/strong><\/em><\/li>\n<\/ul>\n<p>&nbsp;<\/p>\n<div id=\"attachment_307052\" style=\"width: 430px\" class=\"wp-caption aligncenter\"><a href=\"http:\/\/www.diarioimagen.net\/?attachment_id=307052\" rel=\"attachment wp-att-307052\"><img loading=\"lazy\" decoding=\"async\" aria-describedby=\"caption-attachment-307052\" class=\"wp-image-307052\" src=\"http:\/\/www.diarioimagen.net\/wp-content\/uploads\/2017\/01\/gael-garcia-poortal-306x460.jpg\" width=\"420\" height=\"632\" srcset=\"https:\/\/www.diarioimagen.net\/wp-content\/uploads\/2017\/01\/gael-garcia-poortal-306x460.jpg 306w, https:\/\/www.diarioimagen.net\/wp-content\/uploads\/2017\/01\/gael-garcia-poortal-160x240.jpg 160w, https:\/\/www.diarioimagen.net\/wp-content\/uploads\/2017\/01\/gael-garcia-poortal.jpg 700w\" sizes=\"auto, (max-width: 420px) 100vw, 420px\" \/><\/a><p id=\"caption-attachment-307052\" class=\"wp-caption-text\">El protagonista de <em>Diarios de motocicleta<\/em> y ganador de un Globo de Oro por la serie <em>Mozart in the Jungle<\/em> debatir\u00e1 sus decisiones entre otros con Peter Dinklage.<\/p><\/div>\n<p>&nbsp;<\/p>\n<p>El actor mexicano Gael Garc\u00eda Bernal ser\u00e1 uno de los miembros del jurado que distinga el Mejor Drama estadunidense en la pr\u00f3xima edici\u00f3n del Festival de Sundance, donde la estrella brasile\u00f1a Sonia Braga tambi\u00e9n se encargar\u00e1 de juzgar la mejor pel\u00edcula internacional. El protagonista de <em>Diarios de motocicleta<\/em> y ganador de un Globo de Oro por la serie <em>Mozart in the Jungle<\/em> debatir\u00e1 sus decisiones entre otros con Peter Dinklage, m\u00e1s conocido como Tyrion Lannister en la exitosa serie de luchas din\u00e1sticas <em>Juego de tronos<\/em>.<\/p>\n<p>Adem\u00e1s, el cineasta franc\u00e9s Diego Bu\u00f1uel, nieto del espa\u00f1ol Luis Bu\u00f1uel y presentador de las series del National Geographic Channel <em>No le digan a mi madre,<\/em> formar\u00e1 parte del jurado que elegir\u00e1 el mejor documental estadunidense.<\/p>\n<p>El Festival de Cine de Sundance se celebrar\u00e1 del 19 al 29 de enero en Park City, en el estado de Utah.<\/p>\n","protected":false},"excerpt":{"rendered":"<p>El actor mexicano Gael Garc\u00eda Bernal ser\u00e1 uno de los miembros del jurado que distinga el Mejor Drama estadunidense en la pr\u00f3xima edici\u00f3n del Festival de Sundance, donde la estrella brasile\u00f1a Sonia Braga tambi\u00e9n se encargar\u00e1 de juzgar la mejor pel\u00edcula internacional.<\/p>\n","protected":false},"author":5,"featured_media":307053,"comment_status":"open","ping_status":"open","sticky":false,"template":"","format":"standard","meta":{"_monsterinsights_skip_tracking":false,"_monsterinsights_sitenote_active":false,"_monsterinsights_sitenote_note":"","_monsterinsights_sitenote_category":0,"footnotes":""},"categories":[17,12],"tags":[43682,56795],"class_list":["post-307051","post","type-post","status-publish","format-standard","has-post-thumbnail","hentry","category-especiales","category-espectaculos","tag-espectaculos","tag-gael-garcia"],"_links":{"self":[{"href":"https:\/\/www.diarioimagen.net\/index.php?rest_route=\/wp\/v2\/posts\/307051","targetHints":{"allow":["GET"]}}],"collection":[{"href":"https:\/\/www.diarioimagen.net\/index.php?rest_route=\/wp\/v2\/posts"}],"about":[{"href":"https:\/\/www.diarioimagen.net\/index.php?rest_route=\/wp\/v2\/types\/post"}],"author":[{"embeddable":true,"href":"https:\/\/www.diarioimagen.net\/index.php?rest_route=\/wp\/v2\/users\/5"}],"replies":[{"embeddable":true,"href":"https:\/\/www.diarioimagen.net\/index.php?rest_route=%2Fwp%2Fv2%2Fcomments&post=307051"}],"version-history":[{"count":0,"href":"https:\/\/www.diarioimagen.net\/index.php?rest_route=\/wp\/v2\/posts\/307051\/revisions"}],"wp:featuredmedia":[{"embeddable":true,"href":"https:\/\/www.diarioimagen.net\/index.php?rest_route=\/wp\/v2\/media\/307053"}],"wp:attachment":[{"href":"https:\/\/www.diarioimagen.net\/index.php?rest_route=%2Fwp%2Fv2%2Fmedia&parent=307051"}],"wp:term":[{"taxonomy":"category","embeddable":true,"href":"https:\/\/www.diarioimagen.net\/index.php?rest_route=%2Fwp%2Fv2%2Fcategories&post=307051"},{"taxonomy":"post_tag","embeddable":true,"href":"https:\/\/www.diarioimagen.net\/index.php?rest_route=%2Fwp%2Fv2%2Ftags&post=307051"}],"curies":[{"name":"wp","href":"https:\/\/api.w.org\/{rel}","templated":true}]}}