{"id":307071,"date":"2017-01-12T23:45:20","date_gmt":"2017-01-13T05:45:20","guid":{"rendered":"http:\/\/www.diarioimagen.net\/?p=307071"},"modified":"2017-01-13T01:51:12","modified_gmt":"2017-01-13T07:51:12","slug":"revelan-llamada-al-911-el-dia-de-la-muerte-de-juan-gabriel","status":"publish","type":"post","link":"https:\/\/www.diarioimagen.net\/?p=307071","title":{"rendered":"Revelan llamada al 911 el d\u00eda de la muerte de Juan Gabriel"},"content":{"rendered":"<ul>\n<li><em><strong>Varios medios aseguran que el <\/strong><\/em><strong>Divo de Ju\u00e1rez<\/strong><em><strong> muri\u00f3 el 28 de agosto de 2016, en Santa M\u00f3nica,\u00a0 junto al que fuera su \u00faltima pareja, Efra\u00edn Mart\u00ednez , quien tiene 25 a\u00f1os y es originario de\u00a0Sonora<\/strong><\/em><\/li>\n<\/ul>\n<p>&nbsp;<\/p>\n<div id=\"attachment_307072\" style=\"width: 470px\" class=\"wp-caption aligncenter\"><a href=\"http:\/\/www.diarioimagen.net\/?attachment_id=307072\" rel=\"attachment wp-att-307072\"><img loading=\"lazy\" decoding=\"async\" aria-describedby=\"caption-attachment-307072\" class=\"size-large wp-image-307072\" src=\"http:\/\/www.diarioimagen.net\/wp-content\/uploads\/2017\/01\/juan-gabriel-portal-460x268.jpg\" alt=\"\" width=\"460\" height=\"268\" srcset=\"https:\/\/www.diarioimagen.net\/wp-content\/uploads\/2017\/01\/juan-gabriel-portal-460x268.jpg 460w, https:\/\/www.diarioimagen.net\/wp-content\/uploads\/2017\/01\/juan-gabriel-portal-240x140.jpg 240w, https:\/\/www.diarioimagen.net\/wp-content\/uploads\/2017\/01\/juan-gabriel-portal.jpg 480w\" sizes=\"auto, (max-width: 460px) 100vw, 460px\" \/><\/a><p id=\"caption-attachment-307072\" class=\"wp-caption-text\"><strong>Juan Gabriel y Efra\u00edn Mart\u00ednez<\/strong>. Seg\u00fan la transcripci\u00f3n, el <em>Divo de Ju\u00e1re<\/em>z estaba en el suelo al momento de la llamada, y hab\u00eda otra persona en el departamento, pues la operadora escuch\u00f3 ruidos y conversaciones.<\/p><\/div>\n<p>&nbsp;<\/p>\n<p>Tanto en el programa Ventaneando de Azteca, como en \u201cAl rojo vivo\u201d de Telemundo se revel\u00f3 la trascripci\u00f3n de la llamada al 911 el d\u00eda de la muerte del cantautor Juan Gabriel.<\/p>\n<p>Pese que hasta el momento la polic\u00eda de Santa M\u00f3nica, California, no ha sacado a la luz el audio de la llamada, la emisi\u00f3n mostr\u00f3 el di\u00e1logo que sostuvo un hombre con la operadora del servicio de emergencias.<\/p>\n<p>De acuerdo al documento el hombre que se encontraba con el <em>Divo de Ju\u00e1rez<\/em> intent\u00f3 salvarlo pero cuando llegaron los param\u00e9dicos ya era demasiado tarde.<\/p>\n<p>La llamada comenz\u00f3 a las 11:05 am hora local de Santa M\u00f3nica y dur\u00f3 casi siete minutos.<\/p>\n<p>Cuando el 911 contest\u00f3, el acompa\u00f1ante de Juan Gabriel dijo, \u201cS\u00ed, necesito una ambulancia. Es una s\u00faper, s\u00faper emergencia\u201d.<\/p>\n<p>Despu\u00e9s de preguntarle la edad del compositor de \u201cAmor eterno\u201d y la direcci\u00f3n, la operadora, de apellido Castro, anunci\u00f3 que los param\u00e9dicos ya estaban en camino.<\/p>\n<p>La operadora tambi\u00e9n le indic\u00f3 al hombre que la mantuviera en la l\u00ednea. \u201cActive la bocina, de manera que si necesita algo, yo pueda ayudarlo a trav\u00e9s de la l\u00ednea telef\u00f3nica\u201d, recomend\u00f3.<\/p>\n<p>Luego, el hombre se desespera y se despide de la operadora.<\/p>\n<p>911: \u00bfQuiere que le diga qu\u00e9 hacer?<\/p>\n<p>Acompa\u00f1ante: S\u00ed<\/p>\n<p>11: \u00bfEst\u00e1 \u00e9l en la cama o en el piso?<\/p>\n<p>Acompa\u00f1ante: Se\u00f1ora, no puedo, no puedo hablar con usted, ok? Necesito que env\u00ede una ambulancia.<\/p>\n<p>911: Ya los param\u00e9dicos van en camino, se\u00f1or.<\/p>\n<p>Acompa\u00f1ante: Ok, ok, adi\u00f3s.<\/p>\n<p>Se corta la llamada<\/p>\n<p>Momentos despu\u00e9s, hay otra llamada. \u201cHola, estoy llamando de los param\u00e9dicos\u201d, dijo la operadora. \u201c\u00bfNecesita instrucciones?\u201d. A lo que el hombre contest\u00f3, \u201cSe\u00f1ora, no hay manera\u201d.<\/p>\n<p>Seg\u00fan la transcripci\u00f3n, Juan Gabriel estaba en el suelo al momento de la llamada, y hab\u00eda otra persona en el departamento, pues la operadora escuch\u00f3 ruidos y conversaciones.<\/p>\n<p>Al llegar, los param\u00e9dicos no pudieron salvar a Juan Gabriel, y a pesar de que no hubo una autopsia, los m\u00e9dicos forenses concluyeron que la causa de muerte fueron problemas cardiovasculares, un d\u00eda despu\u00e9s de haber dado un concierto en California.<\/p>\n<p>En el programa Ventaneando, Pedro Sola dijo que tiempo antes de la muerte de Juan Gabriel, el cantautor hab\u00eda encontrado a su pareja Efra\u00edn Mart\u00ednez en la cama con una de sus bailarinas.<\/p>\n","protected":false},"excerpt":{"rendered":"<p>Tanto en el programa Ventaneando de Azteca, como en \u201cAl rojo vivo\u201d de Telemundo se revel\u00f3 la trascripci\u00f3n de la llamada al 911 el d\u00eda de la muerte del cantautor Juan Gabriel.<\/p>\n","protected":false},"author":5,"featured_media":307072,"comment_status":"open","ping_status":"open","sticky":false,"template":"","format":"standard","meta":{"_monsterinsights_skip_tracking":false,"_monsterinsights_sitenote_active":false,"_monsterinsights_sitenote_note":"","_monsterinsights_sitenote_category":0,"footnotes":""},"categories":[17,12],"tags":[15091,43682,4568,53487],"class_list":["post-307071","post","type-post","status-publish","format-standard","has-post-thumbnail","hentry","category-especiales","category-espectaculos","tag-divo-de-juarez","tag-espectaculos","tag-juan-gabriel","tag-santa-monica"],"_links":{"self":[{"href":"https:\/\/www.diarioimagen.net\/index.php?rest_route=\/wp\/v2\/posts\/307071","targetHints":{"allow":["GET"]}}],"collection":[{"href":"https:\/\/www.diarioimagen.net\/index.php?rest_route=\/wp\/v2\/posts"}],"about":[{"href":"https:\/\/www.diarioimagen.net\/index.php?rest_route=\/wp\/v2\/types\/post"}],"author":[{"embeddable":true,"href":"https:\/\/www.diarioimagen.net\/index.php?rest_route=\/wp\/v2\/users\/5"}],"replies":[{"embeddable":true,"href":"https:\/\/www.diarioimagen.net\/index.php?rest_route=%2Fwp%2Fv2%2Fcomments&post=307071"}],"version-history":[{"count":0,"href":"https:\/\/www.diarioimagen.net\/index.php?rest_route=\/wp\/v2\/posts\/307071\/revisions"}],"wp:featuredmedia":[{"embeddable":true,"href":"https:\/\/www.diarioimagen.net\/index.php?rest_route=\/wp\/v2\/media\/307072"}],"wp:attachment":[{"href":"https:\/\/www.diarioimagen.net\/index.php?rest_route=%2Fwp%2Fv2%2Fmedia&parent=307071"}],"wp:term":[{"taxonomy":"category","embeddable":true,"href":"https:\/\/www.diarioimagen.net\/index.php?rest_route=%2Fwp%2Fv2%2Fcategories&post=307071"},{"taxonomy":"post_tag","embeddable":true,"href":"https:\/\/www.diarioimagen.net\/index.php?rest_route=%2Fwp%2Fv2%2Ftags&post=307071"}],"curies":[{"name":"wp","href":"https:\/\/api.w.org\/{rel}","templated":true}]}}