{"id":307155,"date":"2017-01-13T00:01:02","date_gmt":"2017-01-13T06:01:02","guid":{"rendered":"http:\/\/www.diarioimagen.net\/?p=307155"},"modified":"2017-01-13T02:07:37","modified_gmt":"2017-01-13T08:07:37","slug":"307155","status":"publish","type":"post","link":"https:\/\/www.diarioimagen.net\/?p=307155","title":{"rendered":"Este es un momento hist\u00f3rico para fijar nuestra mirada en lo que viene: Carlos Joaqu\u00edn"},"content":{"rendered":"<h2>Derecho de r\u00e9plica<\/h2>\n<h5>Yolanda Montalvo<\/h5>\n<p>&nbsp;<\/p>\n<p>Quintana Roo celebr\u00f3 ayer el 42 aniversario como un Estado Libre y Soberano, por lo que el gobernador, Carlos Joaqu\u00edn Gonz\u00e1lez, aprovech\u00f3 su discurso para referirse entre l\u00edneas a la unidad social y la reconciliaci\u00f3n pol\u00edtica.<\/p>\n<p>El mandatario hizo un llamado a no perder la fe y seguir adelante, \u201csi bien es cierto que en estos \u00faltimos meses se tomaron decisiones valerosas, el cambio no es s\u00f3lo cambio, sino que \u00e9ste debe perdurar\u2026 el trabajo duro, l\u00edcito y decente es la \u00fanica manera para alcanzar el bienestar social, es necesario refundar a la sociedad y la familia. Busquemos un constitucionalismo de solidaridad, de inclusi\u00f3n, de di\u00e1logo pol\u00edtico y soluciones a la realidad econ\u00f3mica de nuestro estado.\u201d<\/p>\n<p>En referencia al oscuro panorama econ\u00f3mico que se vislumbra, refiri\u00f3: \u201cDebemos estar a la altura de los desaf\u00edos. Firmemos un nuevo pacto social que nos una, demos esperanza a nuestros hijos\u201d.<\/p>\n<p>Si bien Quintana Roo celebra un nuevo aniversario como estado libre en medio de la incertidumbre econ\u00f3mica provocada por el alza a los energ\u00e9ticos y en consecuencia el incremento a los precios de los productos b\u00e1sicos, sin contar con el panorama mundial que enfrenta la industria tur\u00edstica con la llegada de Donald Trump en unos d\u00edas a la presidencia del pa\u00eds vecino, los empresarios temen que ejerza presi\u00f3n para que menos estadunidenses viajen a M\u00e9xico, el gobernador calific\u00f3 este momento como hist\u00f3rico y el punto para fijar la mirada en el futuro.<\/p>\n<p>El Ejecutivo estatal hizo tambi\u00e9n un llamado a los legisladores y actores pol\u00edticos: \u201cEsta fecha llama a respetar nuestra Carta Magna. Si hay que reformarla, actualizarla, hag\u00e1moslo en pleno ejercicio de las garant\u00edas constitucionales y no a espaldas del pueblo. Sigamos el ejemplo que distingui\u00f3 a esa generaci\u00f3n de quintanarroenses\u201d, pues ya ve usted, luego la ponen a su modo.<\/p>\n<p style=\"text-align: center;\"><strong>Peligra seguridad en el sur<\/strong><\/p>\n<p>La Gendarmer\u00eda, al menos por lo pronto, no regresar\u00e1 a Chetumal, y la coordinadora estatal de la Polic\u00eda Federal en el estado, Selene Nava Guti\u00e9rrez, est\u00e1 en apuros, pues la cantidad de efectivos con los que cuenta, dijo, no son suficientes para realizar el trabajo.<\/p>\n<p>Sin embargo, desde mediados del a\u00f1o pasado, la efectividad de la PF no se ve por ninguna parte, mientras la guapa Nava Guti\u00e9rrez, orgullosa, inform\u00f3 que ya solicit\u00f3 refuerzos, pero que, aun as\u00ed, la Polic\u00eda Federal ha tenido aseguramientos importantes -sin detallar cu\u00e1les, porque no los record\u00f3 de tan notorios que fueron-, y que han recuperado varias motocicletas y autos con reporte de robo; eso, mientras las bandas del crimen organizado operan a su antojo en el estado.<\/p>\n<p style=\"text-align: center;\"><strong>No hay quien se aviente<\/strong><\/p>\n<p>El transporte p\u00fablico en Chetumal es casi inexistente, pues la empresa que opera el servicio, Jet Van Car, ya no tiene concesi\u00f3n, la que se venci\u00f3 desde septiembre pasado.<\/p>\n<p>Aun sin los permisos oficiales contin\u00faan circulando de \u201cpiratas\u201d y no tienen ninguna posibilidad de renovar el servicio, pues s\u00f3lo tienen 16 unidades para 15 rutas; sin embargo, no existe ninguna empresa de transporte interesada por Chetumal, ya que el convenio s\u00f3lo ser\u00eda por el periodo de gobierno, que es de dos a\u00f1os.<\/p>\n<p>El ayuntamiento de Oth\u00f3n P. Blanco busca que en el Congreso local les cambien la legislaci\u00f3n para poder autorizar contratos hasta por 10 a\u00f1os, con tal de convencer a algunos empresarios; sin embargo, en el circo..!no!.. perd\u00f3n\u2026en el Congreso no les han atendido.<\/p>\n<p>Pendiente est\u00e1 a\u00fan en el Congreso la Iniciativa de Ley de Movilidad Sostenible para la Poblaci\u00f3n del Estado de Quintana Roo, que ingres\u00f3 la diputada pri\u00edsta, Jenni Ju\u00e1rez Trujillo, legislaci\u00f3n que est\u00e1 pendiente desde la anterior legislatura y que es urgente para el estado. Por lo pronto, los chetumale\u00f1os, ante la incapacidad de gesti\u00f3n de sus autoridades, tendr\u00e1n que viajar en las unidades destartaladas de Jet Van Car.<\/p>\n<p style=\"text-align: center;\"><strong>El iluminado<\/strong><\/p>\n<p>Mientras el Congreso local tiene m\u00faltiples iniciativas en la \u201ccongeladora\u201d, el perredista Emiliano Ramos pretende contravenir la legislaci\u00f3n federal. Eso por que propondr\u00e1 que los alcaldes, que ser\u00e1n electos en el 2018, su periodo sea de cuatro a\u00f1os y no de tres, con lo que saldr\u00e1n del cargo junto con el gobernador.<\/p>\n<p>Si bien la idea de Emiliano Ramos es evitar que se realicen elecciones de manera constante en el estado, a todas luces es otro el motivo, pues en el 2021, junto con la renovaci\u00f3n de presidencias municipales, tambi\u00e9n se tiene programado la elecci\u00f3n de diputados federales, por lo que no tiene ning\u00fan sustento su petici\u00f3n, m\u00e1s que la manipulaci\u00f3n de los cargos a su antojo. \u00bfQu\u00e9 no escuch\u00f3 Emiliano Ramos lo que dijo el gobernador, que no anden manoseando la Constituci\u00f3n del estado como se les d\u00e9 la gana?<\/p>\n<p>El calendario es el siguiente: en 2018, renovaci\u00f3n de la Presidencia de la Rep\u00fablica, Senado, C\u00e1mara de Diputados (federal) y ayuntamientos; en 2019 elecci\u00f3n diputados locales; en 2021, elecci\u00f3n de diputados federales y alcaldes y en 2022, nuevo gobernador y diputados locales.<\/p>\n<p style=\"text-align: center;\"><strong>No se va<\/strong><\/p>\n<p>Al auditor Javier Zetina Gonz\u00e1lez, titular del \u00d3rgano de Fiscalizaci\u00f3n Superior del Estado de Quintana Roo, ya se le endureci\u00f3 la coraza, pues ha sobrevivido en el cargo los primeros cien d\u00edas de gobierno de Carlos Joaqu\u00edn y unos cuantos d\u00edas m\u00e1s de la llegada de la XV Legislatura, desde donde diputados del PAN y PRD ped\u00edan su renuncia.<\/p>\n<p>Son seis los juicios contra los que se ampar\u00f3 el auditor, todos basados en la forma de su nombramiento por la anterior legislatura; sin embargo, est\u00e1 amparado en cada uno de ellos.<\/p>\n<p>Contrario a lo que sucedi\u00f3 con el ex fiscal, Arturo \u00c1lvarez Escalera, quien no aguant\u00f3 la \u201cgrilla\u201d y termin\u00f3 por tirar la toalla, el auditor Zetina Gonz\u00e1lez se la ha llevado de <em>\u201ca muertito\u201d<\/em> y asegura no renunciar\u00e1, pues desde su punto de vista, el proceso para su nombramiento fue conforme a derecho, es eso o tiene en la espalda una concha de tortuga de carey que aguanta todo. Tant\u00e1n.<\/p>\n<p>&nbsp;<\/p>\n<blockquote><p>Recibo informaci\u00f3n, comentarios, denuncias, r\u00e9plicas y balconeadas, etc. al mail: <em><a href=\"mailto:yolandamontalvoh@gmail.com\" target=\"_blank\">yolandamontalvoh@gmail.com<\/a><\/em><\/p><\/blockquote>\n","protected":false},"excerpt":{"rendered":"<p><span style=\"color: #005497;\"><strong>Yolanda Montalvo<\/strong><\/span><\/p>\n","protected":false},"author":3,"featured_media":0,"comment_status":"open","ping_status":"open","sticky":false,"template":"","format":"standard","meta":{"_monsterinsights_skip_tracking":false,"_monsterinsights_sitenote_active":false,"_monsterinsights_sitenote_note":"","_monsterinsights_sitenote_category":0,"footnotes":""},"categories":[55237],"tags":[47840,43674,47841],"class_list":["post-307155","post","type-post","status-publish","format-standard","hentry","category-yolanda-montalvo","tag-derecho-de-replica","tag-opinion","tag-yolanda-montalvo"],"_links":{"self":[{"href":"https:\/\/www.diarioimagen.net\/index.php?rest_route=\/wp\/v2\/posts\/307155","targetHints":{"allow":["GET"]}}],"collection":[{"href":"https:\/\/www.diarioimagen.net\/index.php?rest_route=\/wp\/v2\/posts"}],"about":[{"href":"https:\/\/www.diarioimagen.net\/index.php?rest_route=\/wp\/v2\/types\/post"}],"author":[{"embeddable":true,"href":"https:\/\/www.diarioimagen.net\/index.php?rest_route=\/wp\/v2\/users\/3"}],"replies":[{"embeddable":true,"href":"https:\/\/www.diarioimagen.net\/index.php?rest_route=%2Fwp%2Fv2%2Fcomments&post=307155"}],"version-history":[{"count":0,"href":"https:\/\/www.diarioimagen.net\/index.php?rest_route=\/wp\/v2\/posts\/307155\/revisions"}],"wp:attachment":[{"href":"https:\/\/www.diarioimagen.net\/index.php?rest_route=%2Fwp%2Fv2%2Fmedia&parent=307155"}],"wp:term":[{"taxonomy":"category","embeddable":true,"href":"https:\/\/www.diarioimagen.net\/index.php?rest_route=%2Fwp%2Fv2%2Fcategories&post=307155"},{"taxonomy":"post_tag","embeddable":true,"href":"https:\/\/www.diarioimagen.net\/index.php?rest_route=%2Fwp%2Fv2%2Ftags&post=307155"}],"curies":[{"name":"wp","href":"https:\/\/api.w.org\/{rel}","templated":true}]}}