{"id":307481,"date":"2017-01-17T00:05:08","date_gmt":"2017-01-17T06:05:08","guid":{"rendered":"http:\/\/www.diarioimagen.net\/?p=307481"},"modified":"2017-01-18T00:41:04","modified_gmt":"2017-01-18T06:41:04","slug":"bmw-mantiene-planes-de-inversion-en-mexico","status":"publish","type":"post","link":"https:\/\/www.diarioimagen.net\/?p=307481","title":{"rendered":"Mantiene BMW plan de inversi\u00f3n en M\u00e9xico"},"content":{"rendered":"<ul>\n<li><em><strong>Pese a las amenazas de Donald Trump<\/strong><\/em><\/li>\n<\/ul>\n<p>&nbsp;<\/p>\n<div id=\"attachment_307482\" style=\"width: 470px\" class=\"wp-caption aligncenter\"><a href=\"http:\/\/www.diarioimagen.net\/?attachment_id=307482\" rel=\"attachment wp-att-307482\"><img loading=\"lazy\" decoding=\"async\" aria-describedby=\"caption-attachment-307482\" class=\"size-large wp-image-307482\" src=\"http:\/\/www.diarioimagen.net\/wp-content\/uploads\/2017\/01\/BMW17-portal-460x268.jpg\" alt=\"\" width=\"460\" height=\"268\" srcset=\"https:\/\/www.diarioimagen.net\/wp-content\/uploads\/2017\/01\/BMW17-portal-460x268.jpg 460w, https:\/\/www.diarioimagen.net\/wp-content\/uploads\/2017\/01\/BMW17-portal-240x140.jpg 240w, https:\/\/www.diarioimagen.net\/wp-content\/uploads\/2017\/01\/BMW17-portal.jpg 480w\" sizes=\"auto, (max-width: 460px) 100vw, 460px\" \/><\/a><p id=\"caption-attachment-307482\" class=\"wp-caption-text\">El grupo automotriz alem\u00e1n BMW afirm\u00f3 que son inamovibles sus planes de invertir en M\u00e9xico.<\/p><\/div>\n<p>&nbsp;<\/p>\n<p>Pese a las amenazas del presidente electo de Estados Unidos, Donald Trump, el grupo automotriz alem\u00e1n BMW M\u00e9xico afirm\u00f3 que son inamovibles sus planes de invertir en una planta en San Luis Potos\u00ed.<\/p>\n<p>\u201cNuestro proyecto de la planta de San Luis Potos\u00ed se desarrolla normalmente y mantenemos nuestro compromiso con el proyecto de la planta y con M\u00e9xico\u201d, asegur\u00f3 el director de Comunicaci\u00f3n Corporativa de la empresa, Vladimir de Mello.<\/p>\n<p>Se\u00f1al\u00f3 que luego de que Trump, amenaz\u00f3 con aumentar los impuestos de importaci\u00f3n de sus veh\u00edculos fabricados en M\u00e9xico; el posicionamiento del grupo dej\u00f3 en claro su compromiso con el pa\u00eds en donde prev\u00e9 fabricar la Serie 3 en 2019.<\/p>\n<p>La producci\u00f3n de este modelo est\u00e1 prevista para el mercado mundial, y la planta de M\u00e9xico se sumar\u00e1 a las actuales instalaciones en donde se produce la Serie 3 en Alemania y China.<\/p>\n<p>Cabe recordar que en diciembre pasado, el director ejecutivo de BMW Group en M\u00e9xico, Alexander Wehr, declar\u00f3 que los planes de la empresa se basan en metas de largo plazo, por lo que \u201cno habr\u00e1 ning\u00fan cambio\u201d en un entorno de renegociaci\u00f3n del Tratado de Libre Comercio de Am\u00e9rica del Norte o alg\u00fan otro ajuste.<\/p>\n<p>En ese entonces, el directivo coment\u00f3 en entrevista que el camino \u201cest\u00e1 enfocado en M\u00e9xico\u201d y como hombres de negocios se enfocan en los hechos concretos. \u201cDigamos si habr\u00eda m\u00e1s arancel con cualquier regi\u00f3n del mundo a lo mejor hay que hacer algunos ajustes sobre c\u00f3mo manejar el negocio. Podr\u00eda ser mandar m\u00e1s producci\u00f3n a otras regiones. Podr\u00eda ser tambi\u00e9n una oportunidad para M\u00e9xico colocarse en otras regiones del mundo como Asia. Hay mucho potencial\u201d.<\/p>\n","protected":false},"excerpt":{"rendered":"<p>Pese a las amenazas del presidente electo de Estados Unidos, Donald Trump, el grupo automotriz alem\u00e1n BMW M\u00e9xico afirm\u00f3 que son inamovibles sus planes de invertir en una planta en San Luis Potos\u00ed.<\/p>\n","protected":false},"author":5,"featured_media":307482,"comment_status":"open","ping_status":"open","sticky":false,"template":"","format":"standard","meta":{"_monsterinsights_skip_tracking":false,"_monsterinsights_sitenote_active":false,"_monsterinsights_sitenote_note":"","_monsterinsights_sitenote_category":0,"footnotes":""},"categories":[8],"tags":[125,41813,43678,5247,48],"class_list":["post-307481","post","type-post","status-publish","format-standard","has-post-thumbnail","hentry","category-finanzas","tag-bmw","tag-donald-trump","tag-finanzas","tag-inversion","tag-san-luis-potosi"],"_links":{"self":[{"href":"https:\/\/www.diarioimagen.net\/index.php?rest_route=\/wp\/v2\/posts\/307481","targetHints":{"allow":["GET"]}}],"collection":[{"href":"https:\/\/www.diarioimagen.net\/index.php?rest_route=\/wp\/v2\/posts"}],"about":[{"href":"https:\/\/www.diarioimagen.net\/index.php?rest_route=\/wp\/v2\/types\/post"}],"author":[{"embeddable":true,"href":"https:\/\/www.diarioimagen.net\/index.php?rest_route=\/wp\/v2\/users\/5"}],"replies":[{"embeddable":true,"href":"https:\/\/www.diarioimagen.net\/index.php?rest_route=%2Fwp%2Fv2%2Fcomments&post=307481"}],"version-history":[{"count":0,"href":"https:\/\/www.diarioimagen.net\/index.php?rest_route=\/wp\/v2\/posts\/307481\/revisions"}],"wp:featuredmedia":[{"embeddable":true,"href":"https:\/\/www.diarioimagen.net\/index.php?rest_route=\/wp\/v2\/media\/307482"}],"wp:attachment":[{"href":"https:\/\/www.diarioimagen.net\/index.php?rest_route=%2Fwp%2Fv2%2Fmedia&parent=307481"}],"wp:term":[{"taxonomy":"category","embeddable":true,"href":"https:\/\/www.diarioimagen.net\/index.php?rest_route=%2Fwp%2Fv2%2Fcategories&post=307481"},{"taxonomy":"post_tag","embeddable":true,"href":"https:\/\/www.diarioimagen.net\/index.php?rest_route=%2Fwp%2Fv2%2Ftags&post=307481"}],"curies":[{"name":"wp","href":"https:\/\/api.w.org\/{rel}","templated":true}]}}