{"id":307486,"date":"2017-01-17T00:07:18","date_gmt":"2017-01-17T06:07:18","guid":{"rendered":"http:\/\/www.diarioimagen.net\/?p=307486"},"modified":"2017-01-18T00:41:17","modified_gmt":"2017-01-18T06:41:17","slug":"inauguran-enrique-pena-y-eruviel-avila-centro-de-convenciones-de-toluca","status":"publish","type":"post","link":"https:\/\/www.diarioimagen.net\/?p=307486","title":{"rendered":"Inauguran el Centro de Convenciones de Toluca"},"content":{"rendered":"<ul>\n<li><strong><em>Es primero en su tipo y cuenta con capacidad para m\u00e1s de 5 mil personas<\/em><\/strong><\/li>\n<\/ul>\n<p>&nbsp;<\/p>\n<div id=\"attachment_307487\" style=\"width: 470px\" class=\"wp-caption aligncenter\"><a href=\"http:\/\/www.diarioimagen.net\/?attachment_id=307487\" rel=\"attachment wp-att-307487\"><img loading=\"lazy\" decoding=\"async\" aria-describedby=\"caption-attachment-307487\" class=\"size-large wp-image-307487\" src=\"http:\/\/www.diarioimagen.net\/wp-content\/uploads\/2017\/01\/ERUVIEL17-portal-460x268.jpg\" alt=\"\" width=\"460\" height=\"268\" srcset=\"https:\/\/www.diarioimagen.net\/wp-content\/uploads\/2017\/01\/ERUVIEL17-portal-460x268.jpg 460w, https:\/\/www.diarioimagen.net\/wp-content\/uploads\/2017\/01\/ERUVIEL17-portal-240x140.jpg 240w, https:\/\/www.diarioimagen.net\/wp-content\/uploads\/2017\/01\/ERUVIEL17-portal.jpg 480w\" sizes=\"auto, (max-width: 460px) 100vw, 460px\" \/><\/a><p id=\"caption-attachment-307487\" class=\"wp-caption-text\">Enrique Pe\u00f1a Nieto y el gobernador Eruviel \u00c1vila Villegas, inauguraron el Centro de Convenciones y Exposiciones Toluca.<\/p><\/div>\n<p>&nbsp;<\/p>\n<p><strong>Toluca, Estado de M\u00e9xico<\/strong>.- El presidente de la Rep\u00fablica, Enrique Pe\u00f1a Nieto y el gobernador Eruviel \u00c1vila Villegas, inauguraron el Centro de Convenciones y Exposiciones Toluca, primero en su tipo en el Estado de M\u00e9xico, que tiene capacidad para m\u00e1s de 5 mil personas y mediante el cual se impulsa el turismo de reuniones y la generaci\u00f3n de empleos.<\/p>\n<p>\u201cUn turista convencional gasta un promedio de 6 mil pesos por estancia, mientras que un turista de negocios, de convenciones, gasta 11 mil pesos en promedio. As\u00ed es que como pueden apreciar este Centro de Convenciones y Exposiciones traer\u00e1 muy buenas noticias y dar\u00e1 muy buenos resultados en la generaci\u00f3n de empleos en este sector.<\/p>\n<p>\u201cDe esta forma, se\u00f1or Presidente, el Estado de M\u00e9xico se suma a su pol\u00edtica de promoci\u00f3n al turismo. Lo felicitamos porque usted ha logrado que, despu\u00e9s de estar en diferentes lugares, 14, 16, 15 en materia de visitantes extranjeros, hoy usted ha logrado que seamos el lugar n\u00famero nueve\u201d, expres\u00f3 el gobernador.<\/p>\n<p>En M\u00e9xico, abund\u00f3, el turismo convencional genera 1.44 noches de ocupaci\u00f3n, mientras que el turismo de reuniones propicia 2.09 noches de ocupaci\u00f3n, equivalentes al 19 por ciento del total de las habitaciones que se ocupan durante un a\u00f1o, por lo que este centro contribuir\u00e1 a la generaci\u00f3n de empleos en esta regi\u00f3n de la entidad.<\/p>\n<p>Eruviel \u00c1vila destac\u00f3 que este espacio cuenta con especificaciones de nivel internacional y fue dise\u00f1ado considerando recomendaciones de especialistas de Australia, que se suman a su excelente ubicaci\u00f3n, pues se encuentra a 5 minutos del Aeropuerto Internacional de Toluca, a media hora de Santa Fe y a 15 minutos del centro de la capital mexiquense.<\/p>\n","protected":false},"excerpt":{"rendered":"<p>El presidente de la Rep\u00fablica, Enrique Pe\u00f1a Nieto y el gobernador Eruviel \u00c1vila Villegas, inauguraron el Centro de Convenciones y Exposiciones Toluca, primero en su tipo en el Estado de M\u00e9xico, que tiene capacidad para m\u00e1s de 5 mil personas y mediante el cual se impulsa el turismo de reuniones y la generaci\u00f3n de empleos.<\/p>\n","protected":false},"author":5,"featured_media":307487,"comment_status":"open","ping_status":"open","sticky":false,"template":"","format":"standard","meta":{"_monsterinsights_skip_tracking":false,"_monsterinsights_sitenote_active":false,"_monsterinsights_sitenote_note":"","_monsterinsights_sitenote_category":0,"footnotes":""},"categories":[5],"tags":[57261,43675,47480,8355,452],"class_list":["post-307486","post","type-post","status-publish","format-standard","has-post-thumbnail","hentry","category-estado-de-mexico","tag-centro-de-convenciones-de-toluca","tag-estado-de-mexico","tag-inauguran","tag-santa-fe","tag-toluca"],"_links":{"self":[{"href":"https:\/\/www.diarioimagen.net\/index.php?rest_route=\/wp\/v2\/posts\/307486","targetHints":{"allow":["GET"]}}],"collection":[{"href":"https:\/\/www.diarioimagen.net\/index.php?rest_route=\/wp\/v2\/posts"}],"about":[{"href":"https:\/\/www.diarioimagen.net\/index.php?rest_route=\/wp\/v2\/types\/post"}],"author":[{"embeddable":true,"href":"https:\/\/www.diarioimagen.net\/index.php?rest_route=\/wp\/v2\/users\/5"}],"replies":[{"embeddable":true,"href":"https:\/\/www.diarioimagen.net\/index.php?rest_route=%2Fwp%2Fv2%2Fcomments&post=307486"}],"version-history":[{"count":0,"href":"https:\/\/www.diarioimagen.net\/index.php?rest_route=\/wp\/v2\/posts\/307486\/revisions"}],"wp:featuredmedia":[{"embeddable":true,"href":"https:\/\/www.diarioimagen.net\/index.php?rest_route=\/wp\/v2\/media\/307487"}],"wp:attachment":[{"href":"https:\/\/www.diarioimagen.net\/index.php?rest_route=%2Fwp%2Fv2%2Fmedia&parent=307486"}],"wp:term":[{"taxonomy":"category","embeddable":true,"href":"https:\/\/www.diarioimagen.net\/index.php?rest_route=%2Fwp%2Fv2%2Fcategories&post=307486"},{"taxonomy":"post_tag","embeddable":true,"href":"https:\/\/www.diarioimagen.net\/index.php?rest_route=%2Fwp%2Fv2%2Ftags&post=307486"}],"curies":[{"name":"wp","href":"https:\/\/api.w.org\/{rel}","templated":true}]}}