{"id":307556,"date":"2017-01-17T00:05:36","date_gmt":"2017-01-17T06:05:36","guid":{"rendered":"http:\/\/www.diarioimagen.net\/?p=307556"},"modified":"2017-01-17T02:57:13","modified_gmt":"2017-01-17T08:57:13","slug":"adan-barron-refrenda-compromiso-con-tultitlan","status":"publish","type":"post","link":"https:\/\/www.diarioimagen.net\/?p=307556","title":{"rendered":"Ad\u00e1n Barr\u00f3n refrenda compromiso con Tultitl\u00e1n"},"content":{"rendered":"<p><a href=\"http:\/\/www.diarioimagen.net\/?attachment_id=307614\" rel=\"attachment wp-att-307614\"><img loading=\"lazy\" decoding=\"async\" class=\"aligncenter size-large wp-image-307614\" src=\"http:\/\/www.diarioimagen.net\/wp-content\/uploads\/2017\/01\/TULTITLAN-3037-460x259.jpg\" alt=\"\" width=\"460\" height=\"259\" srcset=\"https:\/\/www.diarioimagen.net\/wp-content\/uploads\/2017\/01\/TULTITLAN-3037-460x259.jpg 460w, https:\/\/www.diarioimagen.net\/wp-content\/uploads\/2017\/01\/TULTITLAN-3037-240x135.jpg 240w, https:\/\/www.diarioimagen.net\/wp-content\/uploads\/2017\/01\/TULTITLAN-3037-235x132.jpg 235w, https:\/\/www.diarioimagen.net\/wp-content\/uploads\/2017\/01\/TULTITLAN-3037-202x114.jpg 202w, https:\/\/www.diarioimagen.net\/wp-content\/uploads\/2017\/01\/TULTITLAN-3037-350x196.jpg 350w, https:\/\/www.diarioimagen.net\/wp-content\/uploads\/2017\/01\/TULTITLAN-3037-220x123.jpg 220w, https:\/\/www.diarioimagen.net\/wp-content\/uploads\/2017\/01\/TULTITLAN-3037-237x132.jpg 237w, https:\/\/www.diarioimagen.net\/wp-content\/uploads\/2017\/01\/TULTITLAN-3037.jpg 480w\" sizes=\"auto, (max-width: 460px) 100vw, 460px\" \/><\/a><\/p>\n<p>&nbsp;<\/p>\n<p><strong>Tultitl\u00e1n, Estado de M\u00e9xico.-<\/strong> Durante una reuni\u00f3n con vocales del programa Prospera y tras su visita al comedor comunitario \u201cBello Horizonte\u201d, el alcalde Jorge Ad\u00e1n Barr\u00f3n Elizalde, asever\u00f3 que el gobierno a su cargo\u00a0trabaja para garantizar mejores condiciones de vida a los tultitlenses m\u00e1s vulnerables.En este sentido, Barr\u00f3n Elizalde indic\u00f3.<\/p>\n<p>\u201cSeguimos trabajando para ampliar el patr\u00f3n de beneficiados, ya que este programa articula y coordina programas y acciones sociales, incluyendo aquellas relacionadas con el fomento productivo, generaci\u00f3n de ingresos, bienestar econ\u00f3mico, inclusi\u00f3n financiera y laboral, educaci\u00f3n, alimentaci\u00f3n y salud, dirigida a la poblaci\u00f3n que se encuentre en situaci\u00f3n de pobreza extrema, bajo esquemas de corresponsabilidad que les permitan a las familias mejorar sus condiciones de vida y aseguren el disfrute de sus derechos y el acceso al desarrollo social con igualdad de oportunidades\u201d.<\/p>\n","protected":false},"excerpt":{"rendered":"<p>Durante una reuni\u00f3n con vocales del programa Prospera y tras su visita al comedor comunitario \u201cBello Horizonte\u201d, el alcalde Jorge Ad\u00e1n Barr\u00f3n Elizalde, asever\u00f3 que el gobierno a su cargo trabaja para garantizar mejores condiciones de vida a los tultitlenses m\u00e1s vulnerables.En este sentido, Barr\u00f3n Elizalde indic\u00f3. <\/p>\n","protected":false},"author":3,"featured_media":307614,"comment_status":"open","ping_status":"open","sticky":false,"template":"","format":"standard","meta":{"_monsterinsights_skip_tracking":false,"_monsterinsights_sitenote_active":false,"_monsterinsights_sitenote_note":"","_monsterinsights_sitenote_category":0,"footnotes":""},"categories":[35155],"tags":[15135,43675,47286,578],"class_list":["post-307556","post","type-post","status-publish","format-standard","has-post-thumbnail","hentry","category-estado-de-mexico-estado-de-mexico","tag-compromiso","tag-estado-de-mexico","tag-refrenda","tag-tultitlan"],"_links":{"self":[{"href":"https:\/\/www.diarioimagen.net\/index.php?rest_route=\/wp\/v2\/posts\/307556","targetHints":{"allow":["GET"]}}],"collection":[{"href":"https:\/\/www.diarioimagen.net\/index.php?rest_route=\/wp\/v2\/posts"}],"about":[{"href":"https:\/\/www.diarioimagen.net\/index.php?rest_route=\/wp\/v2\/types\/post"}],"author":[{"embeddable":true,"href":"https:\/\/www.diarioimagen.net\/index.php?rest_route=\/wp\/v2\/users\/3"}],"replies":[{"embeddable":true,"href":"https:\/\/www.diarioimagen.net\/index.php?rest_route=%2Fwp%2Fv2%2Fcomments&post=307556"}],"version-history":[{"count":0,"href":"https:\/\/www.diarioimagen.net\/index.php?rest_route=\/wp\/v2\/posts\/307556\/revisions"}],"wp:featuredmedia":[{"embeddable":true,"href":"https:\/\/www.diarioimagen.net\/index.php?rest_route=\/wp\/v2\/media\/307614"}],"wp:attachment":[{"href":"https:\/\/www.diarioimagen.net\/index.php?rest_route=%2Fwp%2Fv2%2Fmedia&parent=307556"}],"wp:term":[{"taxonomy":"category","embeddable":true,"href":"https:\/\/www.diarioimagen.net\/index.php?rest_route=%2Fwp%2Fv2%2Fcategories&post=307556"},{"taxonomy":"post_tag","embeddable":true,"href":"https:\/\/www.diarioimagen.net\/index.php?rest_route=%2Fwp%2Fv2%2Ftags&post=307556"}],"curies":[{"name":"wp","href":"https:\/\/api.w.org\/{rel}","templated":true}]}}