{"id":307558,"date":"2017-01-17T00:07:05","date_gmt":"2017-01-17T06:07:05","guid":{"rendered":"http:\/\/www.diarioimagen.net\/?p=307558"},"modified":"2017-01-17T02:58:26","modified_gmt":"2017-01-17T08:58:26","slug":"arbol-de-la-vida-metepequense-en-embajada-de-mexico-en-japon","status":"publish","type":"post","link":"https:\/\/www.diarioimagen.net\/?p=307558","title":{"rendered":"\u00c1rbol de la Vida metepequense en embajada de M\u00e9xico en Jap\u00f3n"},"content":{"rendered":"<ul>\n<li><strong><em>La obra representar\u00e1 la hermandad entre los dos pa\u00edses<\/em><\/strong><\/li>\n<\/ul>\n<p>&nbsp;<\/p>\n<div id=\"attachment_307618\" style=\"width: 470px\" class=\"wp-caption aligncenter\"><a href=\"http:\/\/www.diarioimagen.net\/?attachment_id=307618\" rel=\"attachment wp-att-307618\"><img loading=\"lazy\" decoding=\"async\" aria-describedby=\"caption-attachment-307618\" class=\"size-large wp-image-307618\" src=\"http:\/\/www.diarioimagen.net\/wp-content\/uploads\/2017\/01\/METEPEC-3037-460x259.jpg\" alt=\"\" width=\"460\" height=\"259\" srcset=\"https:\/\/www.diarioimagen.net\/wp-content\/uploads\/2017\/01\/METEPEC-3037-460x259.jpg 460w, https:\/\/www.diarioimagen.net\/wp-content\/uploads\/2017\/01\/METEPEC-3037-240x135.jpg 240w, https:\/\/www.diarioimagen.net\/wp-content\/uploads\/2017\/01\/METEPEC-3037-235x132.jpg 235w, https:\/\/www.diarioimagen.net\/wp-content\/uploads\/2017\/01\/METEPEC-3037-202x114.jpg 202w, https:\/\/www.diarioimagen.net\/wp-content\/uploads\/2017\/01\/METEPEC-3037-350x196.jpg 350w, https:\/\/www.diarioimagen.net\/wp-content\/uploads\/2017\/01\/METEPEC-3037-220x123.jpg 220w, https:\/\/www.diarioimagen.net\/wp-content\/uploads\/2017\/01\/METEPEC-3037-237x132.jpg 237w, https:\/\/www.diarioimagen.net\/wp-content\/uploads\/2017\/01\/METEPEC-3037.jpg 480w\" sizes=\"auto, (max-width: 460px) 100vw, 460px\" \/><\/a><p id=\"caption-attachment-307618\" class=\"wp-caption-text\">Juan Carlos Nonato D\u00edaz trabaja en el monumental\u00a0 \u00c1rbol de la Vida, que lucir\u00e1 en la embajada de M\u00e9xico, en Jap\u00f3n.<\/p><\/div>\n<p>&nbsp;<\/p>\n<p><strong>Metepec, Estado de M\u00e9xico<\/strong>.-\u00a0El maestro alfarero de Metepec, Juan Carlos Nonato D\u00edaz, trabaja ya en el monumental \u00c1rbol de la Vida que lucir\u00e1 en la embajada de M\u00e9xico, en Jap\u00f3n, el cual contempla elementos representativos de ambas culturas.<\/p>\n<p>La obra de arte ser\u00e1 la m\u00e1s grande que haya construido el artista del barro, pues medir\u00e1 alrededor de siete metros de altura y dos metros con 60 cent\u00edmetros de ancho, adem\u00e1s de tener un peso de 4 toneladas 600 kilogramos.<\/p>\n<p>\u201cEs un \u00e1rbol exclusivo que representar\u00e1 la hermandad de M\u00e9xico y Jap\u00f3n, las ramas combinan un ahuehuete de nuestro pa\u00eds y un cerezo de aquella naci\u00f3n, donde en su parte c\u00faspide habr\u00e1 un sol mitad azteca y mitad naciente, abrazado por dos manos, una de ra\u00edz mexicana y otra de ra\u00edz japonesa\u201d, detall\u00f3 Juan Carlos Nonato.<\/p>\n<p>Estar\u00e1 compuesto principalmente por flores de cerezo y alcatraces, sobresaldr\u00e1n elementos que tienen similitud entre las culturas, como un samurai, unos guerreros jaguar y \u00e1guila; el monte Fuji con el Iztacc\u00edhuatl y el Citlalt\u00e9petl; platillos como el mole y el sushi; geishas y mu\u00f1ecas de trapo; molcajetes e indumentaria, para un total de 5 mil 500 piezas que lo integran.<\/p>\n<p>Los colores buscan la esencia de las flores del cerezo, conservando los tonos rosas y beige para los alcatraces; los frutos ir\u00e1n de rojo; las hojas de tonos verde y habr\u00e1 mariposas monarca, puesto que son un s\u00edmbolo que representa a M\u00e9xico en todo el mundo.<\/p>\n<p>El principal reto, refiri\u00f3 Nonato, fue el dise\u00f1o, ya que ten\u00eda que buscar algo original y \u00fanico, porque la situaci\u00f3n lo amerita, al igual que el tama\u00f1o,\u00a0pues los que hab\u00eda elaborado en ocasiones pasadas eran de cinco metros.<\/p>\n<p>&nbsp;<\/p>\n","protected":false},"excerpt":{"rendered":"<p>El maestro alfarero de Metepec, Juan Carlos Nonato D\u00edaz, trabaja ya en el monumental \u00c1rbol de la Vida que lucir\u00e1 en la embajada de M\u00e9xico, en Jap\u00f3n, el cual contempla elementos representativos de ambas culturas.<\/p>\n","protected":false},"author":3,"featured_media":307618,"comment_status":"open","ping_status":"open","sticky":false,"template":"","format":"standard","meta":{"_monsterinsights_skip_tracking":false,"_monsterinsights_sitenote_active":false,"_monsterinsights_sitenote_note":"","_monsterinsights_sitenote_category":0,"footnotes":""},"categories":[35155],"tags":[52197,43675,876],"class_list":["post-307558","post","type-post","status-publish","format-standard","has-post-thumbnail","hentry","category-estado-de-mexico-estado-de-mexico","tag-arbol-de-la-vida","tag-estado-de-mexico","tag-metepec"],"_links":{"self":[{"href":"https:\/\/www.diarioimagen.net\/index.php?rest_route=\/wp\/v2\/posts\/307558","targetHints":{"allow":["GET"]}}],"collection":[{"href":"https:\/\/www.diarioimagen.net\/index.php?rest_route=\/wp\/v2\/posts"}],"about":[{"href":"https:\/\/www.diarioimagen.net\/index.php?rest_route=\/wp\/v2\/types\/post"}],"author":[{"embeddable":true,"href":"https:\/\/www.diarioimagen.net\/index.php?rest_route=\/wp\/v2\/users\/3"}],"replies":[{"embeddable":true,"href":"https:\/\/www.diarioimagen.net\/index.php?rest_route=%2Fwp%2Fv2%2Fcomments&post=307558"}],"version-history":[{"count":0,"href":"https:\/\/www.diarioimagen.net\/index.php?rest_route=\/wp\/v2\/posts\/307558\/revisions"}],"wp:featuredmedia":[{"embeddable":true,"href":"https:\/\/www.diarioimagen.net\/index.php?rest_route=\/wp\/v2\/media\/307618"}],"wp:attachment":[{"href":"https:\/\/www.diarioimagen.net\/index.php?rest_route=%2Fwp%2Fv2%2Fmedia&parent=307558"}],"wp:term":[{"taxonomy":"category","embeddable":true,"href":"https:\/\/www.diarioimagen.net\/index.php?rest_route=%2Fwp%2Fv2%2Fcategories&post=307558"},{"taxonomy":"post_tag","embeddable":true,"href":"https:\/\/www.diarioimagen.net\/index.php?rest_route=%2Fwp%2Fv2%2Ftags&post=307558"}],"curies":[{"name":"wp","href":"https:\/\/api.w.org\/{rel}","templated":true}]}}