{"id":307562,"date":"2017-01-17T00:01:46","date_gmt":"2017-01-17T06:01:46","guid":{"rendered":"http:\/\/www.diarioimagen.net\/?p=307562"},"modified":"2017-01-17T03:05:56","modified_gmt":"2017-01-17T09:05:56","slug":"agradece-aeromexico-el-compromiso-de-20-agencias-de-viaje-en-nuestro-pais-con-las-que-trabaja-de-la-mano","status":"publish","type":"post","link":"https:\/\/www.diarioimagen.net\/?p=307562","title":{"rendered":"Agradece Aerom\u00e9xico el compromiso de 20 agencias de viaje en nuestro pa\u00eds, con las que trabaja de la mano"},"content":{"rendered":"<h2>De cinco estrellas<\/h2>\n<h5>Victoria Gonz\u00e1lez Prado<\/h5>\n<p>&nbsp;<\/p>\n<ul>\n<li><strong>Boeing y <\/strong><strong>SpiceJet<\/strong><em><strong> anuncian un acuerdo para la compra de hasta 205 aviones<\/strong><\/em><\/li>\n<li><em><strong>Inicia la construcci\u00f3n del Wayam by Xixim, hotel amigable con el medio ambiente en M\u00e9rida<\/strong><\/em><\/li>\n<\/ul>\n<p>&nbsp;<\/p>\n<div id=\"attachment_307631\" style=\"width: 470px\" class=\"wp-caption aligncenter\"><a href=\"http:\/\/www.diarioimagen.net\/?attachment_id=307631\" rel=\"attachment wp-att-307631\"><img loading=\"lazy\" decoding=\"async\" aria-describedby=\"caption-attachment-307631\" class=\"size-large wp-image-307631\" src=\"http:\/\/www.diarioimagen.net\/wp-content\/uploads\/2017\/01\/turismo-3037-460x259.jpg\" alt=\"\" width=\"460\" height=\"259\" srcset=\"https:\/\/www.diarioimagen.net\/wp-content\/uploads\/2017\/01\/turismo-3037-460x259.jpg 460w, https:\/\/www.diarioimagen.net\/wp-content\/uploads\/2017\/01\/turismo-3037-240x135.jpg 240w, https:\/\/www.diarioimagen.net\/wp-content\/uploads\/2017\/01\/turismo-3037-235x132.jpg 235w, https:\/\/www.diarioimagen.net\/wp-content\/uploads\/2017\/01\/turismo-3037-202x114.jpg 202w, https:\/\/www.diarioimagen.net\/wp-content\/uploads\/2017\/01\/turismo-3037-350x196.jpg 350w, https:\/\/www.diarioimagen.net\/wp-content\/uploads\/2017\/01\/turismo-3037-220x123.jpg 220w, https:\/\/www.diarioimagen.net\/wp-content\/uploads\/2017\/01\/turismo-3037-237x132.jpg 237w, https:\/\/www.diarioimagen.net\/wp-content\/uploads\/2017\/01\/turismo-3037.jpg 480w\" sizes=\"auto, (max-width: 460px) 100vw, 460px\" \/><\/a><p id=\"caption-attachment-307631\" class=\"wp-caption-text\">Jorge Goytort\u00faa y Giancarlo Mullinelli, con una de las galardonadas.<\/p><\/div>\n<p>&nbsp;<\/p>\n<p>Como reconocimiento al trabajo y apoyo que recibi\u00f3 Aerom\u00e9xico, por parte de 20 agencias de viaje, la aerol\u00ednea organiz\u00f3 un viaje a Vancouver, en el que <strong>Jorge Goytort\u00faa<\/strong>, director corporativo de Ventas de la compa\u00f1\u00eda y <strong>Giancarlo Mullinelli<\/strong>, director de ventas M\u00e9xico, acompa\u00f1aron a los directivos de las agencias de viaje.<\/p>\n<p>En Vancouver se ofreci\u00f3 una cena en la que se premi\u00f3 la lealtad de los socios comerciales. El viaje fue organizado por la compa\u00f1\u00eda a\u00e9rea en conjunto con la Oficina de Turismo de Vancouver y Whislter.<\/p>\n<p>Durante cinco d\u00edas, los invitados disfrutaron del <em>Scandinave Spa<\/em> del Hotel, uno de los m\u00e1s exclusivos spas de Canad\u00e1; esquiaron en nieve desde el albergue <em>Whistler Blackcomb,<\/em> rankeado actualmente como el resort de esqu\u00ed n\u00famero uno de Norteam\u00e9rica y realizaron otras interesantes actividades en Vancouver como la visita al mirador de la Costa Oeste, el Acuario y el mercado.<\/p>\n<p>Durante la cena, Jorge Goytort\u00faa agradeci\u00f3 el gran compromiso y lealtad que siempre nos han mostrado las agencias de viaje e invit\u00f3 a sus directivos a continuar trabajando de la mano.<\/p>\n<p>\u2730\u2730\u2730\u2730\u2730 <em>Boeing<\/em> y <em>SpiceJet <\/em>han anunciaron, durante un evento celebrado en Nueva Delhi, un acuerdo para la compra de hasta 205 aviones.<\/p>\n<p>El acuerdo, alcanzado a finales de 2016, incluye 100 nuevos aviones <em>737 MAX<\/em> <em>8<\/em>, el pedido actual de <em>SpiceJet<\/em> de 42 aviones <em>737 MAX<\/em>, y 13 aviones adicionales de ese mismo modelo (que aparec\u00edan asignados a un cliente sin identificar en la p\u00e1gina <em>web<\/em> de Pedidos y Entregas de <em>Boeing),<\/em> y tambi\u00e9n derechos de compra de 50 aviones adicionales.<\/p>\n<p><strong>Ajay Singh<\/strong>, presidente y consejero delegado de <em>SpiceJet<\/em>, dijo, \u201cla familia de aviones <em>Boeing 737<\/em> constituye la columna vertebral de nuestra flota desde los comienzos de <em>SpiceJet<\/em>, por su alta fiabilidad, sus bajos costos operativos y su comodidad. Estamos seguros de que, con la nueva generaci\u00f3n de aviones 737 y el <em>737 MAX,<\/em> podremos ser m\u00e1s competitivos y mantener el crecimiento rentable\u201d.<\/p>\n<p><em>SpiceJet,<\/em> que opera \u00fanicamente aviones <em>Boeing<\/em>, realiz\u00f3 su primer pedido a la compa\u00f1\u00eda en 2005, que consisti\u00f3 en aviones 737 Nueva Generaci\u00f3n, de forma que actualmente opera 32 aviones <em>737 NG<\/em> en su flota.<\/p>\n<p><strong>Ray Conner<\/strong>, vicepresidente de <em>The Boeing Company<\/em>. Indic\u00f3, \u201ctras m\u00e1s de una d\u00e9cada es todo un honor para nosotros seguir colaborando con <em>SpiceJet,<\/em> que se ha comprometido a adquirir hasta 205 nuevos aviones\u201d, Las prestaciones del <em>737 MAX<\/em> permitir\u00e1n abordar nuevos mercados de manera rentable, al igual que ampliar sus rutas dentro y fuera de la India, y ofrecer a sus pasajeros una mayor comodidad en el vuelo\u201d.<\/p>\n<p>El <em>737 MAX<\/em> incorpora los motores de \u00faltima tecnolog\u00eda <em>LEAP-1B<\/em> de <em>CFM International, <\/em>puntas de ala de tecnolog\u00eda avanzada y otras mejoras para ofrecer la mayor eficiencia, fiabilidad y confort del pasaje en el mercado de aviones de pasillo \u00fanico.<\/p>\n<p>El nuevo modelo proporcionar\u00e1 una reducci\u00f3n del 20 por ciento en cuanto a consumo de combustible en relaci\u00f3n al primer 737 Nueva Generaci\u00f3n y los costos operativos m\u00e1s bajos de los aviones de su clase (un 8 por ciento menos por asiento comparado con su principal competidor).<\/p>\n<p>\u2730\u2730\u2730\u2730\u2730 Con la participaci\u00f3n del Consejo Directivo del\u00a0Hotel <em>Wayam by Xixim<\/em>, y en compa\u00f1\u00eda del gobernador de Yucat\u00e1n, <strong>Rolando Zapata Bello<\/strong>, se dio inici\u00f3 la construcci\u00f3n de lo que ser\u00e1 ese inmueble en la ciudad de M\u00e9rida, luego de que se coloc\u00f3 la primera piedra.<\/p>\n<p>En su oportunidad, <strong>Zapata Bello<\/strong>, asegur\u00f3 \u201cel nuevo hotel representa beneficios para el estado de Yucat\u00e1n y continuar\u00e1 incentivando la industria de la construcci\u00f3n y fortalecer\u00e1 la oferta que ofrece M\u00e9rida para todos sus visitantes\u201d.<\/p>\n<p>La nueva propuesta hotelera est\u00e1 pensada en las nuevas generaciones de viajeros de negocios que buscan bienestar, confort y tecnolog\u00eda de punta durante su estad\u00eda en un hotel amigable con el medio ambiente.<\/p>\n<p><strong>Verena Gerber<\/strong>, directora del inmueble, dijo \u201cestimamos que el hotel abra sus puertas en la recta final del 2017. Es un proyecto filial a Xixim, hotel ubicado en Celes\u00fan, Yucat\u00e1n.<\/p>\n<p>Asimismo <strong>Jaime Sol\u00eds<\/strong>, gerente general, inform\u00f3 que el hotel generar\u00e1 un aproximado de 40 plazas de empleo directo y que buscar\u00e1 abastecerse con productos de la regi\u00f3n.<\/p>\n<p><em>Wayam by Xixim<\/em> se ubicar\u00e1 en la Avenida Col\u00f3n muy cerca del nuevo Centro de Convenciones y a tan solo 15 minutos del centro de la ciudad. Contar\u00e1 con 30 habitaciones con terraza privada, de las cuales ocho ser\u00e1n master suites.<\/p>\n<p>Tendr\u00e1 dos salas de usos m\u00faltiples, restaurante con servicio completo, alberca con vista panor\u00e1mica y gimnasio. La propiedad tambi\u00e9n est\u00e1 pensada para viajeros de estancia prolongada ofreciendo 11 departamentos de dos rec\u00e1maras totalmente equipados.<\/p>\n<p>El proyecto, est\u00e1 a cargo de los prestigiosos despachos <strong>\u00c1lvaro Ponce<\/strong> Arquitectos, originario de M\u00e9rida, y LOL Arquitectura de Monterrey, que logran proyectar un concepto \u00fanico que mezcla el confort de un hotel urbano, pero con una atractiva personalidad, enfocada al turismo de negocios y placer. El inmueble se ubicar\u00e1 en lo que fuera el hogar de la familia <strong>Pasos Pe\u00f1a<\/strong> y que se conserva como patrimonio hist\u00f3rico.<\/p>\n<p>Desde su concepci\u00f3n se han cuidado los lineamientos necesarios para obtener la certificaci\u00f3n LEED (Liderazgo en Energ\u00eda y Dise\u00f1o Ambiental, por sus siglas en ingl\u00e9s), con el respeto y cuidado al medio ambiente. Todos los \u00e1rboles del recinto se conservar\u00e1n. El proyecto est\u00e1 planeado para que sea un hotel entre \u00e1rboles. La obra estar\u00e1 a cargo del ingeniero <strong>Jorge Preciat<\/strong>, de <em>Starck <\/em>Construcciones, empresa tambi\u00e9n meridense que generar\u00e1 un aproximado de 150 empleos directos.<\/p>\n<p><em><a href=\"mailto:victoriagprado@gmail.com\" target=\"_blank\">victoriagprado@gmail.com<\/a><\/em><br \/>\n<em> Twitter: <a href=\"https:\/\/twitter.com\/victoriagprado\" target=\"_blank\">@victoriagprado<\/a><\/em><\/p>\n","protected":false},"excerpt":{"rendered":"<p>Como reconocimiento al trabajo y apoyo que recibi\u00f3 Aerom\u00e9xico, por parte de 20 agencias de viaje, la aerol\u00ednea organiz\u00f3 un viaje a Vancouver, en el que <strong>Jorge Goytort\u00faa<\/strong>, director corporativo de Ventas de la compa\u00f1\u00eda y <strong>Giancarlo Mullinelli<\/strong>, director de ventas M\u00e9xico, acompa\u00f1aron a los directivos de las agencias de viaje.<\/p>\n","protected":false},"author":3,"featured_media":307631,"comment_status":"open","ping_status":"open","sticky":false,"template":"","format":"standard","meta":{"_monsterinsights_skip_tracking":false,"_monsterinsights_sitenote_active":false,"_monsterinsights_sitenote_note":"","_monsterinsights_sitenote_category":0,"footnotes":""},"categories":[11],"tags":[107,43681,106],"class_list":["post-307562","post","type-post","status-publish","format-standard","has-post-thumbnail","hentry","category-turismo","tag-de-cinco-estrellas","tag-turismo","tag-victoria-gonzalez-prado"],"_links":{"self":[{"href":"https:\/\/www.diarioimagen.net\/index.php?rest_route=\/wp\/v2\/posts\/307562","targetHints":{"allow":["GET"]}}],"collection":[{"href":"https:\/\/www.diarioimagen.net\/index.php?rest_route=\/wp\/v2\/posts"}],"about":[{"href":"https:\/\/www.diarioimagen.net\/index.php?rest_route=\/wp\/v2\/types\/post"}],"author":[{"embeddable":true,"href":"https:\/\/www.diarioimagen.net\/index.php?rest_route=\/wp\/v2\/users\/3"}],"replies":[{"embeddable":true,"href":"https:\/\/www.diarioimagen.net\/index.php?rest_route=%2Fwp%2Fv2%2Fcomments&post=307562"}],"version-history":[{"count":0,"href":"https:\/\/www.diarioimagen.net\/index.php?rest_route=\/wp\/v2\/posts\/307562\/revisions"}],"wp:featuredmedia":[{"embeddable":true,"href":"https:\/\/www.diarioimagen.net\/index.php?rest_route=\/wp\/v2\/media\/307631"}],"wp:attachment":[{"href":"https:\/\/www.diarioimagen.net\/index.php?rest_route=%2Fwp%2Fv2%2Fmedia&parent=307562"}],"wp:term":[{"taxonomy":"category","embeddable":true,"href":"https:\/\/www.diarioimagen.net\/index.php?rest_route=%2Fwp%2Fv2%2Fcategories&post=307562"},{"taxonomy":"post_tag","embeddable":true,"href":"https:\/\/www.diarioimagen.net\/index.php?rest_route=%2Fwp%2Fv2%2Ftags&post=307562"}],"curies":[{"name":"wp","href":"https:\/\/api.w.org\/{rel}","templated":true}]}}