{"id":307565,"date":"2017-01-17T00:10:40","date_gmt":"2017-01-17T06:10:40","guid":{"rendered":"http:\/\/www.diarioimagen.net\/?p=307565"},"modified":"2017-01-17T03:17:50","modified_gmt":"2017-01-17T09:17:50","slug":"scjn-batea-amparos-contra-el-gasolinazo","status":"publish","type":"post","link":"https:\/\/www.diarioimagen.net\/?p=307565","title":{"rendered":"SCJN batea amparos contra el \u201cgasolinazo\u201d"},"content":{"rendered":"<ul>\n<li><strong><em>Los remiten a juzgados administrativos<\/em><\/strong><\/li>\n<\/ul>\n<p>&nbsp;<\/p>\n<div id=\"attachment_307653\" style=\"width: 470px\" class=\"wp-caption aligncenter\"><a href=\"http:\/\/www.diarioimagen.net\/?attachment_id=307653\" rel=\"attachment wp-att-307653\"><img loading=\"lazy\" decoding=\"async\" aria-describedby=\"caption-attachment-307653\" class=\"size-large wp-image-307653\" src=\"http:\/\/www.diarioimagen.net\/wp-content\/uploads\/2017\/01\/AMPAROS3037-460x259.jpg\" alt=\"\" width=\"460\" height=\"259\" srcset=\"https:\/\/www.diarioimagen.net\/wp-content\/uploads\/2017\/01\/AMPAROS3037-460x259.jpg 460w, https:\/\/www.diarioimagen.net\/wp-content\/uploads\/2017\/01\/AMPAROS3037-240x135.jpg 240w, https:\/\/www.diarioimagen.net\/wp-content\/uploads\/2017\/01\/AMPAROS3037-235x132.jpg 235w, https:\/\/www.diarioimagen.net\/wp-content\/uploads\/2017\/01\/AMPAROS3037-202x114.jpg 202w, https:\/\/www.diarioimagen.net\/wp-content\/uploads\/2017\/01\/AMPAROS3037-350x196.jpg 350w, https:\/\/www.diarioimagen.net\/wp-content\/uploads\/2017\/01\/AMPAROS3037-220x123.jpg 220w, https:\/\/www.diarioimagen.net\/wp-content\/uploads\/2017\/01\/AMPAROS3037-237x132.jpg 237w, https:\/\/www.diarioimagen.net\/wp-content\/uploads\/2017\/01\/AMPAROS3037.jpg 480w\" sizes=\"auto, (max-width: 460px) 100vw, 460px\" \/><\/a><p id=\"caption-attachment-307653\" class=\"wp-caption-text\">La Suprema Corte de Justicia dej\u00f3 claro que legalmente no es competente para conocer estos asuntos.<\/p><\/div>\n<p>&nbsp;<\/p>\n<p>La Suprema Corte de Justicia de la Naci\u00f3n (SCJN) emiti\u00f3 un acuerdo para que todas las demandas de amparo que se interpongan ante el Alto Tribunal contra el \u201cgasolinazo\u201d sean remitidas a juzgados en materia administrativa para su desahogo.<\/p>\n<p>El m\u00e1ximo tribunal de justicia del pa\u00eds dej\u00f3 claro que legalmente no es competente para conocer estos asuntos, ya que deben ser dirimidos en una primera instancia, en los citados juzgados.<\/p>\n<p>Algunas de las peticiones presentadas de manera directa ante la Corte corresponden a solicitudes de amparo colectivas interpuestas por los demandantes \u00c1ngel Espinosa Rinc\u00f3n; Roberto Villase\u00f1or Aceves; Roberto Silva Holanda; Alfredo P\u00e9rez; Carmen Garc\u00eda, Mar\u00eda Lydua Guadalupe Vela Chichino y Rom\u00e1n D\u00edaz V\u00e1zquez, entre otros.<\/p>\n<p>La Corte orden\u00f3 remitir los originales de las demandas de amparo a la Oficina de Correspondencia Com\u00fan de los Juzgados de Distrito en Materia Administrativa en la Ciudad de M\u00e9xico, para que resuelvan conforme a derecho.<\/p>\n<p>\u00abEn virtud de que este Alto Tribunal resulta incompetente para conocer de las demandas de amparo citadas en la cuenta, resulta innecesario mantener bajo resguardo de este Alto Tribunal los escritos de demanda y sus anexos en el expediente en que se act\u00faa\u00bb, indica el acuerdo.<\/p>\n<p style=\"text-align: center;\"><strong>Pone CDMX amparo por tarifas de gasolina<\/strong><\/p>\n<p>El consejero Jur\u00eddico de la Ciudad, Manuel Granados, interpuso un amparo en contra de la tarifa diferenciada de la gasolina.<\/p>\n<p>El formato de este recurso legal ser\u00e1 publicado en la p\u00e1gina de la Consejer\u00eda para que cualquier ciudadano pueda utilizarlo si desea ampararse contra el cobro diferenciado del combustible.<\/p>\n<p>Acompa\u00f1ado del abogado constitucionalista Ra\u00fal Carranc\u00e1 y Rivas, as\u00ed como otros acad\u00e9micos y activistas sociales, el funcionario arrib\u00f3 al Juzgado de Distrito en Materia Administrativa.<\/p>\n<p>El consejero se\u00f1al\u00f3 que la estrategia jur\u00eddica ir\u00e1 en dos vertientes.<\/p>\n<p>\u00abPrimero, se\u00f1alar la falta de motivaci\u00f3n y fundamentaci\u00f3n de los acuerdos por lo que se ha generado esta flexibilizaci\u00f3n de los precios, violentando los principios de igualdad, pero tambi\u00e9n haciendo alusi\u00f3n a la falta de proporcionalidad e igualdad\u00bb.<\/p>\n<p>\u00abSe ha establecido tambi\u00e9n el esquema de impugnar la constitucionalidad del art\u00edculo 27 de la Ley de los \u00d3rganos Coordinadores de Energ\u00eda por el que se establece que no se otorgar\u00e1 suspensi\u00f3n en el juicio de amparo trat\u00e1ndose de la materia energ\u00e9tica\u00bb.<\/p>\n<p>&nbsp;<\/p>\n","protected":false},"excerpt":{"rendered":"<p>La Suprema Corte de Justicia de la Naci\u00f3n (SCJN) emiti\u00f3 un acuerdo para que todas las demandas de amparo que se interpongan ante el Alto Tribunal contra el \u201cgasolinazo\u201d sean remitidas a juzgados en materia administrativa para su desahogo. El m\u00e1ximo tribunal de justicia del pa\u00eds dej\u00f3 claro que legalmente no es competente para conocer estos asuntos, ya que deben ser dirimidos en una primera instancia, en los citados juzgados.<\/p>\n","protected":false},"author":3,"featured_media":307653,"comment_status":"open","ping_status":"open","sticky":false,"template":"","format":"standard","meta":{"_monsterinsights_skip_tracking":false,"_monsterinsights_sitenote_active":false,"_monsterinsights_sitenote_note":"","_monsterinsights_sitenote_category":0,"footnotes":""},"categories":[3],"tags":[5331,43678,9711,43673,292,1584],"class_list":["post-307565","post","type-post","status-publish","format-standard","has-post-thumbnail","hentry","category-nacional","tag-amparo","tag-finanzas","tag-gasolinazo","tag-nacional","tag-pemex","tag-suprema-corte-de-justicia-de-la-nacion"],"_links":{"self":[{"href":"https:\/\/www.diarioimagen.net\/index.php?rest_route=\/wp\/v2\/posts\/307565","targetHints":{"allow":["GET"]}}],"collection":[{"href":"https:\/\/www.diarioimagen.net\/index.php?rest_route=\/wp\/v2\/posts"}],"about":[{"href":"https:\/\/www.diarioimagen.net\/index.php?rest_route=\/wp\/v2\/types\/post"}],"author":[{"embeddable":true,"href":"https:\/\/www.diarioimagen.net\/index.php?rest_route=\/wp\/v2\/users\/3"}],"replies":[{"embeddable":true,"href":"https:\/\/www.diarioimagen.net\/index.php?rest_route=%2Fwp%2Fv2%2Fcomments&post=307565"}],"version-history":[{"count":0,"href":"https:\/\/www.diarioimagen.net\/index.php?rest_route=\/wp\/v2\/posts\/307565\/revisions"}],"wp:featuredmedia":[{"embeddable":true,"href":"https:\/\/www.diarioimagen.net\/index.php?rest_route=\/wp\/v2\/media\/307653"}],"wp:attachment":[{"href":"https:\/\/www.diarioimagen.net\/index.php?rest_route=%2Fwp%2Fv2%2Fmedia&parent=307565"}],"wp:term":[{"taxonomy":"category","embeddable":true,"href":"https:\/\/www.diarioimagen.net\/index.php?rest_route=%2Fwp%2Fv2%2Fcategories&post=307565"},{"taxonomy":"post_tag","embeddable":true,"href":"https:\/\/www.diarioimagen.net\/index.php?rest_route=%2Fwp%2Fv2%2Ftags&post=307565"}],"curies":[{"name":"wp","href":"https:\/\/api.w.org\/{rel}","templated":true}]}}