{"id":307779,"date":"2017-01-18T00:08:02","date_gmt":"2017-01-18T06:08:02","guid":{"rendered":"http:\/\/www.diarioimagen.net\/?p=307779"},"modified":"2017-01-18T02:51:49","modified_gmt":"2017-01-18T08:51:49","slug":"el-pri-lanza-convocatoria-para-candidato-en-edomex","status":"publish","type":"post","link":"https:\/\/www.diarioimagen.net\/?p=307779","title":{"rendered":"El PRI lanza convocatoria para candidato en Edomex"},"content":{"rendered":"<ul>\n<li><strong><em>Gobernador<\/em><\/strong><\/li>\n<\/ul>\n<p>&nbsp;<\/p>\n<p><a href=\"http:\/\/www.diarioimagen.net\/?attachment_id=307872\" rel=\"attachment wp-att-307872\"><img loading=\"lazy\" decoding=\"async\" class=\"aligncenter size-large wp-image-307872\" src=\"http:\/\/www.diarioimagen.net\/wp-content\/uploads\/2017\/01\/cen-pri-3038-460x259.jpg\" alt=\"\" width=\"460\" height=\"259\" srcset=\"https:\/\/www.diarioimagen.net\/wp-content\/uploads\/2017\/01\/cen-pri-3038-460x259.jpg 460w, https:\/\/www.diarioimagen.net\/wp-content\/uploads\/2017\/01\/cen-pri-3038-240x135.jpg 240w, https:\/\/www.diarioimagen.net\/wp-content\/uploads\/2017\/01\/cen-pri-3038-235x132.jpg 235w, https:\/\/www.diarioimagen.net\/wp-content\/uploads\/2017\/01\/cen-pri-3038-202x114.jpg 202w, https:\/\/www.diarioimagen.net\/wp-content\/uploads\/2017\/01\/cen-pri-3038-350x196.jpg 350w, https:\/\/www.diarioimagen.net\/wp-content\/uploads\/2017\/01\/cen-pri-3038-220x123.jpg 220w, https:\/\/www.diarioimagen.net\/wp-content\/uploads\/2017\/01\/cen-pri-3038-237x132.jpg 237w, https:\/\/www.diarioimagen.net\/wp-content\/uploads\/2017\/01\/cen-pri-3038.jpg 480w\" sizes=\"auto, (max-width: 460px) 100vw, 460px\" \/><\/a><\/p>\n<p>&nbsp;<\/p>\n<p>La dirigencia nacional del PRI emiti\u00f3 la convocatoria para la selecci\u00f3n del candidato a la gubernatura del Estado de M\u00e9xico para el periodo constitucional 2017-2023, bajo el m\u00e9todo de Convenci\u00f3n de Delegados.<\/p>\n<p>Dicha convocatoria prev\u00e9 la posibilidad del registro de un solo aspirante del Partido Revolucionario Institucional (PRI) y la aplicaci\u00f3n de ex\u00e1menes conocimientos y habilidades a sus abanderados.<\/p>\n<p>Los aspirantes a la candidatura deber\u00e1n cumplir los requisitos que establecen la Constituci\u00f3n mexicana y los estatutos del partido para registrarse el 27 de enero ante la Comisi\u00f3n estatal de Procesos Internos del PRI mexiquense de 10:00 a 14 :00 horas.<\/p>\n<p>La convocatoria establece medidas para blindar al partido, sus aspirantes, precandidatos y candidatos contra la delincuencia organizada y el uso de recursos de procedencia il\u00edcita.<\/p>\n<p>La Comisi\u00f3n Estatal emitir\u00e1 un predictamen a m\u00e1s tardar 24 horas despu\u00e9s de cerrado el registro y quienes obtengan el acuerdo procedente de revisi\u00f3n de requisitos podr\u00e1n participar en el desarrollo de la etapa previa que consiste en la aplicaci\u00f3n de los ex\u00e1menes que medir\u00e1n el nivel satisfactorio de conocimiento, habilidades y actitudes para desempe\u00f1ar el cargo de gobernador.<\/p>\n<p>La aplicaci\u00f3n de los ex\u00e1menes de fase previa se desarrollar\u00e1n en la sede del Comit\u00e9 Ejecutivo Nacional (CEN) el 3 de febrero de 10:00 a 12:00 horas y una vez recibidos los resultados emitidos por el Instituto de Capacitaci\u00f3n y Desarrollo Pol\u00edtico, la Comisi\u00f3n Estatal emitir\u00e1 a m\u00e1s tardar el 4 de febrero la constancias de quienes hayan obtenido calificaci\u00f3n aprobatoria.<\/p>\n<p>De esta forma, los aspirantes que acrediten el examen podr\u00e1n registrarse como precandidatos el 5 de febrero ante la Comisi\u00f3n Estatal y quien haya obtenido el predictamen procedente en su condici\u00f3n de aspirante \u00fanico tambi\u00e9n.<\/p>\n","protected":false},"excerpt":{"rendered":"<p>La dirigencia nacional del PRI emiti\u00f3 la convocatoria para la selecci\u00f3n del candidato a la gubernatura del Estado de M\u00e9xico para el periodo constitucional 2017-2023, bajo el m\u00e9todo de Convenci\u00f3n de Delegados.<\/p>\n","protected":false},"author":3,"featured_media":307872,"comment_status":"open","ping_status":"open","sticky":false,"template":"","format":"standard","meta":{"_monsterinsights_skip_tracking":false,"_monsterinsights_sitenote_active":false,"_monsterinsights_sitenote_note":"","_monsterinsights_sitenote_category":0,"footnotes":""},"categories":[35155],"tags":[51106,43675,6610,983,362],"class_list":["post-307779","post","type-post","status-publish","format-standard","has-post-thumbnail","hentry","category-estado-de-mexico-estado-de-mexico","tag-convocatoria","tag-estado-de-mexico","tag-gobernador","tag-partido-revolucionario-institucional","tag-pri"],"_links":{"self":[{"href":"https:\/\/www.diarioimagen.net\/index.php?rest_route=\/wp\/v2\/posts\/307779","targetHints":{"allow":["GET"]}}],"collection":[{"href":"https:\/\/www.diarioimagen.net\/index.php?rest_route=\/wp\/v2\/posts"}],"about":[{"href":"https:\/\/www.diarioimagen.net\/index.php?rest_route=\/wp\/v2\/types\/post"}],"author":[{"embeddable":true,"href":"https:\/\/www.diarioimagen.net\/index.php?rest_route=\/wp\/v2\/users\/3"}],"replies":[{"embeddable":true,"href":"https:\/\/www.diarioimagen.net\/index.php?rest_route=%2Fwp%2Fv2%2Fcomments&post=307779"}],"version-history":[{"count":0,"href":"https:\/\/www.diarioimagen.net\/index.php?rest_route=\/wp\/v2\/posts\/307779\/revisions"}],"wp:featuredmedia":[{"embeddable":true,"href":"https:\/\/www.diarioimagen.net\/index.php?rest_route=\/wp\/v2\/media\/307872"}],"wp:attachment":[{"href":"https:\/\/www.diarioimagen.net\/index.php?rest_route=%2Fwp%2Fv2%2Fmedia&parent=307779"}],"wp:term":[{"taxonomy":"category","embeddable":true,"href":"https:\/\/www.diarioimagen.net\/index.php?rest_route=%2Fwp%2Fv2%2Fcategories&post=307779"},{"taxonomy":"post_tag","embeddable":true,"href":"https:\/\/www.diarioimagen.net\/index.php?rest_route=%2Fwp%2Fv2%2Ftags&post=307779"}],"curies":[{"name":"wp","href":"https:\/\/api.w.org\/{rel}","templated":true}]}}