{"id":307816,"date":"2017-01-18T00:01:11","date_gmt":"2017-01-18T06:01:11","guid":{"rendered":"http:\/\/www.diarioimagen.net\/?p=307816"},"modified":"2017-01-18T03:11:50","modified_gmt":"2017-01-18T09:11:50","slug":"destinara-gobierno-de-atizapan-mas-apoyos-para-obra-educativa","status":"publish","type":"post","link":"https:\/\/www.diarioimagen.net\/?p=307816","title":{"rendered":"Destinar\u00e1 gobierno de Atizap\u00e1n m\u00e1s apoyos para obra educativa"},"content":{"rendered":"<ul>\n<li><strong><em>Para mejorar calidad de ense\u00f1anza<\/em><\/strong><\/li>\n<\/ul>\n<p>&nbsp;<\/p>\n<div id=\"attachment_307902\" style=\"width: 470px\" class=\"wp-caption aligncenter\"><a href=\"http:\/\/www.diarioimagen.net\/?attachment_id=307902\" rel=\"attachment wp-att-307902\"><img loading=\"lazy\" decoding=\"async\" aria-describedby=\"caption-attachment-307902\" class=\"size-large wp-image-307902\" src=\"http:\/\/www.diarioimagen.net\/wp-content\/uploads\/2017\/01\/ATIZAPAN-3038-460x259.jpg\" alt=\"\" width=\"460\" height=\"259\" srcset=\"https:\/\/www.diarioimagen.net\/wp-content\/uploads\/2017\/01\/ATIZAPAN-3038-460x259.jpg 460w, https:\/\/www.diarioimagen.net\/wp-content\/uploads\/2017\/01\/ATIZAPAN-3038-240x135.jpg 240w, https:\/\/www.diarioimagen.net\/wp-content\/uploads\/2017\/01\/ATIZAPAN-3038-235x132.jpg 235w, https:\/\/www.diarioimagen.net\/wp-content\/uploads\/2017\/01\/ATIZAPAN-3038-202x114.jpg 202w, https:\/\/www.diarioimagen.net\/wp-content\/uploads\/2017\/01\/ATIZAPAN-3038-350x196.jpg 350w, https:\/\/www.diarioimagen.net\/wp-content\/uploads\/2017\/01\/ATIZAPAN-3038-220x123.jpg 220w, https:\/\/www.diarioimagen.net\/wp-content\/uploads\/2017\/01\/ATIZAPAN-3038-237x132.jpg 237w, https:\/\/www.diarioimagen.net\/wp-content\/uploads\/2017\/01\/ATIZAPAN-3038.jpg 480w\" sizes=\"auto, (max-width: 460px) 100vw, 460px\" \/><\/a><p id=\"caption-attachment-307902\" class=\"wp-caption-text\">La presidenta municipal, Ana Mar\u00eda Balderas Trejo, inaugur\u00f3 la construcci\u00f3n de techumbre en la escuela primaria Ra\u00fal Noriega Ondovilla.<\/p><\/div>\n<p>&nbsp;<\/p>\n<p><strong>Atizap\u00e1n, Estado de M\u00e9xico<\/strong>.- Con el objetivo de mejorar la calidad educativa de los ni\u00f1os y j\u00f3venes de las escuelas del municipio, la presidenta Ana Mar\u00eda Balderas Trejo, inaugur\u00f3 la construcci\u00f3n de techumbre un costo de casi medio mill\u00f3n de pesos en la escuela primaria Ra\u00fal Noriega Ondovilla, la cual beneficiar\u00e1 a m\u00e1s de 300 alumnos.<\/p>\n<p>En un acto en el que se busca promover la\u00a0preservaci\u00f3n de los valores, el respeto y el cari\u00f1o a nuestros s\u00edmbolos patrios, se realiz\u00f3 en dicha instituci\u00f3n educativa la primera ceremonia del Lunes C\u00edvico de este a\u00f1o, en la que participaron autoridades municipales, \u00a0autoridades escolares locales y estatales, adem\u00e1s de alumnos y padres de familia.<\/p>\n<p>En su mensaje, Balderas Trejo dijo que este a\u00f1o su gobierno destinar\u00e1 importantes apoyos a las instancias educativas, pues destac\u00f3 que la educaci\u00f3n es el principal reto que se debe impulsar en estos tiempos, adem\u00e1s de realizarse un cambio en el modelo educativo que est\u00e9 m\u00e1s acorde con las exigencias y necesidades sociales.<\/p>\n<p>La mandataria local detall\u00f3 que \u201cHoy la realidad nos exige ser mejores personas para que en un futuro tengamos mejores ciudadanos.\u00a0 Este cambio es posible y est\u00e1 en nuestras manos, por ello, en el gobierno de Atizap\u00e1n estamos preocupados por fortalecer los lazos entre sociedad y gobierno, sin distingo de edad, condici\u00f3n social o cultura, porque sabemos que todos los ciudadanos atizapenses\u00a0 merecen\u00a0 un trato de igualdad\u201d.<\/p>\n<p>Por su parte, Jaime Arturo Ram\u00edrez Cabello, director de Infraestructura y Obra P\u00fablica, declar\u00f3 que aunque este a\u00f1o se cuenta con un presupuesto menor al del ciclo pasado, ser\u00e1 destinado el 40 por ciento en hacer obras para escuelas, mientras que el otro 60 por ciento se utilizar\u00e1 para dar mantenimiento y reconstrucci\u00f3n a vialidades.<\/p>\n","protected":false},"excerpt":{"rendered":"<p>Con el objetivo de mejorar la calidad educativa de los ni\u00f1os y j\u00f3venes de las escuelas del municipio, la presidenta Ana Mar\u00eda Balderas Trejo, inaugur\u00f3 la construcci\u00f3n de techumbre un costo de casi medio mill\u00f3n de pesos en la escuela primaria Ra\u00fal Noriega Ondovilla, la cual beneficiar\u00e1 a m\u00e1s de 300 alumnos.   <\/p>\n","protected":false},"author":3,"featured_media":307902,"comment_status":"open","ping_status":"open","sticky":false,"template":"","format":"standard","meta":{"_monsterinsights_skip_tracking":false,"_monsterinsights_sitenote_active":false,"_monsterinsights_sitenote_note":"","_monsterinsights_sitenote_category":0,"footnotes":""},"categories":[35155],"tags":[969,43675],"class_list":["post-307816","post","type-post","status-publish","format-standard","has-post-thumbnail","hentry","category-estado-de-mexico-estado-de-mexico","tag-atizapan","tag-estado-de-mexico"],"_links":{"self":[{"href":"https:\/\/www.diarioimagen.net\/index.php?rest_route=\/wp\/v2\/posts\/307816","targetHints":{"allow":["GET"]}}],"collection":[{"href":"https:\/\/www.diarioimagen.net\/index.php?rest_route=\/wp\/v2\/posts"}],"about":[{"href":"https:\/\/www.diarioimagen.net\/index.php?rest_route=\/wp\/v2\/types\/post"}],"author":[{"embeddable":true,"href":"https:\/\/www.diarioimagen.net\/index.php?rest_route=\/wp\/v2\/users\/3"}],"replies":[{"embeddable":true,"href":"https:\/\/www.diarioimagen.net\/index.php?rest_route=%2Fwp%2Fv2%2Fcomments&post=307816"}],"version-history":[{"count":0,"href":"https:\/\/www.diarioimagen.net\/index.php?rest_route=\/wp\/v2\/posts\/307816\/revisions"}],"wp:featuredmedia":[{"embeddable":true,"href":"https:\/\/www.diarioimagen.net\/index.php?rest_route=\/wp\/v2\/media\/307902"}],"wp:attachment":[{"href":"https:\/\/www.diarioimagen.net\/index.php?rest_route=%2Fwp%2Fv2%2Fmedia&parent=307816"}],"wp:term":[{"taxonomy":"category","embeddable":true,"href":"https:\/\/www.diarioimagen.net\/index.php?rest_route=%2Fwp%2Fv2%2Fcategories&post=307816"},{"taxonomy":"post_tag","embeddable":true,"href":"https:\/\/www.diarioimagen.net\/index.php?rest_route=%2Fwp%2Fv2%2Ftags&post=307816"}],"curies":[{"name":"wp","href":"https:\/\/api.w.org\/{rel}","templated":true}]}}